{"id":66252,"date":"2025-10-02T10:00:08","date_gmt":"2025-10-02T13:00:08","guid":{"rendered":"https:\/\/portalnewsgta.com.br\/?p=66252"},"modified":"2025-10-02T10:00:08","modified_gmt":"2025-10-02T13:00:08","slug":"mato-grosso-registra-menor-numero-de-focos-de-calor-desde-1998-segundo-inpe","status":"publish","type":"post","link":"https:\/\/portalnewsgta.com.br\/index.php\/2025\/10\/02\/mato-grosso-registra-menor-numero-de-focos-de-calor-desde-1998-segundo-inpe\/","title":{"rendered":"Mato Grosso registra menor n\u00famero de focos de calor desde 1998, segundo Inpe"},"content":{"rendered":"<h5>A m\u00e9dia hist\u00f3rica \u00e9 de 3.692 focos; redu\u00e7\u00e3o \u00e9 resultado das a\u00e7\u00f5es de preven\u00e7\u00e3o e combate aos inc\u00eandios florestais<\/h5>\n<div>SD Karine Miranda\u00a0|\u00a0CBMMT<\/div>\n<div><\/div>\n<div>\n<p>Mato Grosso encerrou o m\u00eas de setembro com o menor n\u00famero de focos de calor j\u00e1 registrado desde o in\u00edcio da s\u00e9rie hist\u00f3rica do Instituto Nacional de Pesquisas Espaciais (Inpe\/BD Queimadas), iniciada em 1998. Foram contabilizados 2.294 focos no per\u00edodo, superando o recorde anterior de 3.692 ocorr\u00eancias registrado em 2009, valor que tamb\u00e9m corresponde \u00e0 m\u00e9dia hist\u00f3rica para o m\u00eas.\u00a0<em>Veja os registros de 1998 a 2025 ao final da mat\u00e9ria<\/em>.<\/p>\n<p>Apesar da redu\u00e7\u00e3o, o Corpo de Bombeiros Militar de Mato Grosso (CBMMT) segue em estado de alerta para o risco de inc\u00eandios florestais e refor\u00e7a a import\u00e2ncia da conscientiza\u00e7\u00e3o da popula\u00e7\u00e3o, especialmente diante da previs\u00e3o de chuvas abaixo da m\u00e9dia para o m\u00eas de outubro.<\/p>\n<p>Para o comandante-geral do CBMMT, coronel BM Fl\u00e1vio Gl\u00eadson Vieira Bezerra, os n\u00fameros confirmam a tend\u00eancia de redu\u00e7\u00e3o observada, resultado direto do refor\u00e7o nas a\u00e7\u00f5es de preven\u00e7\u00e3o, fiscaliza\u00e7\u00e3o e resposta r\u00e1pida aos inc\u00eandios florestais, aliada a condi\u00e7\u00f5es clim\u00e1ticas mais favor\u00e1veis, com chuvas recentes.<\/p>\n<p>No m\u00eas de setembro de 2025, al\u00e9m de registrar o menor n\u00famero de focos de calor da s\u00e9rie hist\u00f3rica do Inpe, Mato Grosso apresentou uma redu\u00e7\u00e3o de 88% em compara\u00e7\u00e3o com o mesmo m\u00eas de 2024, quando foram registrados 19.964 focos.\u00a0No acumulado do ano, entre janeiro e setembro deste ano, o Estado contabilizou 9.171 focos de calor enquanto no mesmo per\u00edodo do ano anterior, foram registradas 45.326 ocorr\u00eancias, o que representa uma redu\u00e7\u00e3o de 80%. Ou seja, quase cinco vezes menos focos.<\/p>\n<p>\u201cO m\u00eas de setembro \u00e9 tradicionalmente marcado por estiagem intensa, que aumenta o risco de inc\u00eandios florestais. Mesmo assim, os dados indicam redu\u00e7\u00e3o nos focos de calor. Reflexo do compromisso cont\u00ednuo do Estado com a preserva\u00e7\u00e3o ambiental e o enfrentamento aos inc\u00eandios florestais. Essa redu\u00e7\u00e3o hist\u00f3rica nos focos de calor \u00e9 um sinal claro de que estamos no caminho certo\u201d, afirmou o coronel Gl\u00eadson.<\/p>\n<p><strong>Investimentos estrat\u00e9gicos<\/strong><\/p>\n<p>Para o combate aos inc\u00eandios florestais neste ano, o Governo do Estado est\u00e1 realizando investimentos robustos, destinando R$ 78 milh\u00f5es diretamente \u00e0s a\u00e7\u00f5es do Corpo de Bombeiros Militar, com foco no fortalecimento da estrutura, da log\u00edstica e da capacidade operacional, conforme destaca o coronel BM Heitor Fernandes da Luz, Diretor Operacional do CBMMT.<\/p>\n<p>Entre as a\u00e7\u00f5es implementadas, destacam-se as opera\u00e7\u00f5es Infravermelho e Abafa Amaz\u00f4nia, de combate ao uso irregular do fogo, que v\u00eam permitindo a identifica\u00e7\u00e3o e responsabiliza\u00e7\u00e3o de infratores, al\u00e9m da redu\u00e7\u00e3o dos danos ambientais.\u00a0Al\u00e9m disso, o CBMMT conta atualmente com 1.420 bombeiros militares, al\u00e9m de brigadistas estaduais e municipais, viaturas especializadas e uma frota a\u00e9rea com at\u00e9 oito aeronaves dispon\u00edveis para a\u00e7\u00f5es de combate em todo o territ\u00f3rio mato-grossense.<\/p>\n<p>A resposta operacional \u00e9 refor\u00e7ada ainda pelo Sistema Integrado de Cadastro de Recursos para Apoio aos Inc\u00eandios Florestais (SICRAIF), que permite a mobiliza\u00e7\u00e3o r\u00e1pida de mais de oito mil recursos cadastrados, incluindo pessoas, equipamentos e propriedades de apoio log\u00edstico.<\/p>\n<p>\u201cA miss\u00e3o ainda n\u00e3o terminou. Seguimos em per\u00edodo cr\u00edtico e \u00e9 fundamental que cada militar permane\u00e7a imbu\u00eddo do mesmo compromisso e determina\u00e7\u00e3o, para que possamos encerrar esta temporada com resultados vitoriosos e ainda mais expressivos\u201d, refor\u00e7ou o coronel\u00a0 Heitor.<\/p>\n<p>Ele destacou ainda a necessidade de que a popula\u00e7\u00e3o colabore, denunciando pr\u00e1ticas irregulares e respeitando as restri\u00e7\u00f5es impostas durante o per\u00edodo proibitivo. Em caso de qualquer ind\u00edcio de inc\u00eandio florestal, a orienta\u00e7\u00e3o \u00e9 que a den\u00fancia seja feita imediatamente pelos n\u00fameros 193 (Corpo de Bombeiros) ou 190 (Pol\u00edcia Militar).<\/p>\n<p>Em Mato Grosso, desde o 1\u00ba de junho at\u00e9 31 de dezembro est\u00e1 proibido o uso do fogo no Pantanal. Nas regi\u00f5es da Amaz\u00f4nia e do Cerrado, o per\u00edodo proibitivo teve in\u00edcio em 1\u00ba de julho e vai at\u00e9 30 de novembro. J\u00e1 nas \u00e1reas urbanas, o uso do fogo \u00e9 proibido durante todo o ano.<\/p>\n<p><strong>Confira a tabela:<\/strong><\/p>\n<picture data-fileentryid=\"74900859\"><source srcset=\"\/o\/adaptive-media\/image\/74900859\/Thumbnail-1024x1024\/Dados_Inpe.jpeg?t=1759357122340\" media=\"(max-width:500px)\" \/><img loading=\"lazy\" decoding=\"async\" src=\"https:\/\/www.secom.mt.gov.br\/documents\/d\/bombeiros\/dados_inpe-jpeg?imageThumbnail=3\" alt=\"\" width=\"200\" height=\"181\" \/><\/picture>\n<p>&nbsp;<\/p>\n<\/div>\n","protected":false},"excerpt":{"rendered":"<p>A m\u00e9dia hist\u00f3rica \u00e9 de 3.692 focos; redu\u00e7\u00e3o \u00e9 resultado das a\u00e7\u00f5es de preven\u00e7\u00e3o e<\/p>\n","protected":false},"author":2,"featured_media":66253,"comment_status":"open","ping_status":"open","sticky":false,"template":"","format":"standard","meta":{"footnotes":""},"categories":[7,13],"tags":[],"aioseo_notices":[],"_links":{"self":[{"href":"https:\/\/portalnewsgta.com.br\/index.php\/wp-json\/wp\/v2\/posts\/66252"}],"collection":[{"href":"https:\/\/portalnewsgta.com.br\/index.php\/wp-json\/wp\/v2\/posts"}],"about":[{"href":"https:\/\/portalnewsgta.com.br\/index.php\/wp-json\/wp\/v2\/types\/post"}],"author":[{"embeddable":true,"href":"https:\/\/portalnewsgta.com.br\/index.php\/wp-json\/wp\/v2\/users\/2"}],"replies":[{"embeddable":true,"href":"https:\/\/portalnewsgta.com.br\/index.php\/wp-json\/wp\/v2\/comments?post=66252"}],"version-history":[{"count":1,"href":"https:\/\/portalnewsgta.com.br\/index.php\/wp-json\/wp\/v2\/posts\/66252\/revisions"}],"predecessor-version":[{"id":66254,"href":"https:\/\/portalnewsgta.com.br\/index.php\/wp-json\/wp\/v2\/posts\/66252\/revisions\/66254"}],"wp:featuredmedia":[{"embeddable":true,"href":"https:\/\/portalnewsgta.com.br\/index.php\/wp-json\/wp\/v2\/media\/66253"}],"wp:attachment":[{"href":"https:\/\/portalnewsgta.com.br\/index.php\/wp-json\/wp\/v2\/media?parent=66252"}],"wp:term":[{"taxonomy":"category","embeddable":true,"href":"https:\/\/portalnewsgta.com.br\/index.php\/wp-json\/wp\/v2\/categories?post=66252"},{"taxonomy":"post_tag","embeddable":true,"href":"https:\/\/portalnewsgta.com.br\/index.php\/wp-json\/wp\/v2\/tags?post=66252"}],"curies":[{"name":"wp","href":"https:\/\/api.w.org\/{rel}","templated":true}]}}