{"id":66135,"date":"2025-09-30T10:17:06","date_gmt":"2025-09-30T13:17:06","guid":{"rendered":"https:\/\/portalnewsgta.com.br\/?p=66135"},"modified":"2025-09-30T10:17:06","modified_gmt":"2025-09-30T13:17:06","slug":"abilio-diz-acreditar-que-pl-tera-candidato-mas-nao-crava-wellington","status":"publish","type":"post","link":"https:\/\/portalnewsgta.com.br\/index.php\/2025\/09\/30\/abilio-diz-acreditar-que-pl-tera-candidato-mas-nao-crava-wellington\/","title":{"rendered":"Abilio diz acreditar que PL ter\u00e1 candidato, mas n\u00e3o crava Wellington"},"content":{"rendered":"<h3>Prefeito disse que decis\u00f5es ser\u00e3o tomadas somente em 2026 e citou que Pivetta poder\u00e1 se filiar ao PL<\/h3>\n<p>Victor Ostetti\/MidiaNews<\/p>\n<p>O prefeito Abilio Brunini e o senador Wellington Fagundes: desdobramentos de 2026<\/p>\n<p>GIORDANO TOMASELLI<br \/>\nDA REDA\u00c7\u00c3O<\/p>\n<p>O prefeito Abilio Brunini (PL) disse acreditar que o seu partido ter\u00e1 candidato pr\u00f3prio para o Governo do Estado em 2026. Hoje, o pr\u00e9-candidato da sigla \u00e9 o senador Wellington Fagundes, entretanto, o prefeito disse ser poss\u00edvel que outro membro \u201cparticipe\u201d.<\/p>\n<h2>A gente n\u00e3o sabe como vai ser essa situa\u00e7\u00e3o l\u00e1 na frente, se o Piveta vai vir para o PL, se fica no Republicanos<\/h2>\n<p>&nbsp;<\/p>\n<p>Segundo ele, as conversas devem se aprofundar em 2026 e que muita coisa pode acontecer at\u00e9 l\u00e1.<\/p>\n<p>&nbsp;<\/p>\n<p>\u201cEu acredito que o PL ter\u00e1 candidato ao governo sim, hoje o pr\u00e9-candidato \u00e9 o Wellington Fagundes. \u00c9 poss\u00edvel que outro membro participe? \u00c9. Tem muita coisa para acontecer, o pr\u00f3prio Wellington falou que as decis\u00f5es s\u00e3o tomadas em 2026\u201d, afirmou ele, sem especificar quem seria esse outro membro.<\/p>\n<p>&nbsp;<\/p>\n<p>Em seguida, Abilio citou a possibilidade do vice-governador Otaviano Pivetta (Republicanos) migrar para o PL.<\/p>\n<p>&nbsp;<\/p>\n<p>\u201cWellington falou que Mauro, por exemplo, \u00e9 uma escolha do Bolsonaro e que a escolha do partido\u00a0\u00e9 tomada na conven\u00e7\u00e3o. Isso porque a gente n\u00e3o sabe como vai ser essa situa\u00e7\u00e3o l\u00e1\u00a0na frente, se o Piveta vai vir para o PL, se fica no Republicanos, e se vai haver\u00a0ou n\u00e3o\u00a0uma coliga\u00e7\u00e3o [Uni\u00e3o e PL]\u201d, disse, mencionando o apoio do ex-presidente Jair Bolsonaro (PL) a candidatura do governador Mauro Mendes (Uni\u00e3o) ao Senado.<\/p>\n<p>&nbsp;<\/p>\n<p>Abilio foi questionado ap\u00f3s participar de uma reuni\u00e3o na semana passada de alguns prefeitos correligion\u00e1rios com a bancada de Mato Grosso no Congresso e o presidente da legenda Valdemar Costa Neto.<\/p>\n<p>&nbsp;<\/p>\n<p>Segundo o prefeito, eles falaram a Valdemar sobre o apoio a candidatura de Jos\u00e9 Medeiros ao Senado. Entretanto, questionado se tamb\u00e9m defendeu o apoio \u00e0 candidatura de Wellington ao Governo, ele n\u00e3o cravou que o assunto foi mencionado.<\/p>\n<p>&nbsp;<\/p>\n<p>Abilio tem proximidade com o vice-governador, que \u00e9 pr\u00e9-candidato do grupo do governador Mauro Mendes. A rela\u00e7\u00e3o com Wellington tamb\u00e9m sofreu desgaste ap\u00f3s o senador buscar uma alian\u00e7a com o MDB, que tem sua nora Janaina Riva como pr\u00e9-candidata ao Senado, sigla qual Abilio classificou como sendo de \u201cesquerda\u201d.<\/p>\n","protected":false},"excerpt":{"rendered":"<p>Prefeito disse que decis\u00f5es ser\u00e3o tomadas somente em 2026 e citou que Pivetta poder\u00e1 se<\/p>\n","protected":false},"author":2,"featured_media":66136,"comment_status":"open","ping_status":"open","sticky":false,"template":"","format":"standard","meta":{"footnotes":""},"categories":[13,2],"tags":[1645],"aioseo_notices":[],"_links":{"self":[{"href":"https:\/\/portalnewsgta.com.br\/index.php\/wp-json\/wp\/v2\/posts\/66135"}],"collection":[{"href":"https:\/\/portalnewsgta.com.br\/index.php\/wp-json\/wp\/v2\/posts"}],"about":[{"href":"https:\/\/portalnewsgta.com.br\/index.php\/wp-json\/wp\/v2\/types\/post"}],"author":[{"embeddable":true,"href":"https:\/\/portalnewsgta.com.br\/index.php\/wp-json\/wp\/v2\/users\/2"}],"replies":[{"embeddable":true,"href":"https:\/\/portalnewsgta.com.br\/index.php\/wp-json\/wp\/v2\/comments?post=66135"}],"version-history":[{"count":1,"href":"https:\/\/portalnewsgta.com.br\/index.php\/wp-json\/wp\/v2\/posts\/66135\/revisions"}],"predecessor-version":[{"id":66137,"href":"https:\/\/portalnewsgta.com.br\/index.php\/wp-json\/wp\/v2\/posts\/66135\/revisions\/66137"}],"wp:featuredmedia":[{"embeddable":true,"href":"https:\/\/portalnewsgta.com.br\/index.php\/wp-json\/wp\/v2\/media\/66136"}],"wp:attachment":[{"href":"https:\/\/portalnewsgta.com.br\/index.php\/wp-json\/wp\/v2\/media?parent=66135"}],"wp:term":[{"taxonomy":"category","embeddable":true,"href":"https:\/\/portalnewsgta.com.br\/index.php\/wp-json\/wp\/v2\/categories?post=66135"},{"taxonomy":"post_tag","embeddable":true,"href":"https:\/\/portalnewsgta.com.br\/index.php\/wp-json\/wp\/v2\/tags?post=66135"}],"curies":[{"name":"wp","href":"https:\/\/api.w.org\/{rel}","templated":true}]}}