{"id":66117,"date":"2025-09-30T10:05:15","date_gmt":"2025-09-30T13:05:15","guid":{"rendered":"https:\/\/portalnewsgta.com.br\/?p=66117"},"modified":"2025-09-30T10:05:15","modified_gmt":"2025-09-30T13:05:15","slug":"prefeito-articula-expansao-de-cursos-da-unemat-em-colider","status":"publish","type":"post","link":"https:\/\/portalnewsgta.com.br\/index.php\/2025\/09\/30\/prefeito-articula-expansao-de-cursos-da-unemat-em-colider\/","title":{"rendered":"Prefeito articula expans\u00e3o de cursos da Unemat em Col\u00edder"},"content":{"rendered":"<p>Por: Reda\u00e7\u00e3o com Assessoria<\/p>\n<div class=\"article-custom-view_content\" data-v-70493042=\"\">\n<figure class=\"mb-2\" data-v-70493042=\"\"><figcaption class=\"text-body-2 font-weight-bold grey--text text--darken-2\" data-v-70493042=\"\">Foto por: Reprodu\u00e7\u00e3o<\/figcaption><\/figure>\n<div class=\"ck-content font-weight-medium mb-4\" data-v-70493042=\"\">\n<p>O prefeito de Col\u00edder, Rodrigo Benassi, articula junto ao Governo do Estado a expans\u00e3o da oferta de cursos de gradua\u00e7\u00e3o no campus da Universidade Estadual de Mato Grosso (Unemat). A proposta prev\u00ea que o Estado custeie 50% das despesas e que a prefeitura complemente os valores restantes. Caso n\u00e3o haja interesse por parte do governo estadual, o prefeito diz que a gest\u00e3o pretende arcar integralmente com os custos.<\/p>\n<p>Atualmente, a Unemat em Col\u00edder oferece bacharelado em Direito, Agronomia e Arquitetura e Urbanismo, al\u00e9m dos cursos de tecn\u00f3logo em Agrimensura e Gest\u00e3o Comercial. \u201cA amplia\u00e7\u00e3o dos cursos vai atender a demanda crescente por novas profiss\u00f5es em Col\u00edder e na regi\u00e3o\u201d, afirma Benassi. Ele justifica que o investimento \u00e9 necess\u00e1rio para a forma\u00e7\u00e3o de m\u00e3o de obra qualificada e para o desenvolvimento econ\u00f4mico do munic\u00edpio.<\/p>\n<p>Segundo o prefeito, a oferta ainda \u00e9 limitada diante do crescimento da popula\u00e7\u00e3o e das exig\u00eancias do mercado de trabalho regional. Inicialmente, Benassi quer implantar dois cursos. Um deles \u00e9 Psicologia. O outro ainda est\u00e1 em estudo, mas a defini\u00e7\u00e3o depender\u00e1 da demanda local e da voca\u00e7\u00e3o econ\u00f4mica da regi\u00e3o. \u201cTem que ser um curso de interesse regional. Nosso objetivo \u00e9 ampliar as op\u00e7\u00f5es e garantir que os jovens n\u00e3o precisem sair da cidade para buscar oportunidades de ensino superior\u201d, argumenta.<\/p>\n<p>&nbsp;<\/p>\n<p><strong>ARTICULA\u00c7\u00c3O POL\u00cdTICA<\/strong><\/p>\n<p>&nbsp;<\/p>\n<p>Para viabilizar o projeto, o prefeito buscou apoio na Assembleia Legislativa. Benassi apresentou a proposta ao deputado estadual Ondanir Bortolini (Nininho), que se comprometeu a defender a ideia junto ao governo estadual.<\/p>\n<p>De acordo com o prefeito de Col\u00edder, a coopera\u00e7\u00e3o entre Estado e munic\u00edpio \u00e9 fundamental. \u201cA prefeitura est\u00e1 pronta para fazer a sua parte, mas a parceria com o governo estadual vai ampliar nossa capacidade de investimento\u201d, ressalta.<\/p>\n<p>Rodrigo Benassi aponta que a regi\u00e3o norte de Mato Grosso registra aumento constante da demanda por profissionais em diversas \u00e1reas. A expectativa \u00e9 de que cursos ligados \u00e0s ci\u00eancias da sa\u00fade, engenharias e licenciaturas possam ser contemplados em uma eventual amplia\u00e7\u00e3o da oferta acad\u00eamica.<\/p>\n<p>O gestor defende que a iniciativa pode reduzir desigualdades de acesso ao ensino superior. \u201cMuitos jovens desistem de estudar por n\u00e3o terem condi\u00e7\u00f5es de se deslocar para outras cidades. Levar mais cursos para Col\u00edder significa ampliar oportunidades para toda a regi\u00e3o\u201d, declara.<\/p>\n<p>&nbsp;<\/p>\n<p><strong>EDUCA\u00c7\u00c3O \u00c9 PRIORIDADE<\/strong><\/p>\n<p>&nbsp;<\/p>\n<p>O modelo proposto por Benassi prev\u00ea divis\u00e3o de responsabilidades entre Estado e munic\u00edpio. Caso o governo estadual decline da participa\u00e7\u00e3o, a prefeitura pretende assumir integralmente os custos, o que, segundo o gestor, exigir\u00e1 ajustes or\u00e7ament\u00e1rios. \u201dEstamos dispostos a investir porque acreditamos que educa\u00e7\u00e3o \u00e9 prioridade. Se for necess\u00e1rio, o munic\u00edpio assume sozinho esse compromisso\u201d, afirma o prefeito.<\/p>\n<p>A expectativa \u00e9 que a amplia\u00e7\u00e3o dos cursos da Unemat tenha efeitos diretos no mercado de trabalho local, estimulando a cria\u00e7\u00e3o de empregos e fortalecendo setores produtivos. Al\u00e9m disso, a medida pode atrair estudantes de munic\u00edpios vizinhos, consolidando Col\u00edder como polo regional de educa\u00e7\u00e3o.<\/p>\n<p>A proposta ser\u00e1 detalhada em reuni\u00f5es com o governo estadual e a reitoria da Unemat. O prefeito pretende apresentar estudos sobre custos, \u00e1reas priorit\u00e1rias e impacto econ\u00f4mico para embasar a negocia\u00e7\u00e3o.<\/p>\n<\/div>\n<\/div>\n<div class=\"banner-widget banner-widget--col\" data-v-70493042=\"\">\n<div><\/div>\n<\/div>\n","protected":false},"excerpt":{"rendered":"<p>Por: Reda\u00e7\u00e3o com Assessoria Foto por: Reprodu\u00e7\u00e3o O prefeito de Col\u00edder, Rodrigo Benassi, articula junto<\/p>\n","protected":false},"author":2,"featured_media":66118,"comment_status":"open","ping_status":"open","sticky":false,"template":"","format":"standard","meta":{"footnotes":""},"categories":[7,13],"tags":[],"aioseo_notices":[],"_links":{"self":[{"href":"https:\/\/portalnewsgta.com.br\/index.php\/wp-json\/wp\/v2\/posts\/66117"}],"collection":[{"href":"https:\/\/portalnewsgta.com.br\/index.php\/wp-json\/wp\/v2\/posts"}],"about":[{"href":"https:\/\/portalnewsgta.com.br\/index.php\/wp-json\/wp\/v2\/types\/post"}],"author":[{"embeddable":true,"href":"https:\/\/portalnewsgta.com.br\/index.php\/wp-json\/wp\/v2\/users\/2"}],"replies":[{"embeddable":true,"href":"https:\/\/portalnewsgta.com.br\/index.php\/wp-json\/wp\/v2\/comments?post=66117"}],"version-history":[{"count":1,"href":"https:\/\/portalnewsgta.com.br\/index.php\/wp-json\/wp\/v2\/posts\/66117\/revisions"}],"predecessor-version":[{"id":66119,"href":"https:\/\/portalnewsgta.com.br\/index.php\/wp-json\/wp\/v2\/posts\/66117\/revisions\/66119"}],"wp:featuredmedia":[{"embeddable":true,"href":"https:\/\/portalnewsgta.com.br\/index.php\/wp-json\/wp\/v2\/media\/66118"}],"wp:attachment":[{"href":"https:\/\/portalnewsgta.com.br\/index.php\/wp-json\/wp\/v2\/media?parent=66117"}],"wp:term":[{"taxonomy":"category","embeddable":true,"href":"https:\/\/portalnewsgta.com.br\/index.php\/wp-json\/wp\/v2\/categories?post=66117"},{"taxonomy":"post_tag","embeddable":true,"href":"https:\/\/portalnewsgta.com.br\/index.php\/wp-json\/wp\/v2\/tags?post=66117"}],"curies":[{"name":"wp","href":"https:\/\/api.w.org\/{rel}","templated":true}]}}