{"id":65992,"date":"2025-09-29T09:06:00","date_gmt":"2025-09-29T12:06:00","guid":{"rendered":"https:\/\/portalnewsgta.com.br\/?p=65992"},"modified":"2025-09-29T09:06:00","modified_gmt":"2025-09-29T12:06:00","slug":"pivetta-diz-querer-muita-conversa-antes-de-mudar-staff-de-mendes","status":"publish","type":"post","link":"https:\/\/portalnewsgta.com.br\/index.php\/2025\/09\/29\/pivetta-diz-querer-muita-conversa-antes-de-mudar-staff-de-mendes\/","title":{"rendered":"Pivetta diz querer &#8220;muita conversa&#8221; antes de mudar staff de Mendes"},"content":{"rendered":"<section class=\"FullLine\">\n<div class=\"conteudo\">\n<h3>Vice-governador deve assumir o Pal\u00e1cio Paiagu\u00e1s em abril do ano que vem e nomear pastas importantes<\/h3>\n<\/div>\n<\/section>\n<section>\n<div class=\"FullLine\">\n<div class=\"conteudo_foto\">\n<div class=\"imgcontent\">\n<p class=\"credito_foto\">Victor Ostetti\/MidiaNews<\/p>\n<p><a href=\"https:\/\/www.midianews.com.br\/\/storage\/webdisco\/2025\/09\/25\/886x590\/357da686702e92ebcc85b75963f673b8.jpg\" rel=\"lightbox\" data-title=\"O vice-governador Otaviano Pivetta: \"><img loading=\"lazy\" decoding=\"async\" id=\"img_conteudo\" class=\"img-responsive\" src=\"https:\/\/www.midianews.com.br\/\/storage\/webdisco\/2025\/09\/25\/438x291\/357da686702e92ebcc85b75963f673b8.jpg\" alt=\"O vice-governador Otaviano Pivetta: \" width=\"438\" height=\"292\" border=\"0\" \/><\/a><\/p>\n<p class=\"descricao_foto\">O vice-governador Otaviano Pivetta: &#8220;Vou honrar o mandato do Mauro Mendes&#8221;<\/p>\n<\/div>\n<\/div>\n<div class=\"Font14Bold\">C\u00cdNTIA BORGES<br \/>\nDA REDA\u00c7\u00c3O<\/div>\n<div id=\"texto\" class=\"texto\">\n<p>O vice-governador Otaviano Pivetta (Republicanos) afirmou que ir\u00e1 ter um di\u00e1logo longo com o governador Mauro Mendes (Uni\u00e3o) sobre a poss\u00edvel troca e a nomea\u00e7\u00e3o de novos nomes no primeiro escal\u00e3o do Governo do Estado, no ano que vem.<\/p>\n<p>&nbsp;<\/p>\n<div class=\"quote-wrapper right\">\n<div class=\"quote-img-wrapper right\"><img decoding=\"async\" class=\"quote-img right\" src=\"https:\/\/www.midianews.com.br\/images\/aspas_right.gif\" \/><\/div>\n<h2 class=\"quote-content\">Vou pensar muito e honrar o mandato do Mauro Mendes<\/h2>\n<\/div>\n<p>Questionado sobre a poss\u00edvel troca de secretariado, Pivetta disse que ainda \u00e9 necessario aguardar a defini\u00e7\u00e3o sobre a candidatura de Mendes ao Senado.<\/p>\n<p>&nbsp;<\/p>\n<p>\u201cSe o Mauro decidir concorrer ao Senado, obviamente ele vai ter que renunciar ao mandato. Se isso acontecer, a gente vai conversar muito sobre isso. Afinal de contas, esse mandato que vai at\u00e9 31 de dezembro de 2026 \u00e9 um mandato dele\u201d, disse.<\/p>\n<p>&nbsp;<\/p>\n<p>\u201cSe por ventura eu for honrado com esse chamado para cumprir um per\u00edodo dele, vou pensar muito e honrar o mandato do Mauro Mendes\u201d, emendou.<\/p>\n<div id=\"taboola-mid-article-thumbnails\" class=\"trc_related_container tbl-trecs-container trc_spotlight_widget trc_elastic trc_elastic_alternating-thumbnails-a-mid-article\" data-placement-name=\"Mid Article Thumbnails\">\n<div class=\"trc_rbox_container\">\n<div>\n<div id=\"trc_wrapper_3839364021\" class=\"trc_rbox alternating-thumbnails-a-mid-article trc-content-hybrid\">\n<div id=\"trc_header_3839364021\" class=\"trc_rbox_header trc_rbox_border_elm\">\n<div class=\"trc_header_ext\"><\/div>\n<\/div>\n<\/div>\n<\/div>\n<\/div>\n<\/div>\n<p>&nbsp;<\/p>\n<p><strong>Troca certa<\/strong><\/p>\n<p>&nbsp;<\/p>\n<p>Uma das sa\u00eddas confirmadas \u00e9 a do chefe da Casa Civil F\u00e1bio Garcia (Uni\u00e3o), que \u00e9 deputado federal licenciado e j\u00e1 anunciou que ir\u00e1 \u00e0 reelei\u00e7\u00e3o.<\/p>\n<p>&nbsp;<\/p>\n<p>Perguntado se j\u00e1 pensou em um nome para ocupar o cargo, que \u00e9 considerado o bra\u00e7o-pol\u00edtico da gest\u00e3o governamental, Pivetta diz que \u201cn\u00e3o\u201d.<\/p>\n<p>&nbsp;<\/p>\n<p>\u201cN\u00e3o tenho nome, n\u00e3o pensei e nem falei com ningu\u00e9m sobre isso\u201d, disse.<\/p>\n<p>&nbsp;<\/p>\n<p>A eventual mudan\u00e7a do cargo do vice-governador deve ocorrer, pois Mendes \u00e9 cotado para concorrer ao Senado na elei\u00e7\u00e3o de 2026. Se definir pela candidatura, ele ter\u00e1 que renunciar ao cargo em abril, como determina a legisla\u00e7\u00e3o eleitoral, bem como seus secret\u00e1rios que quiserem disputar outros cargos.<\/p>\n<p>&nbsp;<\/p>\n<p><strong>Staff e elei\u00e7\u00e3o<\/strong><\/p>\n<p>&nbsp;<\/p>\n<p>Al\u00e9m de F\u00e1bio Garcia, ao menos quatro secret\u00e1rios de Mendes s\u00e3o cotados para disputar cargos na elei\u00e7\u00e3o de 2026, como deputados federais e estaduais.<\/p>\n<p>&nbsp;<\/p>\n<p>S\u00e3o eles: Coronel da PM C\u00e9sar Roveri (Seguran\u00e7a P\u00fablica), Gilberto Figueiredo (Sa\u00fade), Alan Porto (Educa\u00e7\u00e3o) e Allan Kardec (Ci\u00eancia, Tecnologia e Inova\u00e7\u00e3o).<\/p>\n<p>&nbsp;<\/p>\n<p><strong>Veja:<\/strong><\/p>\n<p>&nbsp;<\/p>\n<div style=\"width: 478px;\" class=\"wp-video\"><!--[if lt IE 9]><script>document.createElement('video');<\/script><![endif]-->\n<video class=\"wp-video-shortcode\" id=\"video-65992-1\" width=\"478\" height=\"850\" preload=\"metadata\" controls=\"controls\"><source type=\"video\/mp4\" src=\"https:\/\/portalnewsgta.com.br\/wp-content\/uploads\/2025\/09\/f03b6467f0cb1f2ebe95a01ec238ecad.mp4?_=1\" \/><a href=\"https:\/\/portalnewsgta.com.br\/wp-content\/uploads\/2025\/09\/f03b6467f0cb1f2ebe95a01ec238ecad.mp4\">https:\/\/portalnewsgta.com.br\/wp-content\/uploads\/2025\/09\/f03b6467f0cb1f2ebe95a01ec238ecad.mp4<\/a><\/video><\/div>\n<p>&nbsp;<\/p>\n<p>&nbsp;<\/p>\n<\/div>\n<\/div>\n<\/section>\n","protected":false},"excerpt":{"rendered":"<p>Vice-governador deve assumir o Pal\u00e1cio Paiagu\u00e1s em abril do ano que vem e nomear pastas<\/p>\n","protected":false},"author":2,"featured_media":65995,"comment_status":"open","ping_status":"open","sticky":false,"template":"","format":"standard","meta":{"footnotes":""},"categories":[13,2],"tags":[1639],"aioseo_notices":[],"_links":{"self":[{"href":"https:\/\/portalnewsgta.com.br\/index.php\/wp-json\/wp\/v2\/posts\/65992"}],"collection":[{"href":"https:\/\/portalnewsgta.com.br\/index.php\/wp-json\/wp\/v2\/posts"}],"about":[{"href":"https:\/\/portalnewsgta.com.br\/index.php\/wp-json\/wp\/v2\/types\/post"}],"author":[{"embeddable":true,"href":"https:\/\/portalnewsgta.com.br\/index.php\/wp-json\/wp\/v2\/users\/2"}],"replies":[{"embeddable":true,"href":"https:\/\/portalnewsgta.com.br\/index.php\/wp-json\/wp\/v2\/comments?post=65992"}],"version-history":[{"count":1,"href":"https:\/\/portalnewsgta.com.br\/index.php\/wp-json\/wp\/v2\/posts\/65992\/revisions"}],"predecessor-version":[{"id":65996,"href":"https:\/\/portalnewsgta.com.br\/index.php\/wp-json\/wp\/v2\/posts\/65992\/revisions\/65996"}],"wp:featuredmedia":[{"embeddable":true,"href":"https:\/\/portalnewsgta.com.br\/index.php\/wp-json\/wp\/v2\/media\/65995"}],"wp:attachment":[{"href":"https:\/\/portalnewsgta.com.br\/index.php\/wp-json\/wp\/v2\/media?parent=65992"}],"wp:term":[{"taxonomy":"category","embeddable":true,"href":"https:\/\/portalnewsgta.com.br\/index.php\/wp-json\/wp\/v2\/categories?post=65992"},{"taxonomy":"post_tag","embeddable":true,"href":"https:\/\/portalnewsgta.com.br\/index.php\/wp-json\/wp\/v2\/tags?post=65992"}],"curies":[{"name":"wp","href":"https:\/\/api.w.org\/{rel}","templated":true}]}}