{"id":65987,"date":"2025-09-29T09:00:59","date_gmt":"2025-09-29T12:00:59","guid":{"rendered":"https:\/\/portalnewsgta.com.br\/?p=65987"},"modified":"2025-09-29T09:00:59","modified_gmt":"2025-09-29T12:00:59","slug":"galvan-projeta-meio-milhao-de-votos-e-mira-segunda-vaga","status":"publish","type":"post","link":"https:\/\/portalnewsgta.com.br\/index.php\/2025\/09\/29\/galvan-projeta-meio-milhao-de-votos-e-mira-segunda-vaga\/","title":{"rendered":"Galvan projeta meio milh\u00e3o de votos e mira \u201csegunda vaga\u201d"},"content":{"rendered":"<h3>Produtor rural descarta qualquer chance de compor outra chapa na condi\u00e7\u00e3o de suplente<\/h3>\n<p>Victor Ostetti\/MidiaNews<\/p>\n<p>O produtor rural Ant\u00f4nio Galvan, que \u00e9 pr\u00e9-candidato ao Senado<\/p>\n<p>THAIZA ASSUN\u00c7\u00c3O<br \/>\nDA REDA\u00c7\u00c3O<\/p>\n<p>O\u00a0produtor rural e ex-presidente da Aprosoja Mato Grosso, Antonio Galvan, afirmou que trabalha com a meta de superar a marca de 500 mil votos na disputa ao Senado, nas elei\u00e7\u00f5es do pr\u00f3ximo ano.<\/p>\n<p>&nbsp;<\/p>\n<p>Em sua vis\u00e3o, esse patamar seria suficiente para conquistar a segunda vaga na disputa.<\/p>\n<p>&nbsp;<\/p>\n<p>Apesar de nunca ter exercido um mandato pol\u00edtico, Galvan teve uma expressiva vota\u00e7\u00e3o em 2022, ficando na segunda coloca\u00e7\u00e3o de Senado, com mais de 337 mil votos.<\/p>\n<p>&nbsp;<\/p>\n<h2>Em 2022, chegamos em segundo lugar, mas era um voto s\u00f3. Agora ser\u00e3o dois. A meta hoje \u00e9 ultrapassar os 500 mil<\/h2>\n<p>Naquele pleito, por\u00e9m, apenas uma vaga estava em disputa e acabou sendo conquistada por Wellington Fagundes (PL), eleito com mais de 825 mil votos.<\/p>\n<p>&nbsp;<\/p>\n<p>\u201cExiste a necessidade, com certeza, de aumentar a nossa vota\u00e7\u00e3o para alcan\u00e7ar a segunda vaga. Em 2022, chegamos em segundo lugar, mas era um voto s\u00f3. Agora ser\u00e3o dois. A meta \u00e9 ultrapassar os 500 mil\u201d, disse o produtor, em entrevista ao\u00a0<b><strong>MidiaNews<\/strong><\/b>.<\/p>\n<p>&nbsp;<\/p>\n<p>As proje\u00e7\u00f5es, segundo ele, levam em considera\u00e7\u00e3o tamb\u00e9m os n\u00fameros da disputa em 2018, quando os eleitores mato-grossenses tamb\u00e9m foram \u00e0s urnas com a op\u00e7\u00e3o de escolher dois nome aos Senado.<\/p>\n<p>&nbsp;<\/p>\n<p>Naquela ocasi\u00e3o, e ex-ju\u00edza Selma Arruda (ent\u00e3o PSL) foi a mais votada, com mais de 678 mil votos, enquanto que Jayme Campos (Uni\u00e3o) se elegeu com 490 mil votos.<\/p>\n<p>&nbsp;<\/p>\n<p>\u201cPenso que ultrapassando esses 500 mil, praticamente teremos assegura essa segunda vaga\u201d, afirmou.<\/p>\n<p>&nbsp;<\/p>\n<p><b><strong>Sem composi\u00e7\u00e3o<\/strong><\/b><\/p>\n<p>&nbsp;<\/p>\n<p>Em raz\u00e3o da vota\u00e7\u00e3o expressiva alcan\u00e7ada no \u00faltimo pleito, Galvan descarta qualquer possibilidade de compor alguma chapa na condi\u00e7\u00e3o de suplente.<\/p>\n<p>&nbsp;<\/p>\n<p>\u201cFiz uma disputa em 2022 e foi grande desafio, pois quando definimos a candidatura n\u00e3o tinha mais nem cinco meses de trabalho [at\u00e9 o pleito]. Ficamos em segundo, com mais de 337 mil votos, tendo apenas uma base classista, de sindicatos rurais\u201d, observou.<\/p>\n<p>&nbsp;<\/p>\n<p>\u201cAgora, para al\u00e9m disso, constru\u00edmos tamb\u00e9m uma base pol\u00edtica muito boa. Penso que o tempo de discutir supl\u00eancia, para quem j\u00e1 disputou uma elei\u00e7\u00e3o chegando a mais de 337 mil votos, essa etapa j\u00e1 passou. Falo por mim, se tiver um \u00fanico candidato ano que vem ao Senado, com certeza ser\u00e1 Ant\u00f4nio Galvan\u201d, emendou o produtor.<\/p>\n<p><b><strong>Veja v\u00eddeo:\u00a0<\/strong><\/b><\/p>\n<div style=\"width: 640px;\" class=\"wp-video\"><!--[if lt IE 9]><script>document.createElement('video');<\/script><![endif]-->\n<video class=\"wp-video-shortcode\" id=\"video-65987-1\" width=\"640\" height=\"360\" preload=\"metadata\" controls=\"controls\"><source type=\"video\/mp4\" src=\"https:\/\/portalnewsgta.com.br\/wp-content\/uploads\/2025\/09\/videoplayback-14.mp4?_=1\" \/><a href=\"https:\/\/portalnewsgta.com.br\/wp-content\/uploads\/2025\/09\/videoplayback-14.mp4\">https:\/\/portalnewsgta.com.br\/wp-content\/uploads\/2025\/09\/videoplayback-14.mp4<\/a><\/video><\/div>\n<p>&nbsp;<\/p>\n<p>&nbsp;<\/p>\n","protected":false},"excerpt":{"rendered":"<p>Produtor rural descarta qualquer chance de compor outra chapa na condi\u00e7\u00e3o de suplente Victor Ostetti\/MidiaNews<\/p>\n","protected":false},"author":2,"featured_media":65989,"comment_status":"open","ping_status":"open","sticky":false,"template":"","format":"standard","meta":{"footnotes":""},"categories":[13,2],"tags":[1378],"aioseo_notices":[],"_links":{"self":[{"href":"https:\/\/portalnewsgta.com.br\/index.php\/wp-json\/wp\/v2\/posts\/65987"}],"collection":[{"href":"https:\/\/portalnewsgta.com.br\/index.php\/wp-json\/wp\/v2\/posts"}],"about":[{"href":"https:\/\/portalnewsgta.com.br\/index.php\/wp-json\/wp\/v2\/types\/post"}],"author":[{"embeddable":true,"href":"https:\/\/portalnewsgta.com.br\/index.php\/wp-json\/wp\/v2\/users\/2"}],"replies":[{"embeddable":true,"href":"https:\/\/portalnewsgta.com.br\/index.php\/wp-json\/wp\/v2\/comments?post=65987"}],"version-history":[{"count":1,"href":"https:\/\/portalnewsgta.com.br\/index.php\/wp-json\/wp\/v2\/posts\/65987\/revisions"}],"predecessor-version":[{"id":65990,"href":"https:\/\/portalnewsgta.com.br\/index.php\/wp-json\/wp\/v2\/posts\/65987\/revisions\/65990"}],"wp:featuredmedia":[{"embeddable":true,"href":"https:\/\/portalnewsgta.com.br\/index.php\/wp-json\/wp\/v2\/media\/65989"}],"wp:attachment":[{"href":"https:\/\/portalnewsgta.com.br\/index.php\/wp-json\/wp\/v2\/media?parent=65987"}],"wp:term":[{"taxonomy":"category","embeddable":true,"href":"https:\/\/portalnewsgta.com.br\/index.php\/wp-json\/wp\/v2\/categories?post=65987"},{"taxonomy":"post_tag","embeddable":true,"href":"https:\/\/portalnewsgta.com.br\/index.php\/wp-json\/wp\/v2\/tags?post=65987"}],"curies":[{"name":"wp","href":"https:\/\/api.w.org\/{rel}","templated":true}]}}