{"id":65695,"date":"2025-09-26T09:20:25","date_gmt":"2025-09-26T12:20:25","guid":{"rendered":"https:\/\/portalnewsgta.com.br\/?p=65695"},"modified":"2025-09-26T09:20:25","modified_gmt":"2025-09-26T12:20:25","slug":"dia-d-rural-do-cadastro-unico-e-adiado-para-17-de-outubro-em-colider","status":"publish","type":"post","link":"https:\/\/portalnewsgta.com.br\/index.php\/2025\/09\/26\/dia-d-rural-do-cadastro-unico-e-adiado-para-17-de-outubro-em-colider\/","title":{"rendered":"Dia D Rural do Cadastro \u00danico \u00e9 adiado para 17 de outubro em Col\u00edder"},"content":{"rendered":"<div class=\"legenda-titulo\">O adiamento ocorre devido a um comunicado da Energisa, informando que a comunidade ficar\u00e1 sem energia el\u00e9trica em raz\u00e3o de uma manuten\u00e7\u00e3o programada.<\/div>\n<div class=\"infos\"><strong>Autor:<\/strong>\u00a0Assessoria de Imprensa da Prefeitura de Col\u00edder<\/div>\n<div class=\"infos\"><strong>Fonte:<\/strong>\u00a0Assessoria de Imprensa da Prefeitura de Col\u00edder<\/div>\n<div class=\"infos\">\n<div class=\"box-img-principal\">\n<div class=\"creditos-foto\"><strong>Foto por:\u00a0<\/strong>Assessoria de Imprensa da Prefeitura de Col\u00edder<\/div>\n<\/div>\n<div class=\"legenda-foto\"><strong>Legenda foto:<\/strong>\u00a0Assessoria de Imprensa da Prefeitura de Col\u00edder<\/div>\n<div class=\"corpo-texto\">\n<p>A Prefeitura de Col\u00edder informa que o\u00a0<strong>Dia D Rural do Cadastro \u00danico<\/strong>, que seria realizado nesta sexta-feira,\u00a0<strong>26 de setembro de 2025<\/strong>, na comunidade\u00a0<strong>Z\u00e9 Reis<\/strong>, foi\u00a0<strong>adiado<\/strong>. A nova data do evento ser\u00e1\u00a0<strong>17 de outubro de 2025<\/strong>.<\/p>\n<p>O adiamento ocorre devido a um comunicado da\u00a0<strong>Energisa<\/strong>, informando que a comunidade ficar\u00e1\u00a0<strong>sem energia el\u00e9trica<\/strong>\u00a0em raz\u00e3o de uma manuten\u00e7\u00e3o programada.<\/p>\n<p>A Prefeitura refor\u00e7a o convite para que toda a comunidade participe na\u00a0<strong>nova data<\/strong>, garantindo acesso aos servi\u00e7os do Cadastro \u00danico e demais a\u00e7\u00f5es previstas para o Dia D Rural.<\/p>\n<p>O evento contar\u00e1 com apoio das secretarias municipais de\u00a0<strong>Sa\u00fade, Assist\u00eancia Social, Ind\u00fastria, Com\u00e9rcio, Emprego, Renda e Turismo<\/strong>, al\u00e9m do\u00a0<strong>Procon<\/strong>\u00a0local, proporcionando atendimento completo aos moradores da zona rural de Col\u00edder.<\/p>\n<p>A administra\u00e7\u00e3o municipal agradece a compreens\u00e3o de todos e espera a presen\u00e7a da comunidade no pr\u00f3ximo Dia D Rural.<\/p>\n<\/div>\n<\/div>\n","protected":false},"excerpt":{"rendered":"<p>O adiamento ocorre devido a um comunicado da Energisa, informando que a comunidade ficar\u00e1 sem<\/p>\n","protected":false},"author":2,"featured_media":65696,"comment_status":"open","ping_status":"open","sticky":false,"template":"","format":"standard","meta":{"footnotes":""},"categories":[7,13],"tags":[],"aioseo_notices":[],"_links":{"self":[{"href":"https:\/\/portalnewsgta.com.br\/index.php\/wp-json\/wp\/v2\/posts\/65695"}],"collection":[{"href":"https:\/\/portalnewsgta.com.br\/index.php\/wp-json\/wp\/v2\/posts"}],"about":[{"href":"https:\/\/portalnewsgta.com.br\/index.php\/wp-json\/wp\/v2\/types\/post"}],"author":[{"embeddable":true,"href":"https:\/\/portalnewsgta.com.br\/index.php\/wp-json\/wp\/v2\/users\/2"}],"replies":[{"embeddable":true,"href":"https:\/\/portalnewsgta.com.br\/index.php\/wp-json\/wp\/v2\/comments?post=65695"}],"version-history":[{"count":1,"href":"https:\/\/portalnewsgta.com.br\/index.php\/wp-json\/wp\/v2\/posts\/65695\/revisions"}],"predecessor-version":[{"id":65697,"href":"https:\/\/portalnewsgta.com.br\/index.php\/wp-json\/wp\/v2\/posts\/65695\/revisions\/65697"}],"wp:featuredmedia":[{"embeddable":true,"href":"https:\/\/portalnewsgta.com.br\/index.php\/wp-json\/wp\/v2\/media\/65696"}],"wp:attachment":[{"href":"https:\/\/portalnewsgta.com.br\/index.php\/wp-json\/wp\/v2\/media?parent=65695"}],"wp:term":[{"taxonomy":"category","embeddable":true,"href":"https:\/\/portalnewsgta.com.br\/index.php\/wp-json\/wp\/v2\/categories?post=65695"},{"taxonomy":"post_tag","embeddable":true,"href":"https:\/\/portalnewsgta.com.br\/index.php\/wp-json\/wp\/v2\/tags?post=65695"}],"curies":[{"name":"wp","href":"https:\/\/api.w.org\/{rel}","templated":true}]}}