{"id":65687,"date":"2025-09-26T09:03:50","date_gmt":"2025-09-26T12:03:50","guid":{"rendered":"https:\/\/portalnewsgta.com.br\/?p=65687"},"modified":"2025-09-26T09:03:50","modified_gmt":"2025-09-26T12:03:50","slug":"mpmt-requisita-documentos-sobre-operacao-da-uhe-colider","status":"publish","type":"post","link":"https:\/\/portalnewsgta.com.br\/index.php\/2025\/09\/26\/mpmt-requisita-documentos-sobre-operacao-da-uhe-colider\/","title":{"rendered":"MPMT requisita documentos sobre opera\u00e7\u00e3o da UHE Col\u00edder"},"content":{"rendered":"<p>Por: Reda\u00e7\u00e3o\/Com Assessoria<\/p>\n<figure class=\"mb-2\" data-v-70493042=\"\"><figcaption class=\"text-body-2 font-weight-bold grey--text text--darken-2\" data-v-70493042=\"\">Foto por: Reprodu\u00e7\u00e3o<\/figcaption><\/figure>\n<div class=\"ck-content font-weight-medium mb-4\" data-v-70493042=\"\">\n<p>O Minist\u00e9rio P\u00fablico de Mato Grosso (MPMT), por meio da 1\u00aa Promotoria de Justi\u00e7a C\u00edvel da Comarca de Col\u00edder, requisitou \u00e0 Eletrobras uma s\u00e9rie de documentos e esclarecimentos, como o detalhamento das obriga\u00e7\u00f5es jur\u00eddicas, administrativas e operacionais. Al\u00e9m<\/p>\n<p>disso, foi designada para a pr\u00f3xima ter\u00e7a-feira (30) uma oitiva com o diretor de Opera\u00e7\u00f5es e Manuten\u00e7\u00e3o, Wilson Wagner Barbosa, respons\u00e1vel pelas atividades na UHE Col\u00edder.<\/p>\n<p>No despacho, a promotora de Justi\u00e7a Graziella Salina Ferrari requisita \u00e0 Eletrobras o hist\u00f3rico de cumprimento das vaz\u00f5es m\u00e1ximas e m\u00ednimas, conforme as regras do Operador Nacional do Sistema El\u00e9trico (ONS); relat\u00f3rio social das \u00e1reas impactadas pelo empreendimento;<\/p>\n<p>laudo t\u00e9cnico sobre a seguran\u00e7a das estruturas da usina; plano diretor do reservat\u00f3rio; relat\u00f3rio anual atualizado sobre as \u00e1reas marginais; e c\u00f3pias dos contratos de cess\u00e3o de uso dessas \u00e1reas. O prazo para apresenta\u00e7\u00e3o das respostas \u00e9 de dez dias \u00fateis.<\/p>\n<p>Segundo o MPMT, em audi\u00eancia p\u00fablica realizada na C\u00e2mara de Col\u00edder no dia 18 de setembro a Eletrobras informou que assumiu a titularidade da concess\u00e3o da UHE Col\u00edder em 30 de maio de 2025, embora a Copel Gera\u00e7\u00e3o e Transmiss\u00e3o S.A. permane\u00e7a na administra\u00e7\u00e3o<\/p>\n<p>por alguns meses. A transfer\u00eancia da concess\u00e3o foi formalizada por meio do Terceiro Termo Aditivo ao Contrato de Concess\u00e3o. No entanto, os efeitos do contrato s\u00f3 se dariam a partir da \u00faltima data de assinatura eletr\u00f4nica.<\/p>\n<p>&#8220;Conforme se extrai do supramencionado documento, a \u00faltima assinatura eletr\u00f4nica ocorreu em &#8217;23\/06\/2025, \u00e0s 13h14, conforme hor\u00e1rio oficial de Bras\u00edlia'&#8221;, consta em trecho do despacho. A diverg\u00eancia das datas chamou a aten\u00e7\u00e3o do MPMT, que requisitou documentos<\/p>\n<p>e esclarecimentos da Eletrobras.<\/p>\n<p>O despacho \u00e9 parte do inqu\u00e9rito civil instaurado pelo MPMT ap\u00f3s a constata\u00e7\u00e3o de uma s\u00e9rie de graves problemas estruturais e ambientais. Al\u00e9m do diretor da Eletrobras, ser\u00e3o ouvidos o prefeito de Col\u00edder, o presidente da Associa\u00e7\u00e3o Comercial e o representante<\/p>\n<p>da Associa\u00e7\u00e3o dos Pescadores do munic\u00edpio. As oitivas t\u00eam o objetivo de subsidiar o inqu\u00e9rito civil, pois todos ser\u00e3o ouvidos como testemunhas.<\/p>\n<p>Nesta semana, a promotoria tamb\u00e9m atendeu a pedido da Assembleia Legislativa (ALMT), feito via of\u00edcio ao MPMT, e encaminhou c\u00f3pia integral do inqu\u00e9rito civil para subsidiar os trabalhos da Comiss\u00e3o Setorial Tem\u00e1tica do Rebaixamento da Usina Hidrel\u00e9trica de<\/p>\n<p>Col\u00edder.<\/p>\n<p>Al\u00e9m do inqu\u00e9rito civil, o Minist\u00e9rio P\u00fablico tamb\u00e9m ajuizou uma a\u00e7\u00e3o de tutela de urg\u00eancia, requerendo a elabora\u00e7\u00e3o de um plano de descomissionamento no prazo m\u00e1ximo de 120 dias, como medida preventiva diante da hip\u00f3tese de eventual necessidade de desativa\u00e7\u00e3o<\/p>\n<p>da usina.<\/p>\n<\/div>\n","protected":false},"excerpt":{"rendered":"<p>Por: Reda\u00e7\u00e3o\/Com Assessoria Foto por: Reprodu\u00e7\u00e3o O Minist\u00e9rio P\u00fablico de Mato Grosso (MPMT), por meio<\/p>\n","protected":false},"author":2,"featured_media":65688,"comment_status":"open","ping_status":"open","sticky":false,"template":"","format":"standard","meta":{"footnotes":""},"categories":[7,13],"tags":[],"aioseo_notices":[],"_links":{"self":[{"href":"https:\/\/portalnewsgta.com.br\/index.php\/wp-json\/wp\/v2\/posts\/65687"}],"collection":[{"href":"https:\/\/portalnewsgta.com.br\/index.php\/wp-json\/wp\/v2\/posts"}],"about":[{"href":"https:\/\/portalnewsgta.com.br\/index.php\/wp-json\/wp\/v2\/types\/post"}],"author":[{"embeddable":true,"href":"https:\/\/portalnewsgta.com.br\/index.php\/wp-json\/wp\/v2\/users\/2"}],"replies":[{"embeddable":true,"href":"https:\/\/portalnewsgta.com.br\/index.php\/wp-json\/wp\/v2\/comments?post=65687"}],"version-history":[{"count":1,"href":"https:\/\/portalnewsgta.com.br\/index.php\/wp-json\/wp\/v2\/posts\/65687\/revisions"}],"predecessor-version":[{"id":65689,"href":"https:\/\/portalnewsgta.com.br\/index.php\/wp-json\/wp\/v2\/posts\/65687\/revisions\/65689"}],"wp:featuredmedia":[{"embeddable":true,"href":"https:\/\/portalnewsgta.com.br\/index.php\/wp-json\/wp\/v2\/media\/65688"}],"wp:attachment":[{"href":"https:\/\/portalnewsgta.com.br\/index.php\/wp-json\/wp\/v2\/media?parent=65687"}],"wp:term":[{"taxonomy":"category","embeddable":true,"href":"https:\/\/portalnewsgta.com.br\/index.php\/wp-json\/wp\/v2\/categories?post=65687"},{"taxonomy":"post_tag","embeddable":true,"href":"https:\/\/portalnewsgta.com.br\/index.php\/wp-json\/wp\/v2\/tags?post=65687"}],"curies":[{"name":"wp","href":"https:\/\/api.w.org\/{rel}","templated":true}]}}