{"id":65681,"date":"2025-09-26T09:01:19","date_gmt":"2025-09-26T12:01:19","guid":{"rendered":"https:\/\/portalnewsgta.com.br\/?p=65681"},"modified":"2025-09-26T09:06:25","modified_gmt":"2025-09-26T12:06:25","slug":"nova-mutum-prefeito-solicita-emenda-para-3a-fase-de-polo-agricola","status":"publish","type":"post","link":"https:\/\/portalnewsgta.com.br\/index.php\/2025\/09\/26\/nova-mutum-prefeito-solicita-emenda-para-3a-fase-de-polo-agricola\/","title":{"rendered":"Nova Mutum: prefeito solicita emenda para 3\u00aa fase de polo agr\u00edcola"},"content":{"rendered":"<p>O prefeito Leandro F\u00e9lix (Uni\u00e3o) teve audi\u00eancia com os deputados federais Jos\u00e9 Medeiros (PL) e Coronel Fernanda (PL), na quarta-feira, e solicitou emendas de R$ 15 milh\u00f5es para construir a 3\u2060\u00aa fase do projeto do polo integrado de agricultura familiar de Nova Mutum, vencedor do pr\u00eamio estadual de Cidades Inovadores acima de 50 mil habitantes deste ano, no in\u00edcio deste m\u00eas.<\/p>\n<p>O prefeito informou, ao S\u00f3 Not\u00edcias, que duas etapas do projeto est\u00e3o na reta final \u2013 a obra da central de recebimento para os agricultores familiares, com previs\u00e3o de inaugura\u00e7\u00e3o no pr\u00f3ximo m\u00eas de novembro e o parque tecnol\u00f3gico de inova\u00e7\u00e3o e pesquisa.<\/p>\n<p>\u201cOs deputados gostaram do projeto\u201d, \u201cquerem apresentar esse projeto para a bancada. Como \u00e9 um valor robusto, para um deputado s\u00f3 aportar fica pesado. Se o projeto for de agrado da grande maioria dos deputados da bancada, eles conseguem ajudar um pouco mais para estabelecer. Mas tanto o Medeiros quanto a Coronel Fernanda se comprometeram a ajudar. N\u00e3o foi estabelecido valor ainda\u201d, disse.<\/p>\n<p>O prefeito ainda ressaltou que o polo \u00e9 estrat\u00e9gico para fortalecer a agricultura familiar, e deve promover a gera\u00e7\u00e3o de renda, a incorpora\u00e7\u00e3o de tecnologias no trabalho do campo e a melhoria da qualidade de vida das fam\u00edlias agricultoras e dos consumidores.<\/p>\n","protected":false},"excerpt":{"rendered":"<p>O prefeito Leandro F\u00e9lix (Uni\u00e3o) teve audi\u00eancia com os deputados federais Jos\u00e9 Medeiros (PL) e<\/p>\n","protected":false},"author":2,"featured_media":65682,"comment_status":"open","ping_status":"open","sticky":false,"template":"","format":"standard","meta":{"footnotes":""},"categories":[13,2],"tags":[],"aioseo_notices":[],"_links":{"self":[{"href":"https:\/\/portalnewsgta.com.br\/index.php\/wp-json\/wp\/v2\/posts\/65681"}],"collection":[{"href":"https:\/\/portalnewsgta.com.br\/index.php\/wp-json\/wp\/v2\/posts"}],"about":[{"href":"https:\/\/portalnewsgta.com.br\/index.php\/wp-json\/wp\/v2\/types\/post"}],"author":[{"embeddable":true,"href":"https:\/\/portalnewsgta.com.br\/index.php\/wp-json\/wp\/v2\/users\/2"}],"replies":[{"embeddable":true,"href":"https:\/\/portalnewsgta.com.br\/index.php\/wp-json\/wp\/v2\/comments?post=65681"}],"version-history":[{"count":2,"href":"https:\/\/portalnewsgta.com.br\/index.php\/wp-json\/wp\/v2\/posts\/65681\/revisions"}],"predecessor-version":[{"id":65693,"href":"https:\/\/portalnewsgta.com.br\/index.php\/wp-json\/wp\/v2\/posts\/65681\/revisions\/65693"}],"wp:featuredmedia":[{"embeddable":true,"href":"https:\/\/portalnewsgta.com.br\/index.php\/wp-json\/wp\/v2\/media\/65682"}],"wp:attachment":[{"href":"https:\/\/portalnewsgta.com.br\/index.php\/wp-json\/wp\/v2\/media?parent=65681"}],"wp:term":[{"taxonomy":"category","embeddable":true,"href":"https:\/\/portalnewsgta.com.br\/index.php\/wp-json\/wp\/v2\/categories?post=65681"},{"taxonomy":"post_tag","embeddable":true,"href":"https:\/\/portalnewsgta.com.br\/index.php\/wp-json\/wp\/v2\/tags?post=65681"}],"curies":[{"name":"wp","href":"https:\/\/api.w.org\/{rel}","templated":true}]}}