{"id":65557,"date":"2025-09-25T08:25:05","date_gmt":"2025-09-25T11:25:05","guid":{"rendered":"https:\/\/portalnewsgta.com.br\/?p=65557"},"modified":"2025-09-25T08:25:05","modified_gmt":"2025-09-25T11:25:05","slug":"governo-de-mt-apresenta-avancos-do-programa-redd-na-semana-do-clima-de-nova-york","status":"publish","type":"post","link":"https:\/\/portalnewsgta.com.br\/index.php\/2025\/09\/25\/governo-de-mt-apresenta-avancos-do-programa-redd-na-semana-do-clima-de-nova-york\/","title":{"rendered":"Governo de MT apresenta avan\u00e7os do programa REDD+ na Semana do Clima de Nova York"},"content":{"rendered":"<h2 class=\"subtitulo mb-1\">O principal destaque foi a redu\u00e7\u00e3o do desmatamento no Estado nos \u00faltimos 20 anos<\/h2>\n<div class=\"autor mb-1\">Allan Pereira | Secom-MT<\/div>\n<div><\/div>\n<div>\n<p>O Governo de Mato Grosso apresentou, nesta quarta-feira (24.9), avan\u00e7os do programa REDD+ Early Movers (REM MT) durante a Semana do Clima de Nova Iorque (Climate Week NYC), nos Estados Unidos (EUA).<\/p>\n<p>Os resultados positivos do programa foram apresentados na mesa-redonda organizada pela Coaliz\u00e3o Leaf, que mobiliza empresas e governos para acabar com o desmatamento tropical no hemisf\u00e9rio sul. A secret\u00e1ria de Estado de Meio Ambiente, Mauren Lazzaretti, representou o governo mato-grossense no evento.<\/p>\n<p>&#8220;Estamos executando h\u00e1 quase oito anos o REDD+ em Mato Grosso e, com todos os investimentos realizados a partir do programa, reduzimos o desmatamento, enquanto continuamos sendo um Estado l\u00edder na produ\u00e7\u00e3o agr\u00edcola. Temos o objetivo de consolidar as iniciativas de conserva\u00e7\u00e3o com uma produ\u00e7\u00e3o sustent\u00e1vel. Mas, s\u00f3 com controle de a\u00e7\u00f5es e repress\u00e3o, n\u00f3s n\u00e3o conseguimos solidificar essa matriz de combate ao desmatamento&#8221;, destacou Mauren.<\/p>\n<p>Ela acrescentou que o pr\u00f3ximo desafio do programa REM \u00e9 garantir que haja valor agregado aos bens produzidos com legalidade por propriet\u00e1rios rurais na Amaz\u00f4nia. &#8220;Isso pode, de fato, promover mais inclus\u00e3o social de comunidades ind\u00edgenas, popula\u00e7\u00f5es tradicionais e pequenos produtores. Por isso, \u00e9 de extrema necessidade que os pa\u00edses desenvolvidos paguem pelos recursos naturais que temos, j\u00e1 que eles n\u00e3o t\u00eam mais. Mato Grosso tem 60% de sua \u00e1rea preservada e a legisla\u00e7\u00e3o ambiental mais severa do mundo. Se os pa\u00edses querem preserva\u00e7\u00e3o, que paguem por esses recursos&#8221;, afirmou.<\/p>\n<p>Durante a mesa-redonda, os representantes da Coaliz\u00e3o Leaf ressaltaram os bons resultados do programa em Mato Grosso na prote\u00e7\u00e3o da floresta amaz\u00f4nica.<\/p>\n<p><strong>Programa REM<\/strong><\/p>\n<p>O programa REM \u00e9 um acordo de investimentos com a Alemanha e o Reino Unido para a\u00e7\u00f5es de conserva\u00e7\u00e3o da floresta por meio de agricultores familiares, comunidades tradicionais, produtores rurais sustent\u00e1veis e povos ind\u00edgenas.<\/p>\n<p>Os pa\u00edses fomentam iniciativas que estimulam a agricultura de baixo carbono e a redu\u00e7\u00e3o do desmatamento. O objetivo \u00e9 reduzir emiss\u00f5es de di\u00f3xido de carbono (CO\u00b2) no planeta.<\/p>\n<p>Atualmente, Mato Grosso executa a segunda fase do programa REM. S\u00e3o mais de 15 milh\u00f5es de libras repassadas pelo governo brit\u00e2nico, al\u00e9m de mais 15 milh\u00f5es de euros pelo governo alem\u00e3o. Na primeira fase, os recursos atenderam 144 organiza\u00e7\u00f5es sociais, sendo 114 associa\u00e7\u00f5es ou cooperativas. Entre os contemplados, est\u00e3o 603 aldeias, onde vivem 40 povos ind\u00edgenas. No total, 107 munic\u00edpios mato-grossenses foram atendidos.<\/p>\n<p>Tamb\u00e9m fazem parte da comitiva a secret\u00e1ria de Comunica\u00e7\u00e3o, Laice Souza; o promotor de Justi\u00e7a Marcelo Vachiano; a secret\u00e1ria adjunta de Recursos H\u00eddricos da Sema, Lilian Ferreira dos Santos; e servidores do Governo do Estado.<\/p>\n<\/div>\n","protected":false},"excerpt":{"rendered":"<p>O principal destaque foi a redu\u00e7\u00e3o do desmatamento no Estado nos \u00faltimos 20 anos Allan<\/p>\n","protected":false},"author":2,"featured_media":65558,"comment_status":"open","ping_status":"open","sticky":false,"template":"","format":"standard","meta":{"footnotes":""},"categories":[13,2],"tags":[1615],"aioseo_notices":[],"_links":{"self":[{"href":"https:\/\/portalnewsgta.com.br\/index.php\/wp-json\/wp\/v2\/posts\/65557"}],"collection":[{"href":"https:\/\/portalnewsgta.com.br\/index.php\/wp-json\/wp\/v2\/posts"}],"about":[{"href":"https:\/\/portalnewsgta.com.br\/index.php\/wp-json\/wp\/v2\/types\/post"}],"author":[{"embeddable":true,"href":"https:\/\/portalnewsgta.com.br\/index.php\/wp-json\/wp\/v2\/users\/2"}],"replies":[{"embeddable":true,"href":"https:\/\/portalnewsgta.com.br\/index.php\/wp-json\/wp\/v2\/comments?post=65557"}],"version-history":[{"count":1,"href":"https:\/\/portalnewsgta.com.br\/index.php\/wp-json\/wp\/v2\/posts\/65557\/revisions"}],"predecessor-version":[{"id":65559,"href":"https:\/\/portalnewsgta.com.br\/index.php\/wp-json\/wp\/v2\/posts\/65557\/revisions\/65559"}],"wp:featuredmedia":[{"embeddable":true,"href":"https:\/\/portalnewsgta.com.br\/index.php\/wp-json\/wp\/v2\/media\/65558"}],"wp:attachment":[{"href":"https:\/\/portalnewsgta.com.br\/index.php\/wp-json\/wp\/v2\/media?parent=65557"}],"wp:term":[{"taxonomy":"category","embeddable":true,"href":"https:\/\/portalnewsgta.com.br\/index.php\/wp-json\/wp\/v2\/categories?post=65557"},{"taxonomy":"post_tag","embeddable":true,"href":"https:\/\/portalnewsgta.com.br\/index.php\/wp-json\/wp\/v2\/tags?post=65557"}],"curies":[{"name":"wp","href":"https:\/\/api.w.org\/{rel}","templated":true}]}}