{"id":65205,"date":"2025-09-22T08:48:18","date_gmt":"2025-09-22T11:48:18","guid":{"rendered":"https:\/\/portalnewsgta.com.br\/?p=65205"},"modified":"2025-09-22T08:48:18","modified_gmt":"2025-09-22T11:48:18","slug":"em-todo-pais-milhares-protestam-contra-anistia-e-pec-da-blindagem","status":"publish","type":"post","link":"https:\/\/portalnewsgta.com.br\/index.php\/2025\/09\/22\/em-todo-pais-milhares-protestam-contra-anistia-e-pec-da-blindagem\/","title":{"rendered":"Em todo pa\u00eds, milhares protestam contra anistia e PEC da Blindagem"},"content":{"rendered":"<p class=\"credito-1\">PAULO PINTO\/AG\u00caNCIA BRASIL<\/p>\n<p><span class=\"img-conteudo pull-left\"><a href=\"https:\/\/www.gazetadigital.com.br\/storage\/webdisco\/2025\/09\/22\/1200x900\/a0bd067c3f457221c8ab9c0b051096ca.png\" data-fancybox=\"gallery\" data-caption=\"PAULO PINTO\/AG\u00caNCIA BRASIL\"><img decoding=\"async\" src=\"https:\/\/www.gazetadigital.com.br\/storage\/webdisco\/2025\/09\/22\/431x285\/a0bd067c3f457221c8ab9c0b051096ca.png\" alt=\"PAULO PINTO\/AG\u00caNCIA BRASIL\" \/><\/a><\/span><\/p>\n<p class=\"img-conteudo-desc\">\n<p><img decoding=\"async\" class=\"pull-left img-responsive\" src=\"https:\/\/www.gazetadigital.com.br\/storage\/webdisco\/2018\/09\/11\/120x80\/1989f6f1bda0a00b820ece8296bb5d50.jpg\" alt=\"\" \/><\/p>\n<div id=\"text-content\" class=\"mb20\">\n<p>Milhares de pessoas foram as ruas das capitais do Brasil neste domingo (21) para protestar contra a anistia aos condenados por tentativa de golpe de Estado e a chamada PEC da Blindagem, que prev\u00ea exig\u00eancia de autoriza\u00e7\u00e3o do Congresso para processar criminalmente deputados e senadores.<\/p>\n<p>&nbsp;<\/p>\n<p>Foram registradas multid\u00f5es nas ruas de grandes cidades como Salvador, Recife, Natal e Belo Horizonte, Bras\u00edlia, S\u00e3o Paulo e Rio de Janeiro. Ao todo, 33 cidades tiveram atos, incluindo todas as capitais.<\/p>\n<p>&nbsp;<\/p>\n<p>Com o mote \u201cCongresso Inimigo do Povo\u201d, os manifestantes exigiram a pris\u00e3o do ex-presidente Jair Bolsonaro, condenado a 27 anos de pris\u00e3o por tentativa de golpe de Estado, organiza\u00e7\u00e3o criminosa, entre outros crimes.<\/p>\n<p>Em Salvador (BA), milhares de pessoas se concentraram no bairro da Barra, na beira da praia, onde a cantora Daniela Mercury se apresentou para o p\u00fablico. \u201cBandidagem n\u00e3o \u00e9 com a gente\u201d, disse a artista baiana.<\/p>\n<p>&nbsp;<\/p>\n<p>O ato contou ainda com o ator Wagner Moura, que tamb\u00e9m cantou, al\u00e9m de elogiar o julgamento da trama golpista que condenou o ex-presidente Jair Bolsonaro e aliados.<\/p>\n<p>&nbsp;<\/p>\n<p>\u201cEu fiquei com vontade de falar s\u00f3 do momento extraordin\u00e1rio pelo qual passa a democracia brasileira, que \u00e9 exemplo para o mundo inteiro. A gente que sempre cresceu dizendo que nossa democracia \u00e9 fr\u00e1gil, que ela \u00e9 jovem. Nossa democracia botou para \u2018lenhar\u2019 [para quebrar]\u201d, disse Wagner Moura.<\/p>\n<p>&nbsp;<\/p>\n<p>Em Belo Horizonte (MG), uma multid\u00e3o ocupou as ruas do centro da cidade, em concentra\u00e7\u00e3o na Pra\u00e7a Raul Soares, com gritos de \u201csem anistia para golpistas\u201d. O ato tamb\u00e9m contou com apresenta\u00e7\u00e3o de artistas, entre elas, a cantora Fernanda Takai, da banda Pato Fu.<\/p>\n<p>Em Recife (PE), o ato come\u00e7ou por volta das 14h, na Rua da Aurora, no centro da capital pernambucana, com o desfile do bloco de frevo Eu Acho \u00e9 Pouco, com uma das mais tradicionais orquestras do carnaval de Olinda. Grupos de maracatu tamb\u00e9m marcam presen\u00e7a no ato.<\/p>\n<p>&nbsp;<\/p>\n<p>A capital paraibana Jo\u00e3o Pessoa (PB) tamb\u00e9m fez um protesto nesse domingo, com gritos de \u201cFora, Hugo Motta\u201d, que \u00e9 um deputado federal paraibano e preside a C\u00e2mara dos Deputados. O parlamentar foi um dos principais alvos dos protestos pelo seu papel de pautar a vota\u00e7\u00e3o que aprovou a PEC da Blindagem na Casa.<\/p>\n<p>&nbsp;<\/p>\n<p>Tamb\u00e9m foram registrados atos em Bel\u00e9m (PA); Teresina (PI); Natal (RN); Fortaleza (CE); Porto Alegre (RS); Florian\u00f3polis (SC); Bras\u00edlia (DF); Rio de Janeiro (RJ) e S\u00e3o Paulo (SP).<\/p>\n<p>&nbsp;<\/p>\n<p>Convocados pelas frentes Povo Sem Medo e Brasil Popular, ligados ao PSOL, PT e movimentos populares, as manifesta\u00e7\u00f5es contaram com a presen\u00e7a de sindicatos, grupos estudantis, artistas e movimentos sociais, como MST e MTST, al\u00e9m de outros partidos de esquerda e centro-esquerda.<\/p>\n<\/div>\n","protected":false},"excerpt":{"rendered":"<p>PAULO PINTO\/AG\u00caNCIA BRASIL Milhares de pessoas foram as ruas das capitais do Brasil neste domingo<\/p>\n","protected":false},"author":2,"featured_media":65206,"comment_status":"open","ping_status":"open","sticky":false,"template":"","format":"standard","meta":{"footnotes":""},"categories":[13,2],"tags":[1596],"aioseo_notices":[],"_links":{"self":[{"href":"https:\/\/portalnewsgta.com.br\/index.php\/wp-json\/wp\/v2\/posts\/65205"}],"collection":[{"href":"https:\/\/portalnewsgta.com.br\/index.php\/wp-json\/wp\/v2\/posts"}],"about":[{"href":"https:\/\/portalnewsgta.com.br\/index.php\/wp-json\/wp\/v2\/types\/post"}],"author":[{"embeddable":true,"href":"https:\/\/portalnewsgta.com.br\/index.php\/wp-json\/wp\/v2\/users\/2"}],"replies":[{"embeddable":true,"href":"https:\/\/portalnewsgta.com.br\/index.php\/wp-json\/wp\/v2\/comments?post=65205"}],"version-history":[{"count":1,"href":"https:\/\/portalnewsgta.com.br\/index.php\/wp-json\/wp\/v2\/posts\/65205\/revisions"}],"predecessor-version":[{"id":65207,"href":"https:\/\/portalnewsgta.com.br\/index.php\/wp-json\/wp\/v2\/posts\/65205\/revisions\/65207"}],"wp:featuredmedia":[{"embeddable":true,"href":"https:\/\/portalnewsgta.com.br\/index.php\/wp-json\/wp\/v2\/media\/65206"}],"wp:attachment":[{"href":"https:\/\/portalnewsgta.com.br\/index.php\/wp-json\/wp\/v2\/media?parent=65205"}],"wp:term":[{"taxonomy":"category","embeddable":true,"href":"https:\/\/portalnewsgta.com.br\/index.php\/wp-json\/wp\/v2\/categories?post=65205"},{"taxonomy":"post_tag","embeddable":true,"href":"https:\/\/portalnewsgta.com.br\/index.php\/wp-json\/wp\/v2\/tags?post=65205"}],"curies":[{"name":"wp","href":"https:\/\/api.w.org\/{rel}","templated":true}]}}