{"id":65174,"date":"2025-09-21T17:06:42","date_gmt":"2025-09-21T20:06:42","guid":{"rendered":"https:\/\/portalnewsgta.com.br\/?p=65174"},"modified":"2025-09-21T17:06:42","modified_gmt":"2025-09-21T20:06:42","slug":"lula-viaja-neste-domingo-aos-eua-para-assembleia-geral-da-onu","status":"publish","type":"post","link":"https:\/\/portalnewsgta.com.br\/index.php\/2025\/09\/21\/lula-viaja-neste-domingo-aos-eua-para-assembleia-geral-da-onu\/","title":{"rendered":"Lula viaja neste domingo aos EUA para Assembleia Geral da ONU"},"content":{"rendered":"<section class=\"FullLine\">\n<div class=\"conteudo\">\n<h3>O encontro ocorre entre os dias 22 e 24 de setembro em Nova York; Brasil ser\u00e1 o primeiro Estado-membro a discursar<\/h3>\n<\/div>\n<\/section>\n<section>\n<div class=\"FullLine\">\n<div class=\"conteudo_foto\">\n<div class=\"imgcontent\">\n<p class=\"credito_foto\">Ricardo Stuckert\/PR<\/p>\n<p><a href=\"https:\/\/www.midianews.com.br\/\/storage\/webdisco\/2025\/09\/21\/886x590\/489ddbc9a1be060d1f2de5fb28ebc36f.png\" rel=\"lightbox\" data-title=\"Presidente Lula \"><img loading=\"lazy\" decoding=\"async\" id=\"img_conteudo\" class=\"img-responsive\" src=\"https:\/\/www.midianews.com.br\/\/storage\/webdisco\/2025\/09\/21\/438x291\/489ddbc9a1be060d1f2de5fb28ebc36f.png\" alt=\"Presidente Lula \" width=\"438\" height=\"292\" border=\"0\" \/><\/a><\/p>\n<p class=\"descricao_foto\">Presidente Lula<\/p>\n<\/div>\n<\/div>\n<div class=\"Font14Bold\">PAULA LABOISSI\u00c8RE<br \/>\nAG\u00caNCIA BRASIL<\/div>\n<div id=\"texto\" class=\"texto\">\n<p>O presidente Luiz In\u00e1cio Lula da Silva embarca neste domingo (21), \u00e0s 10h, para os Estados Unidos (EUA) para participar da 80\u00aa Assembleia Geral das Na\u00e7\u00f5es Unidas. A assembleia ocorre\u00a0entre os dias 22 e 24 de setembro em Nova York. Lula ser\u00e1 acompanhado pelo ministro das Rela\u00e7\u00f5es Exteriores, Mauro Vieira, e por outros ministros e especialistas que integram a comitiva.<img decoding=\"async\" src=\"https:\/\/agenciabrasil.ebc.com.br\/ebc.png?id=1659598&amp;o=node\" \/><img decoding=\"async\" src=\"https:\/\/agenciabrasil.ebc.com.br\/ebc.gif?id=1659598&amp;o=node\" \/><\/p>\n<p>&nbsp;<\/p>\n<p>Como tradi\u00e7\u00e3o desde 1955, o Brasil ser\u00e1 o primeiro Estado-membro a discursar na abertura do debate geral. Lula falar\u00e1\u00a0na ter\u00e7a-feira (23) de\u00a0manh\u00e3, logo ap\u00f3s os discursos do secret\u00e1rio-geral das Na\u00e7\u00f5es Unidas, Ant\u00f3nio Guterres, e da presidente da 80\u00aa assembleia geral, Annalena Baerbock.<\/p>\n<p>&nbsp;<\/p>\n<p>Al\u00e9m de apresentar\u00a0prioridades da pol\u00edtica externa brasileira, o presidente deve participar de encontros que discutem desde o cen\u00e1rio na Palestina at\u00e9 a crise clim\u00e1tica, em prepara\u00e7\u00e3o para a 30\u00aa Confer\u00eancia da Organiza\u00e7\u00e3o das Na\u00e7\u00f5es Unidas sobre Mudan\u00e7as do Clima (COP30), que ocorre em Bel\u00e9m\u00a0em novembro.<\/p>\n<p>&nbsp;<\/p>\n<p>Durante a viagem a\u00a0Nova York, Lula participa, na segunda-feira (22), da segunda sess\u00e3o da Confedera\u00e7\u00e3o Internacional de Alto N\u00edvel para Resolu\u00e7\u00e3o Pac\u00edfica da Quest\u00e3o Palestina e a Implementa\u00e7\u00e3o da Solu\u00e7\u00e3o de Dois Estados, convocada pela Fran\u00e7a e pela Ar\u00e1bia Saudita.<\/p>\n<p>&nbsp;<\/p>\n<p>Segundo o Itamaraty, o governo brasileiro espera que o momento sirva de oportunidade para que mais pa\u00edses reconhe\u00e7am a\u00a0<strong><a href=\"https:\/\/agenciabrasil.ebc.com.br\/internacional\/noticia\/2025-09\/em-nova-york-agenda-de-lula-inclui-palestina-democracia-e-clima\" target=\"_blank\" rel=\"noopener noreferrer\">Palestina como Estado<\/a><\/strong>\u00a0\u2013 al\u00e9m do Brasil, outras 147 na\u00e7\u00f5es j\u00e1 reconhecem a Palestina. Pa\u00edses como Fran\u00e7a, Reino Unido, Canad\u00e1 e Portugal manifestaram interesse em fazer o mesmo durante o encontro da ONU.<\/p>\n<p>Democracia<\/p>\n<p>&nbsp;<\/p>\n<p>Na quarta-feira (24), o presidente participa da segunda edi\u00e7\u00e3o do evento Em Defesa da Democracia e Contra o Extremismo, acompanhado de representantes\u00a0de cerca de 30 pa\u00edses.\u00a0Al\u00e9m do Brasil, lideram a iniciativa os presidentes do Chile, Gabriel Boric, e da Espanha, Pedro S\u00e1nchez.<\/p>\n<p>&nbsp;<\/p>\n<p>De acordo com o Itamaraty, a iniciativa pretende avan\u00e7ar em uma diplomacia ativa, que promova a coopera\u00e7\u00e3o internacional contra a deteriora\u00e7\u00e3o das institui\u00e7\u00f5es, a desinforma\u00e7\u00e3o, o discurso de \u00f3dio e a desigualdade social. O primeiro encontro sobre democracia ocorreu no Chile, em julho, quando foi publicada uma declara\u00e7\u00e3o conjunta.<\/p>\n<p>&nbsp;<\/p>\n<p><strong>Crise clim\u00e1tica<\/strong><\/p>\n<p>&nbsp;<\/p>\n<p>Tamb\u00e9m no dia 24, um evento sobre crise clim\u00e1tica \u2013 outra prioridade da agenda de Lula em Nova York \u2013 ser\u00e1 copresidido pelo Brasil e pelo secret\u00e1rio-geral da ONU, Ant\u00f3nio Guterres.\u00a0O encontro deve incluir a apresenta\u00e7\u00e3o de novas contribui\u00e7\u00f5es nacionalmente determinadas (NDC, na sigla em ingl\u00eas).<\/p>\n<p>&nbsp;<\/p>\n<p>O presidente ainda participa, em Nova York, de evento organizado pelo Brasil para ampliar o apoio \u00e0\u00a0constru\u00e7\u00e3o do Fundo Florestas Tropicais para Sempre, a ser lan\u00e7ado em Bel\u00e9m com o objetivo de financiar a preserva\u00e7\u00e3o de florestas. Outra agenda \u00e9 o encontro promovido pelo Centro Global de Adapta\u00e7\u00e3o para discutir mecanismos de adapta\u00e7\u00e3o \u00e0 mudan\u00e7a clim\u00e1tica.<\/p>\n<p>&nbsp;<\/p>\n<p>A delega\u00e7\u00e3o brasileira tamb\u00e9m deve participar, a partir do dia 22 de setembro, da Semana do Clima de Nova York 2025.\u00a0O encontro, que promove cerca de 500 eventos com lideran\u00e7as de governos e da sociedade civil do planeta, ocorre desde 2009 de forma simult\u00e2nea \u00e0 Assembleia Geral da ONU e serve como\u00a0evento preparat\u00f3rio \u00e0\u00a0COP30.<\/p>\n<\/div>\n<\/div>\n<\/section>\n","protected":false},"excerpt":{"rendered":"<p>O encontro ocorre entre os dias 22 e 24 de setembro em Nova York; Brasil<\/p>\n","protected":false},"author":2,"featured_media":65175,"comment_status":"open","ping_status":"open","sticky":false,"template":"","format":"standard","meta":{"footnotes":""},"categories":[13,2],"tags":[],"aioseo_notices":[],"_links":{"self":[{"href":"https:\/\/portalnewsgta.com.br\/index.php\/wp-json\/wp\/v2\/posts\/65174"}],"collection":[{"href":"https:\/\/portalnewsgta.com.br\/index.php\/wp-json\/wp\/v2\/posts"}],"about":[{"href":"https:\/\/portalnewsgta.com.br\/index.php\/wp-json\/wp\/v2\/types\/post"}],"author":[{"embeddable":true,"href":"https:\/\/portalnewsgta.com.br\/index.php\/wp-json\/wp\/v2\/users\/2"}],"replies":[{"embeddable":true,"href":"https:\/\/portalnewsgta.com.br\/index.php\/wp-json\/wp\/v2\/comments?post=65174"}],"version-history":[{"count":1,"href":"https:\/\/portalnewsgta.com.br\/index.php\/wp-json\/wp\/v2\/posts\/65174\/revisions"}],"predecessor-version":[{"id":65176,"href":"https:\/\/portalnewsgta.com.br\/index.php\/wp-json\/wp\/v2\/posts\/65174\/revisions\/65176"}],"wp:featuredmedia":[{"embeddable":true,"href":"https:\/\/portalnewsgta.com.br\/index.php\/wp-json\/wp\/v2\/media\/65175"}],"wp:attachment":[{"href":"https:\/\/portalnewsgta.com.br\/index.php\/wp-json\/wp\/v2\/media?parent=65174"}],"wp:term":[{"taxonomy":"category","embeddable":true,"href":"https:\/\/portalnewsgta.com.br\/index.php\/wp-json\/wp\/v2\/categories?post=65174"},{"taxonomy":"post_tag","embeddable":true,"href":"https:\/\/portalnewsgta.com.br\/index.php\/wp-json\/wp\/v2\/tags?post=65174"}],"curies":[{"name":"wp","href":"https:\/\/api.w.org\/{rel}","templated":true}]}}