{"id":65171,"date":"2025-09-21T17:04:15","date_gmt":"2025-09-21T20:04:15","guid":{"rendered":"https:\/\/portalnewsgta.com.br\/?p=65171"},"modified":"2025-09-21T17:04:15","modified_gmt":"2025-09-21T20:04:15","slug":"manifestantes-fazem-ato-contra-anistia-e-pec-da-blindagem-no-cpa-2","status":"publish","type":"post","link":"https:\/\/portalnewsgta.com.br\/index.php\/2025\/09\/21\/manifestantes-fazem-ato-contra-anistia-e-pec-da-blindagem-no-cpa-2\/","title":{"rendered":"Manifestantes fazem ato contra anistia e &#8216;PEC da Blindagem&#8217; no CPA 2"},"content":{"rendered":"<div class=\"col-xs-12 col-sm-12 col-md-12 col-lg-12 mb10\">\n<div class=\"row\">\n<div class=\"col-xs-12 col-sm-12 col-md-12 col-lg-12 mb15\">\n<div class=\"row\">\n<div class=\"col-xs-12 col-sm-11 col-md-11 col-lg-11 autorer\"><span class=\"autores_fontes_nome\">Yuri Ramires<\/span><\/p>\n<p class=\"autores_fontes_email\">yuri@gazetadigital.com.br<\/p>\n<\/div>\n<\/div>\n<\/div>\n<\/div>\n<\/div>\n<div class=\"col-xs-12 col-sm-12 col-md-12 col-lg-12 mb30\">\n<p class=\"credito-1\">Ana Clara Abal\u00e9m<\/p>\n<p><span class=\"img-conteudo pull-left\"><a href=\"https:\/\/www.gazetadigital.com.br\/storage\/webdisco\/2025\/09\/21\/1200x900\/1ce7903fa33e4dbc2b1bdf66390c0754.jpg\" data-fancybox=\"gallery\" data-caption=\"Ana Clara Abal\u00e9m\"><img decoding=\"async\" src=\"https:\/\/www.gazetadigital.com.br\/storage\/webdisco\/2025\/09\/21\/431x285\/1ce7903fa33e4dbc2b1bdf66390c0754.jpg\" alt=\"Ana Clara Abal\u00e9m\" \/><\/a><\/span><\/p>\n<p class=\"img-conteudo-desc\">\n<div id=\"text-content\" class=\"mb20\">\n<p>Membros da sociedade civil, movimentos sociais e partidos de esquerda se reuniram, na manh\u00e3 deste domingo (21), na feira do CPA 2, em Cuiab\u00e1, para uma manifesta\u00e7\u00e3o contra anistia para os presos pela tentativa de golpe de Estado em 8 de janeiro, em Bras\u00edlia. Tamb\u00e9m se colocaram contra \u00e0 Proposta de Emenda \u00e0 Constitui\u00e7\u00e3o (PEC) 3\/21, chamada \u201cPEC da Blindagem\u201d.<\/p>\n<p>&nbsp;<\/p>\n<p>A PEC estabelece que deputados e senadores s\u00f3 podem ser processados criminalmente, mesmo em caso de crimes graves, com autoriza\u00e7\u00e3o pr\u00e9via da C\u00e2mara e do Senado. A norma vigorou entre os anos de 1988 e 2001. Para se ter uma ideia, no per\u00edodo que vigorou, mais de 250 pedidos de abertura de processo criminal foram apresentados pelo Supremo e somente um processo foi autorizado.<\/p>\n<p>&nbsp;<\/p>\n<p>\u201cN\u00f3s n\u00e3o podemos permitir que o Congresso Nacional se transforme em um esconderijo preferencial para bandidos. Essa chamada PEC da blindagem, junto com a proposta de anistia, significa transformar o espa\u00e7o da pol\u00edtica e da representatividade em um espa\u00e7o de usurpa\u00e7\u00e3o pela criminalidade\u201d, destacou a deputada federal Edna Sampaio (PT).<\/p>\n<div class=\"row\">\n<div id=\"social-line-right\" class=\"col-xs-12 col-sm-12 col-md-12 col-lg-12 mb15\"><\/div>\n<\/div>\n<p>Sampaio lembra que o projeto transforma pol\u00edticos em seres \u201cintoc\u00e1veis\u201d. \u201cDeputados, senadores, presidentes de partidos e at\u00e9 ministros ficariam numa condi\u00e7\u00e3o em que a lei n\u00e3o se aplica. Pela PEC, poderiam cometer crimes sem investiga\u00e7\u00e3o ou puni\u00e7\u00e3o. Isso \u00e9 um absurdo, \u00e9 inaceit\u00e1vel para o povo brasileiro. A democracia s\u00f3 existe quando todos n\u00f3s estamos submetidos \u00e0 lei\u201d, destacou.<\/p>\n<p>&nbsp;<\/p>\n<p>Para a deputada suplente Professora Graciele Marques (PT), \u00e9 fundamental que a popula\u00e7\u00e3o compreenda o que est\u00e1 em jogo. \u201cEstamos falando de uma PEC que pode proteger estupradores, assassinos e criminosos de todo tipo. N\u00e3o se trata apenas de pol\u00edticos: essa proposta amea\u00e7a a sociedade inteira. Por isso, precisamos mostrar \u00e0 popula\u00e7\u00e3o o tamanho do perigo que representa essa PEC. E s\u00f3 conseguimos fazer isso com mobiliza\u00e7\u00f5es como essa, informando, resistindo e ocupando as ruas\u201d.<\/p>\n<p>&nbsp;<\/p>\n<p>Al\u00e9m disso, h\u00e1 uma preocupa\u00e7\u00e3o com a possibilidade do projeto chegar at\u00e9 a Assembleia Legislativa e C\u00e2mara Municipal. \u201cO que mais temos visto \u00e9 que projetos nocivos para a sociedade, quando surgem em n\u00edvel nacional, acabam sendo reproduzidos nas assembleias legislativas e at\u00e9 nas c\u00e2maras de vereadores. Por isso, \u00e9 t\u00e3o importante cortar o mal pela raiz e deixar claro que a popula\u00e7\u00e3o n\u00e3o vai aceitar esse tipo de crime\u201d.<\/p>\n<\/div>\n<\/div>\n<div class=\"col-xs-12 col-sm-12 col-md-12 col-lg-12\">\n<h4 class=\"box-titulo ml0\">Galeria de fotos<\/h4>\n<\/div>\n<div class=\"col-xs-12 col-sm-12 col-md-12 col-lg-12 mb30\">\n<div class=\"slider slider-single slick-initialized slick-slider\">\n<div class=\"slick-list draggable\">\n<div class=\"slick-track\">\n<div class=\"slick-slide slick-current slick-active\" tabindex=\"0\" data-slick-index=\"0\" aria-hidden=\"false\"><\/div>\n<div class=\"slick-slide\" tabindex=\"-1\" data-slick-index=\"1\" aria-hidden=\"true\"><\/div>\n<\/div>\n<\/div>\n<\/div>\n<div class=\"slider slider-nav slick-initialized slick-slider\">\n<div class=\"slick-list draggable\">\n<div class=\"slick-track\">\n<div class=\"slick-slide slick-current slick-active is-active\" tabindex=\"0\" data-slick-index=\"0\" aria-hidden=\"false\"><\/div>\n<div class=\"slick-slide slick-active\" tabindex=\"0\" data-slick-index=\"1\" aria-hidden=\"false\"><\/div>\n<\/div>\n<\/div>\n<\/div>\n<\/div>\n","protected":false},"excerpt":{"rendered":"<p>Yuri Ramires yuri@gazetadigital.com.br Ana Clara Abal\u00e9m Membros da sociedade civil, movimentos sociais e partidos de<\/p>\n","protected":false},"author":2,"featured_media":65172,"comment_status":"open","ping_status":"open","sticky":false,"template":"","format":"standard","meta":{"footnotes":""},"categories":[13,2],"tags":[1591],"aioseo_notices":[],"_links":{"self":[{"href":"https:\/\/portalnewsgta.com.br\/index.php\/wp-json\/wp\/v2\/posts\/65171"}],"collection":[{"href":"https:\/\/portalnewsgta.com.br\/index.php\/wp-json\/wp\/v2\/posts"}],"about":[{"href":"https:\/\/portalnewsgta.com.br\/index.php\/wp-json\/wp\/v2\/types\/post"}],"author":[{"embeddable":true,"href":"https:\/\/portalnewsgta.com.br\/index.php\/wp-json\/wp\/v2\/users\/2"}],"replies":[{"embeddable":true,"href":"https:\/\/portalnewsgta.com.br\/index.php\/wp-json\/wp\/v2\/comments?post=65171"}],"version-history":[{"count":1,"href":"https:\/\/portalnewsgta.com.br\/index.php\/wp-json\/wp\/v2\/posts\/65171\/revisions"}],"predecessor-version":[{"id":65173,"href":"https:\/\/portalnewsgta.com.br\/index.php\/wp-json\/wp\/v2\/posts\/65171\/revisions\/65173"}],"wp:featuredmedia":[{"embeddable":true,"href":"https:\/\/portalnewsgta.com.br\/index.php\/wp-json\/wp\/v2\/media\/65172"}],"wp:attachment":[{"href":"https:\/\/portalnewsgta.com.br\/index.php\/wp-json\/wp\/v2\/media?parent=65171"}],"wp:term":[{"taxonomy":"category","embeddable":true,"href":"https:\/\/portalnewsgta.com.br\/index.php\/wp-json\/wp\/v2\/categories?post=65171"},{"taxonomy":"post_tag","embeddable":true,"href":"https:\/\/portalnewsgta.com.br\/index.php\/wp-json\/wp\/v2\/tags?post=65171"}],"curies":[{"name":"wp","href":"https:\/\/api.w.org\/{rel}","templated":true}]}}