{"id":65030,"date":"2025-09-19T17:42:43","date_gmt":"2025-09-19T20:42:43","guid":{"rendered":"https:\/\/portalnewsgta.com.br\/index.php\/2025\/09\/19\/mae-de-bella-hadid-fala-sobre-nova-internacao-da-filha-por-doenca-de-lyme\/"},"modified":"2025-09-19T17:42:43","modified_gmt":"2025-09-19T20:42:43","slug":"mae-de-bella-hadid-fala-sobre-nova-internacao-da-filha-por-doenca-de-lyme","status":"publish","type":"post","link":"https:\/\/portalnewsgta.com.br\/index.php\/2025\/09\/19\/mae-de-bella-hadid-fala-sobre-nova-internacao-da-filha-por-doenca-de-lyme\/","title":{"rendered":"M\u00e3e de Bella Hadid fala sobre nova interna\u00e7\u00e3o da filha por doen\u00e7a de Lyme"},"content":{"rendered":"<p>S\u00c3O PAULO, SP (FOLHAPRESS) &#8211; Bella Hadid, 28, voltou a preocupar f\u00e3s ao compartilhar recentemente nas redes sociais atualiza\u00e7\u00f5es sobre seu estado d&#8230;<br \/>\n                 leia mais no Not\u00edcias ao Minuto Brasil <a href=\"https:\/\/www.noticiasaominuto.com.br\/fama\/2316950\/mae-de-bella-hadid-fala-sobre-nova-internacao-da-filha-por-doenca-de-lyme?utm_source=rss-fama&amp;utm_medium=rss&amp;utm_campaign=rssfeed\">aqui<\/a>.<\/p>\n<p>Fonte: noticiasaominuto.com.br<\/p>\n","protected":false},"excerpt":{"rendered":"<p>S\u00c3O PAULO, SP (FOLHAPRESS) &#8211; Bella Hadid, 28, voltou a preocupar f\u00e3s ao compartilhar recentemente<\/p>\n","protected":false},"author":0,"featured_media":65031,"comment_status":"open","ping_status":"open","sticky":false,"template":"","format":"standard","meta":{"footnotes":""},"categories":[6],"tags":[],"aioseo_notices":[],"_links":{"self":[{"href":"https:\/\/portalnewsgta.com.br\/index.php\/wp-json\/wp\/v2\/posts\/65030"}],"collection":[{"href":"https:\/\/portalnewsgta.com.br\/index.php\/wp-json\/wp\/v2\/posts"}],"about":[{"href":"https:\/\/portalnewsgta.com.br\/index.php\/wp-json\/wp\/v2\/types\/post"}],"replies":[{"embeddable":true,"href":"https:\/\/portalnewsgta.com.br\/index.php\/wp-json\/wp\/v2\/comments?post=65030"}],"version-history":[{"count":0,"href":"https:\/\/portalnewsgta.com.br\/index.php\/wp-json\/wp\/v2\/posts\/65030\/revisions"}],"wp:featuredmedia":[{"embeddable":true,"href":"https:\/\/portalnewsgta.com.br\/index.php\/wp-json\/wp\/v2\/media\/65031"}],"wp:attachment":[{"href":"https:\/\/portalnewsgta.com.br\/index.php\/wp-json\/wp\/v2\/media?parent=65030"}],"wp:term":[{"taxonomy":"category","embeddable":true,"href":"https:\/\/portalnewsgta.com.br\/index.php\/wp-json\/wp\/v2\/categories?post=65030"},{"taxonomy":"post_tag","embeddable":true,"href":"https:\/\/portalnewsgta.com.br\/index.php\/wp-json\/wp\/v2\/tags?post=65030"}],"curies":[{"name":"wp","href":"https:\/\/api.w.org\/{rel}","templated":true}]}}