{"id":65002,"date":"2025-09-19T10:10:59","date_gmt":"2025-09-19T13:10:59","guid":{"rendered":"https:\/\/portalnewsgta.com.br\/?p=65002"},"modified":"2025-09-19T10:10:59","modified_gmt":"2025-09-19T13:10:59","slug":"abilio-cita-mensalao-e-deputado-lembra-de-voto-pra-soltar-mandante-da-morte-de-marielle","status":"publish","type":"post","link":"https:\/\/portalnewsgta.com.br\/index.php\/2025\/09\/19\/abilio-cita-mensalao-e-deputado-lembra-de-voto-pra-soltar-mandante-da-morte-de-marielle\/","title":{"rendered":"Abilio cita mensal\u00e3o e deputado lembra de voto pra soltar mandante da morte de Marielle"},"content":{"rendered":"<div class=\"col-xs-12 col-sm-12 col-md-12 col-lg-12 mb10\">\n<div class=\"row\">\n<div class=\"col-xs-12 col-sm-12 col-md-12 col-lg-12 mb15\">\n<div class=\"row\">\n<div class=\"col-xs-12 col-sm-11 col-md-11 col-lg-11 autorer\"><span class=\"autores_fontes_nome\">Pablo Rodrigo<\/span><\/p>\n<p class=\"autores_fontes_email\">pablo@gazetadigital.com.br<\/p>\n<\/div>\n<\/div>\n<\/div>\n<\/div>\n<\/div>\n<div class=\"col-xs-12 col-sm-12 col-md-12 col-lg-12 mb30\">\n<p class=\"credito-1\">Montagem\/ GD<\/p>\n<p class=\"img-conteudo-desc\">\n<div id=\"text-content\" class=\"mb20\">\n<p>O prefeito Abilio Brunini (PL) e deputado federal Emanuelzinho (MDB), voltaram a trocar farpas via rede social por conta do projeto da anistia para os presos e condenados pelos atos golpistas de 8 de janeiro e a PEC da Blindagem, que beneficia parlamentares contra qualquer pedido de investiga\u00e7\u00e3o ou pris\u00e3o, al\u00e9m de garantir o retorno da vota\u00e7\u00e3o secreta para impedir a transpar\u00eancia em vota\u00e7\u00f5es pol\u00eamicas.<\/p>\n<p>&nbsp;<\/p>\n<p>Enquanto Abilio ironizou o parlamentar afirmando que atualmente a justi\u00e7a brasileira n\u00e3o funciona, citando o mensal\u00e3o e o fato dele ser vice-l\u00edder do governo Lula (PT) e filho do ex-prefeito Emanuel Pinheiro, Emanuelzinho rebateu lembrando que o presidente nacional do PL, Valdemar da Costa Neto, foi condenado e preso, al\u00e9m de Abilio ter votado pela soltura do mandante do assassinato da vereadora Marielle Franco em 2018, o ex-deputado federal Chiquinho Braz\u00e3o.<\/p>\n<p>&nbsp;<\/p>\n<p>A briga iniciou ap\u00f3s Emanuelzinho se posicionar contra a anistia, alegando que os que aprovaram urg\u00eancia para vota\u00e7\u00e3o da anistia seriam os mesmos que votaram a blindagem dos congressista. \u00a0 \u201cOs que apoiam a anistia s\u00e3o os mesmo que apoiam a PEC da blindagem (bandidagem). Nenhuma surpresa!!!! Falam bastantes de mim, mas na hora que seus pol\u00edticos de estima\u00e7\u00e3o cometem crimes querem blindagem e anistia\u201d, postou no Instagram.<\/p>\n<div class=\"row\"><\/div>\n<p>Abilio respondeu \u00e0 postagem e publicou em suas redes sociais. \u00a0 \u201cAt\u00e9 porque a justi\u00e7a brasileira funciona mito bem pra prender pol\u00edticos corruptos, flagrados guardando dinheiro de corrup\u00e7\u00e3o, n\u00e9? Em caixas, malas, cuecas e trajes finos, o mensal\u00e3o e petrol\u00e3o demonstraram a efici\u00eancia do sistema para com estes. Por fim, nenhuma surpresa deste posicionamento seu, quando se \u00e9 vice-l\u00edder do governo\u201d, disse.<\/p>\n<p>&nbsp;<\/p>\n<p>Diante da \u2018lacra\u00e7\u00e3o\u2019, o deputado federal afirmou que a justi\u00e7a brasileira funciona, citando o fato de Valdemar da Costa Neto ter sido preso no processo do mensal\u00e3o. \u00a0 \u201cO presidente do seu partido j\u00e1 foi preso v\u00e1rias vezes e voc\u00ea abra\u00e7ado com ele. O que prova que sua indigna\u00e7\u00e3o \u00e9 seletiva. E n\u00e3o vamos esquecer que o senhor votou para soltar Chiquinho Braz\u00e3o, assassino de uma vereadora mulher. Votou para solt\u00e1-lo da cadeia\u201d, disse em v\u00eddeo.<\/p>\n<p>&nbsp;<\/p>\n<p>O epis\u00f3dio citado por Emanuelzinho ocorreu em 2024, quando Braz\u00e3o foi preso. Na \u00e9poca, Abilio era deputado federal e justificou o voto alegando que ele seria \u2018s\u00f3 um suspeito\u2019. Na \u00e9poca os deputados alegaram que a pris\u00e3o desrespeitou a prerrogativa do deputado federal, j\u00e1 que a pris\u00e3o foi preventiva e que o caso n\u00e3o caberia esse entendimento.<\/p>\n<p>&nbsp;<\/p>\n<p>\u201cIsso pode ser um precedente muito perigoso. Prender preventivamente um deputado, ferindo o artigo 52 e 53 da Constitui\u00e7\u00e3o, isso \u00e9 um precedente muito perigoso para o poder legislativo\u2019, disse na \u00e9poca.<\/p>\n<p>&nbsp;<\/p>\n<p>Chiquinho Braz\u00e3o foi cassado em abril deste ano ap\u00f3s ficar mais de um ano preso. Atualmente se encontra em pris\u00e3o domiciliar.<\/p>\n<\/div>\n<\/div>\n","protected":false},"excerpt":{"rendered":"<p>Pablo Rodrigo pablo@gazetadigital.com.br Montagem\/ GD O prefeito Abilio Brunini (PL) e deputado federal Emanuelzinho (MDB),<\/p>\n","protected":false},"author":2,"featured_media":65003,"comment_status":"open","ping_status":"open","sticky":false,"template":"","format":"standard","meta":{"footnotes":""},"categories":[13,2],"tags":[1587],"aioseo_notices":[],"_links":{"self":[{"href":"https:\/\/portalnewsgta.com.br\/index.php\/wp-json\/wp\/v2\/posts\/65002"}],"collection":[{"href":"https:\/\/portalnewsgta.com.br\/index.php\/wp-json\/wp\/v2\/posts"}],"about":[{"href":"https:\/\/portalnewsgta.com.br\/index.php\/wp-json\/wp\/v2\/types\/post"}],"author":[{"embeddable":true,"href":"https:\/\/portalnewsgta.com.br\/index.php\/wp-json\/wp\/v2\/users\/2"}],"replies":[{"embeddable":true,"href":"https:\/\/portalnewsgta.com.br\/index.php\/wp-json\/wp\/v2\/comments?post=65002"}],"version-history":[{"count":1,"href":"https:\/\/portalnewsgta.com.br\/index.php\/wp-json\/wp\/v2\/posts\/65002\/revisions"}],"predecessor-version":[{"id":65004,"href":"https:\/\/portalnewsgta.com.br\/index.php\/wp-json\/wp\/v2\/posts\/65002\/revisions\/65004"}],"wp:featuredmedia":[{"embeddable":true,"href":"https:\/\/portalnewsgta.com.br\/index.php\/wp-json\/wp\/v2\/media\/65003"}],"wp:attachment":[{"href":"https:\/\/portalnewsgta.com.br\/index.php\/wp-json\/wp\/v2\/media?parent=65002"}],"wp:term":[{"taxonomy":"category","embeddable":true,"href":"https:\/\/portalnewsgta.com.br\/index.php\/wp-json\/wp\/v2\/categories?post=65002"},{"taxonomy":"post_tag","embeddable":true,"href":"https:\/\/portalnewsgta.com.br\/index.php\/wp-json\/wp\/v2\/tags?post=65002"}],"curies":[{"name":"wp","href":"https:\/\/api.w.org\/{rel}","templated":true}]}}