{"id":64948,"date":"2025-09-19T09:41:24","date_gmt":"2025-09-19T12:41:24","guid":{"rendered":"https:\/\/portalnewsgta.com.br\/?p=64948"},"modified":"2025-09-19T09:41:24","modified_gmt":"2025-09-19T12:41:24","slug":"policia-civil-apreende-adolescente-em-conflito-com-a-lei-em-alta-floresta","status":"publish","type":"post","link":"https:\/\/portalnewsgta.com.br\/index.php\/2025\/09\/19\/policia-civil-apreende-adolescente-em-conflito-com-a-lei-em-alta-floresta\/","title":{"rendered":"Pol\u00edcia Civil apreende adolescente em conflito com a lei em Alta Floresta"},"content":{"rendered":"<h5>O menor, de 17 anos, estava com o mandado de busca e apreens\u00e3o e interna\u00e7\u00e3o decretado pela Justi\u00e7a<\/h5>\n<div>Assessoria\u00a0|\u00a0Pol\u00edcia Civil &#8211; MT<\/div>\n<div><\/div>\n<div>\n<p>Um adolescente procurado pela Justi\u00e7a pelo cometimento de ato infracional, foi apreendido pela Pol\u00edcia Civil, nesta quinta-feira (18.9), no munic\u00edpio de Alta Floresta.<\/p>\n<p>O menor, de 17 anos, estava com a ordem de busca e apreens\u00e3o e interna\u00e7\u00e3o expedida em seu desfavor. Ele foi localizado pelos policiais civis no bairro Setor Guaran\u00e1 II, em Alta Floresta.<\/p>\n<p>Com diversas passagens pelas pr\u00e1ticas de atos infracionais an\u00e1logos aos crimes de roubo, furto, dire\u00e7\u00e3o perigosa e tr\u00e1fico de drogas, o adolescente tamb\u00e9m \u00e9 investigado por integrar uma fac\u00e7\u00e3o criminosa.<\/p>\n<p>O mandado de busca e apreens\u00e3o cumprido nesta quinta-feira (18), \u00e9 referente a uma ocorr\u00eancia de furto de uma motocicleta de alta cilindrada (Honda CB 500), ocorrido no bairro Setor Industrial, em novembro de 2022.<\/p>\n<p>Na ocasi\u00e3o do furto, os policiais civis da Divis\u00e3o de Roubos e Furtos, da Delegacia de Alta Floresta, conseguiram identificaram os autores e recuperar a moto que foi restitu\u00edda \u00e0 v\u00edtima.<\/p>\n<p>Ap\u00f3s cumprimento da ordem judicial o menor foi encaminhado para o Centro Socioeducativo, onde permanecer\u00e1 cumprindo as medidas cautelares at\u00e9 completar 21 anos de idade.<\/p>\n<\/div>\n","protected":false},"excerpt":{"rendered":"<p>O menor, de 17 anos, estava com o mandado de busca e apreens\u00e3o e interna\u00e7\u00e3o<\/p>\n","protected":false},"author":2,"featured_media":64949,"comment_status":"open","ping_status":"open","sticky":false,"template":"","format":"standard","meta":{"footnotes":""},"categories":[13,8],"tags":[],"aioseo_notices":[],"_links":{"self":[{"href":"https:\/\/portalnewsgta.com.br\/index.php\/wp-json\/wp\/v2\/posts\/64948"}],"collection":[{"href":"https:\/\/portalnewsgta.com.br\/index.php\/wp-json\/wp\/v2\/posts"}],"about":[{"href":"https:\/\/portalnewsgta.com.br\/index.php\/wp-json\/wp\/v2\/types\/post"}],"author":[{"embeddable":true,"href":"https:\/\/portalnewsgta.com.br\/index.php\/wp-json\/wp\/v2\/users\/2"}],"replies":[{"embeddable":true,"href":"https:\/\/portalnewsgta.com.br\/index.php\/wp-json\/wp\/v2\/comments?post=64948"}],"version-history":[{"count":1,"href":"https:\/\/portalnewsgta.com.br\/index.php\/wp-json\/wp\/v2\/posts\/64948\/revisions"}],"predecessor-version":[{"id":64950,"href":"https:\/\/portalnewsgta.com.br\/index.php\/wp-json\/wp\/v2\/posts\/64948\/revisions\/64950"}],"wp:featuredmedia":[{"embeddable":true,"href":"https:\/\/portalnewsgta.com.br\/index.php\/wp-json\/wp\/v2\/media\/64949"}],"wp:attachment":[{"href":"https:\/\/portalnewsgta.com.br\/index.php\/wp-json\/wp\/v2\/media?parent=64948"}],"wp:term":[{"taxonomy":"category","embeddable":true,"href":"https:\/\/portalnewsgta.com.br\/index.php\/wp-json\/wp\/v2\/categories?post=64948"},{"taxonomy":"post_tag","embeddable":true,"href":"https:\/\/portalnewsgta.com.br\/index.php\/wp-json\/wp\/v2\/tags?post=64948"}],"curies":[{"name":"wp","href":"https:\/\/api.w.org\/{rel}","templated":true}]}}