{"id":64942,"date":"2025-09-19T09:39:18","date_gmt":"2025-09-19T12:39:18","guid":{"rendered":"https:\/\/portalnewsgta.com.br\/?p=64942"},"modified":"2025-09-19T09:39:18","modified_gmt":"2025-09-19T12:39:18","slug":"governo-de-mt-faz-parceria-com-o-n-e-amazon-para-investimento-em-projetos-sustentaveis-no-estado","status":"publish","type":"post","link":"https:\/\/portalnewsgta.com.br\/index.php\/2025\/09\/19\/governo-de-mt-faz-parceria-com-o-n-e-amazon-para-investimento-em-projetos-sustentaveis-no-estado\/","title":{"rendered":"Governo de MT faz parceria com O.N.E. Amazon para investimento em projetos sustent\u00e1veis no Estado"},"content":{"rendered":"<h2 class=\"subtitulo mb-1\">Comitiva viaja na sexta-feira (19) para participar da Semana do Clima nos Estados Unidos e retorna ao Brasil no s\u00e1bado (27)<\/h2>\n<div class=\"autor mb-1\">Allan Pereira | Secom-MT<\/div>\n<div>\n<div class=\"container-fluid pt-4 pb-4\">\n<div class=\"container\">\n<div class=\"row text-center legenda_foto mt-2\">\n<div class=\"col-12\">Parque Cristalino, em Novo Mundo<br \/>\n<b>Cr\u00e9dito &#8211;\u00a0<\/b>Prefeitura de Novo Mundo<\/div>\n<\/div>\n<\/div>\n<\/div>\n<div class=\"container mt-5\">\n<div class=\"row justify-content-md-center\">\n<div class=\"col-sm-11 conteudo\">\n<p>O Governo de Mato Grosso formalizar\u00e1 um conv\u00eanio com a O.N.E. Amazon, no valor de US$ 100 milh\u00f5es, para financiamento de projetos sustent\u00e1veis no Estado, durante a Semana do Clima de Nova Iorque (Climate Week NYC), nos Estados Unidos. A comitiva mato-grossense viaja na sexta-feira (19.9) para os Estados Unidos e tem previs\u00e3o de retornar ao Brasil no s\u00e1bado (27.9).<\/p>\n<p>Na segunda-feira (22.9), a comitiva participa de uma mesa-redonda para anunciar o conv\u00eanio, voltado \u00e0 conserva\u00e7\u00e3o e preserva\u00e7\u00e3o da Amaz\u00f4nia, nos Parques Estaduais Cristalino I e II. A O.N.E. Amazon \u00e9 uma organiza\u00e7\u00e3o dedicada a promover investimentos p\u00fablicos e privados para a preserva\u00e7\u00e3o e restaura\u00e7\u00e3o da floresta amaz\u00f4nica, com o banco Goldman Sachs, a AECOM, a NVIDIA, o governo dos Estados Unidos e outros parceiros internacionais.<\/p>\n<p>Al\u00e9m de recursos para investimentos em projetos pelo Estado, a parceria vai facilitar que produtores e empreendedores financiem projetos que tragam resultados de preserva\u00e7\u00e3o e recupera\u00e7\u00e3o ambiental.<\/p>\n<p>No mesmo dia, no per\u00edodo da tarde, a secret\u00e1ria de Estado de Meio Ambiente, Mauren Lazzaretti, ter\u00e1 outra reuni\u00e3o, no contexto da parceria, com o Banco Interamericano de Desenvolvimento (BID) e representantes de empresas, fundos de investimentos, gestores de ativos, empresas de tecnologia, entre outros, para a constru\u00e7\u00e3o de agendas de trabalho para 2025-2026.<\/p>\n<p>Na ter\u00e7a-feira (23.9), a secret\u00e1ria tamb\u00e9m participa de uma agenda com a Subnational Methane Action Coalition (Coliga\u00e7\u00e3o Subnacional de A\u00e7\u00e3o sobre o Metano, na tradu\u00e7\u00e3o em portugu\u00eas), uma entidade internacional composta por estados e regi\u00f5es de pa\u00edses para a redu\u00e7\u00e3o do g\u00e1s metano, um dos principais causadores das mudan\u00e7as clim\u00e1ticas no planeta.<\/p>\n<p>Na quarta-feira (24.9), a comitiva mato-grossense participa de um evento sobre justi\u00e7a clim\u00e1tica nas varas judiciais. J\u00e1 na quinta-feira (25.9), haver\u00e1 uma reuni\u00e3o com representantes do Fundo Verde do Clima (GCF, na sigla em ingl\u00eas), uma iniciativa global de financiamento clim\u00e1tico.<\/p>\n<p>A Semana do Clima de Nova Iorque \u00e9 um evento que antecede a Confer\u00eancia das Na\u00e7\u00f5es Unidas sobre Mudan\u00e7a do Clima (COP 30), que, neste ano, ser\u00e1 realizada em Bel\u00e9m, no Par\u00e1, cujo objetivo \u00e9 reunir l\u00edderes empresariais e investidores com representantes de pa\u00edses e estados para atrair recursos financeiros para a defesa do meio ambiente.<\/p>\n<p>Al\u00e9m de Mauren e a secret\u00e1ria de Comunica\u00e7\u00e3o, Laice Souza, tamb\u00e9m fazem parte da comitiva a secret\u00e1ria-adjunta de Recursos H\u00eddricos da Sema, Lilian Ferreira dos Santos, e servidores da Sema e do Minist\u00e9rio P\u00fablico do Estado.<\/p>\n<\/div>\n<\/div>\n<\/div>\n<\/div>\n","protected":false},"excerpt":{"rendered":"<p>Comitiva viaja na sexta-feira (19) para participar da Semana do Clima nos Estados Unidos e<\/p>\n","protected":false},"author":2,"featured_media":64943,"comment_status":"open","ping_status":"open","sticky":false,"template":"","format":"standard","meta":{"footnotes":""},"categories":[13,2],"tags":[],"aioseo_notices":[],"_links":{"self":[{"href":"https:\/\/portalnewsgta.com.br\/index.php\/wp-json\/wp\/v2\/posts\/64942"}],"collection":[{"href":"https:\/\/portalnewsgta.com.br\/index.php\/wp-json\/wp\/v2\/posts"}],"about":[{"href":"https:\/\/portalnewsgta.com.br\/index.php\/wp-json\/wp\/v2\/types\/post"}],"author":[{"embeddable":true,"href":"https:\/\/portalnewsgta.com.br\/index.php\/wp-json\/wp\/v2\/users\/2"}],"replies":[{"embeddable":true,"href":"https:\/\/portalnewsgta.com.br\/index.php\/wp-json\/wp\/v2\/comments?post=64942"}],"version-history":[{"count":1,"href":"https:\/\/portalnewsgta.com.br\/index.php\/wp-json\/wp\/v2\/posts\/64942\/revisions"}],"predecessor-version":[{"id":64944,"href":"https:\/\/portalnewsgta.com.br\/index.php\/wp-json\/wp\/v2\/posts\/64942\/revisions\/64944"}],"wp:featuredmedia":[{"embeddable":true,"href":"https:\/\/portalnewsgta.com.br\/index.php\/wp-json\/wp\/v2\/media\/64943"}],"wp:attachment":[{"href":"https:\/\/portalnewsgta.com.br\/index.php\/wp-json\/wp\/v2\/media?parent=64942"}],"wp:term":[{"taxonomy":"category","embeddable":true,"href":"https:\/\/portalnewsgta.com.br\/index.php\/wp-json\/wp\/v2\/categories?post=64942"},{"taxonomy":"post_tag","embeddable":true,"href":"https:\/\/portalnewsgta.com.br\/index.php\/wp-json\/wp\/v2\/tags?post=64942"}],"curies":[{"name":"wp","href":"https:\/\/api.w.org\/{rel}","templated":true}]}}