{"id":64884,"date":"2025-09-18T08:49:31","date_gmt":"2025-09-18T11:49:31","guid":{"rendered":"https:\/\/portalnewsgta.com.br\/?p=64884"},"modified":"2025-09-18T08:49:31","modified_gmt":"2025-09-18T11:49:31","slug":"lideres-de-faccao-completam-um-mes-foragidas-em-mato-grosso","status":"publish","type":"post","link":"https:\/\/portalnewsgta.com.br\/index.php\/2025\/09\/18\/lideres-de-faccao-completam-um-mes-foragidas-em-mato-grosso\/","title":{"rendered":"L\u00edderes de fac\u00e7\u00e3o completam um m\u00eas foragidas em Mato Grosso"},"content":{"rendered":"<div class=\"td_block_wrap tdb_single_featured_image tdi_53 tdb-content-horiz-left td-pb-border-top td_block_template_1\" data-td-block-uid=\"tdi_53\">\n<div class=\"tdb-block-inner td-fix-index\">\n<figure><figcaption class=\"tdb-caption-text\">Foto: Reprodu\u00e7\u00e3o SEJUS<\/figcaption><\/figure>\n<\/div>\n<\/div>\n<div class=\"td_block_wrap tdb_single_content tdi_54 td-pb-border-top td_block_template_1 td-post-content tagdiv-type\" data-td-block-uid=\"tdi_54\">\n<div class=\"tdb-block-inner td-fix-index\">\n<p>&nbsp;<\/p>\n<p>As detentas\u00a0<strong>Ang\u00e9lica Saraiva de S\u00e1<\/strong>, 34 anos, conhecida como\u00a0<em>\u201cAngeliquinha\u201d<\/em>, e\u00a0<strong>J\u00e9ssica Leal da Silva<\/strong>, 36, apelidada de\u00a0<em>\u201cArlequina\u201d<\/em>, seguem em liberdade ap\u00f3s fugirem, em agosto, da\u00a0<strong>Penitenci\u00e1ria Feminina Ana Maria do Couto May<\/strong>, em Cuiab\u00e1. Nesta quarta-feira (17), a fuga das duas criminosas completa um m\u00eas.<\/p>\n<p>As fugitivas s\u00e3o classificadas pelas autoridades como de\u00a0<strong>alta periculosidade<\/strong>. Juntas, acumulam mais de 100 anos em penas por crimes como homic\u00eddio, oculta\u00e7\u00e3o de cad\u00e1ver, tr\u00e1fico de drogas e participa\u00e7\u00e3o em organiza\u00e7\u00e3o criminosa. Ambas s\u00e3o apontadas como lideran\u00e7as de fac\u00e7\u00e3o criminosa em diferentes cidades do interior do estado.<\/p>\n<p>Embora oficialmente n\u00e3o haja confirma\u00e7\u00e3o sobre novas medidas de refor\u00e7o, apura\u00e7\u00f5es indicam que\u00a0<strong>novas c\u00e2meras foram instaladas<\/strong>\u00a0na unidade prisional e que equipamentos antigos passaram por manuten\u00e7\u00e3o. O\u00a0<strong>Grupo de Interven\u00e7\u00e3o R\u00e1pida (GIR)<\/strong>, tropa especializada em conter rebeli\u00f5es e situa\u00e7\u00f5es cr\u00edticas no sistema penitenci\u00e1rio, tamb\u00e9m tem atuado com maior frequ\u00eancia no local. Al\u00e9m disso, servidores teriam sido realocados ap\u00f3s o epis\u00f3dio.<\/p>\n<p>De acordo com as investiga\u00e7\u00f5es preliminares, Ang\u00e9lica e J\u00e9ssica teriam\u00a0<strong>serrado as grades da cela 11, no Raio 4<\/strong>, e posteriormente quebrado a grade superior do teto. Elas conseguiram alcan\u00e7ar o pavilh\u00e3o, seguiram para a \u00e1rea externa e escaparam pela obra de uma f\u00e1brica existente dentro do pres\u00eddio, onde o port\u00e3o estava apenas encostado e sem vigil\u00e2ncia no momento.<\/p>\n<p>Logo ap\u00f3s a fuga, a Sejus informou que a\u00a0<strong>Corregedoria Geral e o setor de Intelig\u00eancia<\/strong>\u00a0assumiram a apura\u00e7\u00e3o interna. A popula\u00e7\u00e3o pode repassar informa\u00e7\u00f5es sobre o paradeiro das foragidas por meio dos contatos\u00a0<strong>197 (Pol\u00edcia Civil)<\/strong>\u00a0e\u00a0<strong>(65) 98126-0185 (Pol\u00edcia Penal)<\/strong>.<\/p>\n<\/div>\n<\/div>\n","protected":false},"excerpt":{"rendered":"<p>Foto: Reprodu\u00e7\u00e3o SEJUS &nbsp; As detentas\u00a0Ang\u00e9lica Saraiva de S\u00e1, 34 anos, conhecida como\u00a0\u201cAngeliquinha\u201d, e\u00a0J\u00e9ssica Leal<\/p>\n","protected":false},"author":2,"featured_media":64885,"comment_status":"open","ping_status":"open","sticky":false,"template":"","format":"standard","meta":{"footnotes":""},"categories":[13,8],"tags":[],"aioseo_notices":[],"_links":{"self":[{"href":"https:\/\/portalnewsgta.com.br\/index.php\/wp-json\/wp\/v2\/posts\/64884"}],"collection":[{"href":"https:\/\/portalnewsgta.com.br\/index.php\/wp-json\/wp\/v2\/posts"}],"about":[{"href":"https:\/\/portalnewsgta.com.br\/index.php\/wp-json\/wp\/v2\/types\/post"}],"author":[{"embeddable":true,"href":"https:\/\/portalnewsgta.com.br\/index.php\/wp-json\/wp\/v2\/users\/2"}],"replies":[{"embeddable":true,"href":"https:\/\/portalnewsgta.com.br\/index.php\/wp-json\/wp\/v2\/comments?post=64884"}],"version-history":[{"count":1,"href":"https:\/\/portalnewsgta.com.br\/index.php\/wp-json\/wp\/v2\/posts\/64884\/revisions"}],"predecessor-version":[{"id":64886,"href":"https:\/\/portalnewsgta.com.br\/index.php\/wp-json\/wp\/v2\/posts\/64884\/revisions\/64886"}],"wp:featuredmedia":[{"embeddable":true,"href":"https:\/\/portalnewsgta.com.br\/index.php\/wp-json\/wp\/v2\/media\/64885"}],"wp:attachment":[{"href":"https:\/\/portalnewsgta.com.br\/index.php\/wp-json\/wp\/v2\/media?parent=64884"}],"wp:term":[{"taxonomy":"category","embeddable":true,"href":"https:\/\/portalnewsgta.com.br\/index.php\/wp-json\/wp\/v2\/categories?post=64884"},{"taxonomy":"post_tag","embeddable":true,"href":"https:\/\/portalnewsgta.com.br\/index.php\/wp-json\/wp\/v2\/tags?post=64884"}],"curies":[{"name":"wp","href":"https:\/\/api.w.org\/{rel}","templated":true}]}}