{"id":64762,"date":"2025-09-17T09:11:31","date_gmt":"2025-09-17T12:11:31","guid":{"rendered":"https:\/\/portalnewsgta.com.br\/?p=64762"},"modified":"2025-09-17T09:11:31","modified_gmt":"2025-09-17T12:11:31","slug":"governo-de-mt-acompanha-obra-do-ser-familia-crianca-em-barra-do-garcas","status":"publish","type":"post","link":"https:\/\/portalnewsgta.com.br\/index.php\/2025\/09\/17\/governo-de-mt-acompanha-obra-do-ser-familia-crianca-em-barra-do-garcas\/","title":{"rendered":"Governo de MT acompanha obra do SER Fam\u00edlia Crian\u00e7a em Barra do Gar\u00e7as"},"content":{"rendered":"<h5>Unidade j\u00e1 est\u00e1 80% conclu\u00edda e vai atender mais de mil crian\u00e7as em per\u00edodo de contraturno escolar<\/h5>\n<div>Layse \u00c1vila\u00a0|\u00a0Setasc-MT<\/div>\n<div><\/div>\n<div>\n<p>O munic\u00edpio de Barra do Gar\u00e7as recebeu, nesta segunda-feira (15.9), a visita do governador Mauro Mendes, da primeira-dama Virginia Mendes e do secret\u00e1rio de Estado de Assist\u00eancia Social e Cidadania (Setasc), Klebson Gomes, para acompanhar o andamento da constru\u00e7\u00e3o da unidade do Programa SER Fam\u00edlia Crian\u00e7a. A obra, que contou com investimento de mais de R$ 5,4 milh\u00f5es e est\u00e1 com mais de 80% conclu\u00edda, representa um marco nas pol\u00edticas p\u00fablicas voltadas \u00e0 inf\u00e2ncia e deve beneficiar mais de mil crian\u00e7as em per\u00edodo de contraturno escolar.<\/p>\n<p>Com a iniciativa, a segunda unidade do Programa SER Fam\u00edlia Crian\u00e7a em contraturno no Estado, al\u00e9m de beneficiar crian\u00e7as em situa\u00e7\u00e3o de vulnerabilidade social fora do hor\u00e1rio escolar, tamb\u00e9m contar\u00e1 com estrutura para oferecer acompanhamento especializado \u00e0s crian\u00e7as com Transtorno do Espectro Autista (TEA), por meio de SER Fam\u00edlia Inclusivo, estimulando seu desenvolvimento educacional, social e emocional.<\/p>\n<p>Durante a visita, o governador Mauro Mendes refor\u00e7ou que os investimentos sociais do Governo de Mato Grosso t\u00eam como objetivo transformar vidas, oferecendo dignidade e cuidado \u00e0s pessoas que mais precisam.<\/p>\n<picture data-fileentryid=\"74555569\"><source srcset=\"\/o\/adaptive-media\/image\/74555569\/Thumbnail-1024x1024\/WhatsApp+Image+2025-09-16+at+16.22.06.jpeg?t=1758059737698\" media=\"(max-width:1024px)\" \/><img decoding=\"async\" src=\"https:\/\/www.secom.mt.gov.br\/documents\/d\/setas\/whatsapp-image-2025-09-16-at-16-22-06-jpeg?imageThumbnail=3\" alt=\"\" height=\"266\" \/><\/picture>\nFoto: Jo\u00e3o Reis | Setasc-MT<\/p>\n<p>\u201cCom a cria\u00e7\u00e3o dessa unidade, temos a oportunidade de ampliar o atendimento a quem mais precisa, oferecendo n\u00e3o apenas um espa\u00e7o f\u00edsico, mas tamb\u00e9m o acolhimento e o cuidado de profissionais capacitados. O investimento do Governo do Estado \u00e9 fundamental para que esses locais estejam prontos para atender com dignidade, carinho e respeito. Agrade\u00e7o ao trabalho da Setasc em nome do Governo de Mato Grosso e de todos os mato-grossenses\u201d, afirmou Mauro Mendes.<\/p>\n<p>A idealizadora do Programa SER Fam\u00edlia, a primeira-dama Virginia Mendes, vistoriou a nova unidade e ressaltou a import\u00e2ncia do programa para Barra do Gar\u00e7as.<\/p>\n<p>\u201cO SER Crian\u00e7a \u00e9 a realiza\u00e7\u00e3o de um sonho para mim. Ver essa obra evoluindo me enche de alegria, porque sei que, em breve, muitas crian\u00e7as ter\u00e3o um espa\u00e7o seguro, acolhedor e preparado para estimular o desenvolvimento educacional, social e emocional delas\u201d, afirmou.<\/p>\n<p>O secret\u00e1rio da Setasc, Klebson Gomes destacou que, al\u00e9m de acompanhar a obra do SER Fam\u00edlia Crian\u00e7a, Barra do Gar\u00e7as tamb\u00e9m recebeu a inaugura\u00e7\u00e3o do Lar dos Idosos, que conta com todos os recursos destinados pelo Estado, incluindo a aquisi\u00e7\u00e3o da mob\u00edlia para garantir o pleno funcionamento do espa\u00e7o, por meio da Setasc, com um investimento de mais de R$ 1,9 milh\u00f5es.<\/p>\n<p>Ele\u00a0 lembrou que o Programa SER Fam\u00edlia \u00e9 um dos pilares da pol\u00edtica social do Estado e reafirmou o compromisso em ampliar as a\u00e7\u00f5es voltadas \u00e0s fam\u00edlias mato-grossenses.<\/p>\n<p>\u201cO Governo do Estado investe muito forte no social, para atender \u00e0 necessidade dos idosos, crian\u00e7as. Agrade\u00e7o \u00e0 confian\u00e7a que d\u00e3o em nosso trabalho, no Programa SER Fam\u00edlia, idealizado pela primeira-dama Virginia Mendes, e \u00e9 com essa confian\u00e7a que buscamos proporcionar melhoria de qualidade de vida, com dignidade, trabalho e respeito \u00e0 nossa popula\u00e7\u00e3o\u201d, destacou o secret\u00e1rio.<\/p>\n<picture data-fileentryid=\"74555580\"><source srcset=\"\/o\/adaptive-media\/image\/74555580\/Thumbnail-1024x1024\/WhatsApp+Image+2025-09-16+at+16.22.06+%281%29.jpeg?t=1758059759674\" media=\"(max-width:1024px)\" \/><img decoding=\"async\" src=\"https:\/\/www.secom.mt.gov.br\/documents\/d\/setas\/whatsapp-image-2025-09-16-at-16-22-06-1-jpeg?imageThumbnail=3\" alt=\"\" height=\"266\" \/><\/picture>\nFoto: Jo\u00e3o Reis | Setasc-MT<\/p>\n<p>O prefeito de Barra do Gar\u00e7as, Dr. Adilson Gon\u00e7alves, tamb\u00e9m ressaltou a relev\u00e2ncia da unidade do Programa SER Fam\u00edlia Crian\u00e7a para o munic\u00edpio. Ele destacou que o espa\u00e7o vai atender mais de mil crian\u00e7as em per\u00edodo de contraturno escolar, oferecendo pr\u00e1ticas culturais, esportivas e acompanhamento com equipe multidisciplinar.<\/p>\n<p data-end=\"882\" data-start=\"513\">\u201cEssa unidade ser\u00e1 um marco para o futuro de Barra do Gar\u00e7as, pois vai garantir \u00e0s nossas crian\u00e7as um espa\u00e7o adequado para aprendizado, desenvolvimento e conviv\u00eancia. Estamos investindo em um futuro melhor para as nossas fam\u00edlias e veremos o resultado deste trabalho em cinco e dez anos. Neste sentido, agrade\u00e7o a gest\u00e3o estadual, ao governador Mauro Mendes e tamb\u00e9m \u00e0 primeira-dama Virginia, por esse olhar atencioso \u00e0 nossa popula\u00e7\u00e3o\u201d, afirmou o prefeito.<\/p>\n<p>A secret\u00e1ria municipal de Assist\u00eancia Social, Renata Beatriz Bilego, enfatizou a expectativa da popula\u00e7\u00e3o com a obra e refor\u00e7ou que a inaugura\u00e7\u00e3o est\u00e1 pr\u00f3xima.<\/p>\n<p>\u201cEstamos com uma expectativa alta para a breve inaugura\u00e7\u00e3o do SER Fam\u00edlia Crian\u00e7a, j\u00e1 estamos com mais de 80% das obras conclu\u00eddas, em fase de acabamento, para atender mais de mil crian\u00e7as diariamente, para que possamos propor atividades e proporcionar melhoria e qualidade de vida para as nossas crian\u00e7as\u201d, disse Renata.<\/p>\n<p><strong>Mais qualidade de vida<\/strong><\/p>\n<p>O Governo do Estado tamb\u00e9m realizou a entrega de uma cadeira de rodas especial ao Daymon Jos\u00e9 Gomes, durante as agendas no munic\u00edpio. A a\u00e7\u00e3o garantir\u00e1 mais conforto e mobilidade, segundo sua m\u00e3e, Claudete Gomes Pimentel.<\/p>\n<picture data-fileentryid=\"74555591\"><source srcset=\"\/o\/adaptive-media\/image\/74555591\/Thumbnail-1024x1024\/WhatsApp+Image+2025-09-16+at+17.53.44.jpeg?t=1758059783409\" media=\"(max-width:1024px)\" \/><img decoding=\"async\" src=\"https:\/\/www.secom.mt.gov.br\/documents\/d\/setas\/whatsapp-image-2025-09-16-at-17-53-44-jpeg?imageThumbnail=3\" alt=\"\" height=\"266\" \/><\/picture>\nFoto: Jo\u00e3o Reis | Setasc-MT<\/p>\n<p>\u201cFiquei muito contente, estava precisando de uma cadeira mais confort\u00e1vel para dar uma estabilidade maior para o meu filho. Com a doa\u00e7\u00e3o dessa cadeira, temos mais comodidade, e assim posso lev\u00e1-lo para passeios onde ele vai se sentir mais confort\u00e1vel e ter mais qualidade de vida. Quero agradecer o Governo do Estado como um todo, pois a primeira-dama Virginia Mendes providenciou essa cadeira para o meu filho, al\u00e9m de outras a\u00e7\u00f5es como os cart\u00f5es SER Fam\u00edlia, rem\u00e9dios e cesta b\u00e1sica para minha fam\u00edlia\u201d, declarou.<\/p>\n<p>&nbsp;<\/p>\n<\/div>\n","protected":false},"excerpt":{"rendered":"<p>Unidade j\u00e1 est\u00e1 80% conclu\u00edda e vai atender mais de mil crian\u00e7as em per\u00edodo de<\/p>\n","protected":false},"author":2,"featured_media":64763,"comment_status":"open","ping_status":"open","sticky":false,"template":"","format":"standard","meta":{"footnotes":""},"categories":[13,2],"tags":[1578],"aioseo_notices":[],"_links":{"self":[{"href":"https:\/\/portalnewsgta.com.br\/index.php\/wp-json\/wp\/v2\/posts\/64762"}],"collection":[{"href":"https:\/\/portalnewsgta.com.br\/index.php\/wp-json\/wp\/v2\/posts"}],"about":[{"href":"https:\/\/portalnewsgta.com.br\/index.php\/wp-json\/wp\/v2\/types\/post"}],"author":[{"embeddable":true,"href":"https:\/\/portalnewsgta.com.br\/index.php\/wp-json\/wp\/v2\/users\/2"}],"replies":[{"embeddable":true,"href":"https:\/\/portalnewsgta.com.br\/index.php\/wp-json\/wp\/v2\/comments?post=64762"}],"version-history":[{"count":1,"href":"https:\/\/portalnewsgta.com.br\/index.php\/wp-json\/wp\/v2\/posts\/64762\/revisions"}],"predecessor-version":[{"id":64764,"href":"https:\/\/portalnewsgta.com.br\/index.php\/wp-json\/wp\/v2\/posts\/64762\/revisions\/64764"}],"wp:featuredmedia":[{"embeddable":true,"href":"https:\/\/portalnewsgta.com.br\/index.php\/wp-json\/wp\/v2\/media\/64763"}],"wp:attachment":[{"href":"https:\/\/portalnewsgta.com.br\/index.php\/wp-json\/wp\/v2\/media?parent=64762"}],"wp:term":[{"taxonomy":"category","embeddable":true,"href":"https:\/\/portalnewsgta.com.br\/index.php\/wp-json\/wp\/v2\/categories?post=64762"},{"taxonomy":"post_tag","embeddable":true,"href":"https:\/\/portalnewsgta.com.br\/index.php\/wp-json\/wp\/v2\/tags?post=64762"}],"curies":[{"name":"wp","href":"https:\/\/api.w.org\/{rel}","templated":true}]}}