{"id":64756,"date":"2025-09-17T09:08:53","date_gmt":"2025-09-17T12:08:53","guid":{"rendered":"https:\/\/portalnewsgta.com.br\/?p=64756"},"modified":"2025-09-17T09:08:53","modified_gmt":"2025-09-17T12:08:53","slug":"policia-civil-registra-aumento-de-27-no-numero-de-atendimento-as-vitimas-de-violencia-em-cuiaba","status":"publish","type":"post","link":"https:\/\/portalnewsgta.com.br\/index.php\/2025\/09\/17\/policia-civil-registra-aumento-de-27-no-numero-de-atendimento-as-vitimas-de-violencia-em-cuiaba\/","title":{"rendered":"Pol\u00edcia Civil registra aumento de 27% no n\u00famero de atendimento \u00e0s v\u00edtimas de viol\u00eancia em Cuiab\u00e1"},"content":{"rendered":"<h5>\u201cO acolhimento pode representar o primeiro passo para o rompimento do ciclo da viol\u00eancia\u201d, diz delegada Jud\u00e1 Marcondes<\/h5>\n<div>Dana Campos\u00a0|\u00a0Pol\u00edcia Civil-MT<\/div>\n<div><\/div>\n<div>\n<p><span style=\"color: #222222;\"><span style=\"font-family: Arial, Helvetica, sans-serif;\"><span style=\"font-size: medium;\">O aumento em 27% no n\u00famero de atendimento prestado a mulheres v\u00edtimas de viol\u00eancia dom\u00e9stica foi o principal dado estat\u00edstico registrado pela Pol\u00edcia Civil, durante o lan\u00e7amento do \u201cAnu\u00e1rio de Viol\u00eancia Dom\u00e9stica e Crimes Sexuais \u2013 2024\u201d. De 2.061 casos registrados em 2023, subiu para 6.223, no ano de 2024.<\/span><\/span><\/span><\/p>\n<p><span style=\"color: #222222;\"><span style=\"font-family: Arial, Helvetica, sans-serif;\"><span style=\"font-size: medium;\">O documento tem como base de dados o Relat\u00f3rio Estat\u00edstico e An\u00e1lise dos Atendimentos na Delegacia Especializada de Defesa da Mulher (DEDM) e do Plant\u00e3o da Viol\u00eancia Dom\u00e9stica e Crimes Sexuais &#8211; 24h (PLVD).<\/span><\/span><\/span><\/p>\n<p><span style=\"color: #222222;\"><span style=\"font-family: Arial, Helvetica, sans-serif;\"><span style=\"font-size: medium;\">Para a delegada titular da Delegacia Especializada de Defesa da Mulher (DEDM), Jud\u00e1 Maali, esse aumento representa a melhoria do atendimento prestado pelos profissionais, que passaram por in\u00fameras capacita\u00e7\u00f5es. \u201cO acolhimento pode representar o primeiro passo para o rompimento do ciclo da viol\u00eancia\u201d, disse delegada Jud\u00e1 Marcondes.<\/span><\/span><\/span><\/p>\n<p><span style=\"color: #222222;\"><span style=\"font-family: Arial, Helvetica, sans-serif;\"><span style=\"font-size: medium;\">Conforme o Anu\u00e1rio, os meses de maio e outubro foram os que mais houve demanda. Segundo a delegada, essa procura representa a autoconsci\u00eancia da v\u00edtima. \u201cA gente acredita que, a partir do momento que a mulher se autoavalia, ela cria uma maior consci\u00eancia sobre o que contexto que ela est\u00e1 inserida\u201d, considerou a delegada, associando os indicativos com as datas em que s\u00e3o celebradas Dia das M\u00e3es (maio) e Outubro Rosa.<\/span><\/span><\/span><\/p>\n<p><span style=\"color: #222222;\"><span style=\"font-family: Arial, Helvetica, sans-serif;\"><span style=\"font-size: medium;\">Al\u00e9m disso, o levantamento indicou que a segunda-feira \u00e9 o dia da semana em que h\u00e1 maior procura pelas unidades policiais voltadas \u00e0 pol\u00edtica de seguran\u00e7a \u00e0 mulher.<\/span><\/span><\/span><\/p>\n<p><span style=\"color: #222222;\"><span style=\"font-family: Arial, Helvetica, sans-serif;\"><span style=\"font-size: medium;\"><b>Perfil da v\u00edtima<\/b><\/span><\/span><\/span><\/p>\n<p><span style=\"color: #222222;\"><span style=\"font-family: Arial, Helvetica, sans-serif;\"><span style=\"font-size: medium;\">Conforme levantamento do Anu\u00e1rio, dos 6.223 casos registrados no ano de 2024, 62% das v\u00edtimas possuem n\u00edvel de escolaridade m\u00e9dio e superior\u00a0<\/span><\/span><\/span><span style=\"color: #222222;\"><span style=\"font-family: Arial, Helvetica, sans-serif;\"><span style=\"font-size: medium;\">(3.858)<\/span><\/span><\/span><span style=\"color: #222222;\"><span style=\"font-family: Arial, Helvetica, sans-serif;\"><span style=\"font-size: medium;\">.\u00a0<\/span><\/span><\/span><span style=\"color: #222222;\"><span style=\"font-family: Arial, Helvetica, sans-serif;\"><span style=\"font-size: medium;\">Al\u00e9m disso, os dados retrataram que\u00a0<\/span><\/span><\/span><span style=\"color: #222222;\"><span style=\"font-family: Arial, Helvetica, sans-serif;\"><span style=\"font-size: medium;\">55% das<\/span><\/span><\/span><span style=\"color: #222222;\"><span style=\"font-family: Arial, Helvetica, sans-serif;\"><span style=\"font-size: medium;\">\u00a0v\u00edtima<\/span><\/span><\/span><span style=\"color: #222222;\"><span style=\"font-family: Arial, Helvetica, sans-serif;\"><span style=\"font-size: medium;\">s eram pretas\/pardas\u00a0<\/span><\/span><\/span><span style=\"color: #222222;\"><span style=\"font-family: Arial, Helvetica, sans-serif;\"><span style=\"font-size: medium;\">(3.423)<\/span><\/span><\/span><span style=\"color: #222222;\"><span style=\"font-family: Arial, Helvetica, sans-serif;\"><span style=\"font-size: medium;\">, 55% tinham entre 30 a 49 anos\u00a0<\/span><\/span><\/span><span style=\"color: #222222;\"><span style=\"font-family: Arial, Helvetica, sans-serif;\"><span style=\"font-size: medium;\">(3.423)<\/span><\/span><\/span><span style=\"color: #222222;\"><span style=\"font-family: Arial, Helvetica, sans-serif;\"><span style=\"font-size: medium;\">, e 58% tinha como renda de uma a tr\u00eas sal\u00e1rios m\u00ednimos\u00a0<\/span><\/span><\/span><span style=\"color: #222222;\"><span style=\"font-family: Arial, Helvetica, sans-serif;\"><span style=\"font-size: medium;\">(3.611)<\/span><\/span><\/span><span style=\"color: #222222;\"><span style=\"font-family: Arial, Helvetica, sans-serif;\"><span style=\"font-size: medium;\">.<\/span><\/span><\/span><\/p>\n<p><span style=\"color: #222222;\"><span style=\"font-family: Arial, Helvetica, sans-serif;\"><span style=\"font-size: medium;\"><b>Perfil do Suspeito<\/b><\/span><\/span><\/span><\/p>\n<p><span style=\"font-family: Arial, Helvetica, sans-serif;\">De acordo com<\/span><span style=\"font-family: Arial, Helvetica, sans-serif;\">\u00a0o Anu\u00e1rio, dos 6.223 casos registrados no ano de 2024,\u00a0<\/span><span style=\"font-family: Arial, Helvetica, sans-serif;\">36%<\/span>\u00a0<span style=\"font-family: Arial, Helvetica, sans-serif;\">dos suspeitos<\/span><span style=\"font-family: Arial, Helvetica, sans-serif;\">\u00a0possuem n\u00edvel de escolaridade m\u00e9dio e superior\u00a0<\/span><span style=\"font-family: Arial, Helvetica, sans-serif;\">(<\/span><span style=\"font-family: Arial, Helvetica, sans-serif;\">2.240<\/span><span style=\"font-family: Arial, Helvetica, sans-serif;\">)<\/span><span style=\"font-family: Arial, Helvetica, sans-serif;\">.\u00a0<\/span><span style=\"font-family: Arial, Helvetica, sans-serif;\">Al\u00e9m disso, os dados retrataram que\u00a0<\/span><span style=\"font-family: Arial, Helvetica, sans-serif;\">33<\/span><span style=\"font-family: Arial, Helvetica, sans-serif;\">% d<\/span><span style=\"font-family: Arial, Helvetica, sans-serif;\">os suspeitos<\/span><span style=\"font-family: Arial, Helvetica, sans-serif;\">\u00a0eram pretas\/pardas\u00a0<\/span><span style=\"font-family: Arial, Helvetica, sans-serif;\">(<\/span><span style=\"font-family: Arial, Helvetica, sans-serif;\">2.054<\/span><span style=\"font-family: Arial, Helvetica, sans-serif;\">)<\/span><span style=\"font-family: Arial, Helvetica, sans-serif;\">,\u00a0<\/span><span style=\"font-family: Arial, Helvetica, sans-serif;\">63<\/span><span style=\"font-family: Arial, Helvetica, sans-serif;\">% tinham entre\u00a0<\/span><span style=\"font-family: Arial, Helvetica, sans-serif;\">18<\/span><span style=\"font-family: Arial, Helvetica, sans-serif;\">\u00a0a 49 anos\u00a0<\/span><span style=\"font-family: Arial, Helvetica, sans-serif;\">(<\/span><span style=\"font-family: Arial, Helvetica, sans-serif;\">3.919<\/span><span style=\"font-family: Arial, Helvetica, sans-serif;\">)<\/span><span style=\"font-family: Arial, Helvetica, sans-serif;\">, e\u00a0<\/span><span style=\"font-family: Arial, Helvetica, sans-serif;\">que t\u00eam profiss\u00f5es diversificadas.<\/span><\/p>\n<p><span style=\"font-family: Arial, Helvetica, sans-serif;\"><b>Lan\u00e7amento<\/b><\/span><\/p>\n<p><span style=\"font-family: Arial, Helvetica, sans-serif;\">A divulga\u00e7\u00e3o do Anu\u00e1rio ocorreu nesta ter\u00e7a-feira (16.9), na sede da Delegacia Especializada de Defesa da Mulher (DEDM), em Cuiab\u00e1.<\/span><\/p>\n<p><span style=\"font-family: Arial, Helvetica, sans-serif;\">O evento contou com a presen\u00e7a da Coordenadora de Enfrentamento da Viol\u00eancia Contra a Mulher, Mariell Antonini, e do delegado do Plant\u00e3o de Viol\u00eancia Dom\u00e9stica de Cuiab\u00e1, Richard Damaceno.<\/span><\/p>\n<\/div>\n","protected":false},"excerpt":{"rendered":"<p>\u201cO acolhimento pode representar o primeiro passo para o rompimento do ciclo da viol\u00eancia\u201d, diz<\/p>\n","protected":false},"author":2,"featured_media":64757,"comment_status":"open","ping_status":"open","sticky":false,"template":"","format":"standard","meta":{"footnotes":""},"categories":[13,8],"tags":[],"aioseo_notices":[],"_links":{"self":[{"href":"https:\/\/portalnewsgta.com.br\/index.php\/wp-json\/wp\/v2\/posts\/64756"}],"collection":[{"href":"https:\/\/portalnewsgta.com.br\/index.php\/wp-json\/wp\/v2\/posts"}],"about":[{"href":"https:\/\/portalnewsgta.com.br\/index.php\/wp-json\/wp\/v2\/types\/post"}],"author":[{"embeddable":true,"href":"https:\/\/portalnewsgta.com.br\/index.php\/wp-json\/wp\/v2\/users\/2"}],"replies":[{"embeddable":true,"href":"https:\/\/portalnewsgta.com.br\/index.php\/wp-json\/wp\/v2\/comments?post=64756"}],"version-history":[{"count":1,"href":"https:\/\/portalnewsgta.com.br\/index.php\/wp-json\/wp\/v2\/posts\/64756\/revisions"}],"predecessor-version":[{"id":64758,"href":"https:\/\/portalnewsgta.com.br\/index.php\/wp-json\/wp\/v2\/posts\/64756\/revisions\/64758"}],"wp:featuredmedia":[{"embeddable":true,"href":"https:\/\/portalnewsgta.com.br\/index.php\/wp-json\/wp\/v2\/media\/64757"}],"wp:attachment":[{"href":"https:\/\/portalnewsgta.com.br\/index.php\/wp-json\/wp\/v2\/media?parent=64756"}],"wp:term":[{"taxonomy":"category","embeddable":true,"href":"https:\/\/portalnewsgta.com.br\/index.php\/wp-json\/wp\/v2\/categories?post=64756"},{"taxonomy":"post_tag","embeddable":true,"href":"https:\/\/portalnewsgta.com.br\/index.php\/wp-json\/wp\/v2\/tags?post=64756"}],"curies":[{"name":"wp","href":"https:\/\/api.w.org\/{rel}","templated":true}]}}