{"id":64747,"date":"2025-09-17T09:02:45","date_gmt":"2025-09-17T12:02:45","guid":{"rendered":"https:\/\/portalnewsgta.com.br\/?p=64747"},"modified":"2025-09-17T09:02:45","modified_gmt":"2025-09-17T12:02:45","slug":"presidente-do-pl-crava-fagundes-ao-governo-mas-cita-problema-com-ascensao-de-janaina-no-senado","status":"publish","type":"post","link":"https:\/\/portalnewsgta.com.br\/index.php\/2025\/09\/17\/presidente-do-pl-crava-fagundes-ao-governo-mas-cita-problema-com-ascensao-de-janaina-no-senado\/","title":{"rendered":"Presidente do PL crava Fagundes ao governo, mas cita &#8216;problema&#8217; com ascens\u00e3o de Janaina no Senado"},"content":{"rendered":"<div class=\"col-xs-12 col-sm-12 col-md-12 col-lg-12 mb10\">\n<div class=\"row\">\n<div class=\"col-xs-12 col-sm-12 col-md-12 col-lg-12 mb15\">\n<div class=\"row\">\n<div class=\"col-xs-12 col-sm-11 col-md-11 col-lg-11 autorer\"><span class=\"autores_fontes_nome\">Fred Moraes<\/span><\/p>\n<p class=\"autores_fontes_email\">fred.moraes@gazetadigital.com.br<\/p>\n<\/div>\n<\/div>\n<\/div>\n<\/div>\n<\/div>\n<div class=\"col-xs-12 col-sm-12 col-md-12 col-lg-12 mb30\">\n<p class=\"credito-1\">Montagem GD<\/p>\n<p class=\"img-conteudo-desc\">\n<div id=\"text-content\" class=\"mb20\">\n<p>O presidente nacional do Partido Liberal (PL), Valdemar Costa Neto, anunciou a pr\u00e9-candidatura do senador por Mato Grosso, Wellington Fagundes (PL), ao governo do estado. Durante uma entrevista, Valdemar disse que o pol\u00edtico, que chegou a comandar a sigla regionalmente, deve ser a aposta liberal em 2026, mas revelou que a candidatura de Janaina Riva (MDB) ao Senado \u00e9 uma pedra no sapato, porque pode tirar uma das duas vagas da agremia\u00e7\u00e3o.<\/p>\n<p>&nbsp;<\/p>\n<p>De acordo com Valdemar, a dire\u00e7\u00e3o nacional j\u00e1 cravou Fagundes para a disputa um ano antes das conven\u00e7\u00f5es partid\u00e1rias, mas enfrentam um \u2018problema\u00e7o\u2019, com a popularidade da deputada estadual Janaina Riva (MDB), que caminha a passos curtos para se tornar senadora.<\/p>\n<p>&nbsp;<\/p>\n<p>O presidente explicou que o ex-presidente Jair Bolsonaro (PL), deseja apoiar Jos\u00e9 Medeiros (PL) e o governador de Mato Grosso, Mauro Mendes (Uni\u00e3o), ao Senado, por\u00e9m a expressividade da deputada preocupa\u00a0 a dire\u00e7\u00e3o liberal, pondo em cheque a alian\u00e7a com o governador.<\/p>\n<p>&nbsp;<\/p>\n<p>\u201cMato Grosso, Wellington deve ser candidato. Mas, temos problema\u00e7o para resolver com senadores, n\u00f3s vamos resolver. O Bolsonaro j\u00e1 escolheu os dois. Ele quer apoiar o governador Mauro Mendes e o Jos\u00e9 Medeiros. Mas, temos um problema, o MDB. A nora do Wellington, a Janaina Riva, est\u00e1 muito bem avaliada internamente\u201d, explicou Valdemar nessa segunda-feira (15).<\/p>\n<p>&nbsp;<\/p>\n<p><strong>MDB AVALIA COSTURA<\/strong><\/p>\n<p>&nbsp;<\/p>\n<p>Como j\u00e1 amplamente informado, o pr\u00f3prio partido de Janaina Riva vislumbra uma dobradinha com o PL, visando apoio ao Senado. No entanto, alguns nomes rejeitam o \u2018casamento\u2019 diante do hist\u00f3rico de rivalidade das duas siglas nas principais cidades do estado, na \u00faltima elei\u00e7\u00e3o.<\/p>\n<p>&nbsp;<\/p>\n<p>H\u00e1 9 dias, o pr\u00f3prio prefeito de Cuiab\u00e1, Abilio Brunini (PL), garantiu que se depender dele, a uni\u00e3o n\u00e3o existir\u00e1 e considera ainda pressionar outros prefeitos para aderirem ao movimento \u2018Anti-MDB\u201d<\/p>\n<\/div>\n<\/div>\n","protected":false},"excerpt":{"rendered":"<p>Fred Moraes fred.moraes@gazetadigital.com.br Montagem GD O presidente nacional do Partido Liberal (PL), Valdemar Costa Neto,<\/p>\n","protected":false},"author":2,"featured_media":64748,"comment_status":"open","ping_status":"open","sticky":false,"template":"","format":"standard","meta":{"footnotes":""},"categories":[13,2],"tags":[1577],"aioseo_notices":[],"_links":{"self":[{"href":"https:\/\/portalnewsgta.com.br\/index.php\/wp-json\/wp\/v2\/posts\/64747"}],"collection":[{"href":"https:\/\/portalnewsgta.com.br\/index.php\/wp-json\/wp\/v2\/posts"}],"about":[{"href":"https:\/\/portalnewsgta.com.br\/index.php\/wp-json\/wp\/v2\/types\/post"}],"author":[{"embeddable":true,"href":"https:\/\/portalnewsgta.com.br\/index.php\/wp-json\/wp\/v2\/users\/2"}],"replies":[{"embeddable":true,"href":"https:\/\/portalnewsgta.com.br\/index.php\/wp-json\/wp\/v2\/comments?post=64747"}],"version-history":[{"count":1,"href":"https:\/\/portalnewsgta.com.br\/index.php\/wp-json\/wp\/v2\/posts\/64747\/revisions"}],"predecessor-version":[{"id":64749,"href":"https:\/\/portalnewsgta.com.br\/index.php\/wp-json\/wp\/v2\/posts\/64747\/revisions\/64749"}],"wp:featuredmedia":[{"embeddable":true,"href":"https:\/\/portalnewsgta.com.br\/index.php\/wp-json\/wp\/v2\/media\/64748"}],"wp:attachment":[{"href":"https:\/\/portalnewsgta.com.br\/index.php\/wp-json\/wp\/v2\/media?parent=64747"}],"wp:term":[{"taxonomy":"category","embeddable":true,"href":"https:\/\/portalnewsgta.com.br\/index.php\/wp-json\/wp\/v2\/categories?post=64747"},{"taxonomy":"post_tag","embeddable":true,"href":"https:\/\/portalnewsgta.com.br\/index.php\/wp-json\/wp\/v2\/tags?post=64747"}],"curies":[{"name":"wp","href":"https:\/\/api.w.org\/{rel}","templated":true}]}}