{"id":63952,"date":"2025-09-09T08:07:44","date_gmt":"2025-09-09T11:07:44","guid":{"rendered":"https:\/\/portalnewsgta.com.br\/?p=63952"},"modified":"2025-09-09T08:07:44","modified_gmt":"2025-09-09T11:07:44","slug":"fagundes-contrasta-abilio-e-descarta-resistencia-ao-mdb","status":"publish","type":"post","link":"https:\/\/portalnewsgta.com.br\/index.php\/2025\/09\/09\/fagundes-contrasta-abilio-e-descarta-resistencia-ao-mdb\/","title":{"rendered":"Fagundes contrasta Abilio e descarta resist\u00eancia ao MDB"},"content":{"rendered":"<p>&#8216;pl s\u00f3 n\u00e3o aceita esquerda&#8217;<\/p>\n<div class=\"col-xs-12 col-sm-12 col-md-12 col-lg-12 mb10\">\n<div class=\"row\">\n<div class=\"col-xs-12 col-sm-12 col-md-12 col-lg-12 mb15\">\n<div class=\"row\">\n<div class=\"col-xs-12 col-sm-11 col-md-11 col-lg-11 autorer\"><span class=\"autores_fontes_nome\">Allan Mesquita<\/span><\/p>\n<p class=\"autores_fontes_email\">allan@gazetadigital.com.br<\/p>\n<\/div>\n<\/div>\n<\/div>\n<\/div>\n<\/div>\n<div class=\"col-xs-12 col-sm-12 col-md-12 col-lg-12 mb30\">\n<p class=\"credito-1\">Montagem GD<\/p>\n<p><span class=\"img-conteudo pull-left\"><a href=\"https:\/\/www.gazetadigital.com.br\/storage\/webdisco\/2025\/09\/08\/1200x900\/b4bd2282556a7f852ca3c2692e81fe4d.png\" data-fancybox=\"gallery\" data-caption=\"Montagem GD\"><img decoding=\"async\" src=\"https:\/\/www.gazetadigital.com.br\/storage\/webdisco\/2025\/09\/08\/431x285\/b4bd2282556a7f852ca3c2692e81fe4d.png\" alt=\"Montagem GD\" \/><\/a><\/span><\/p>\n<p class=\"img-conteudo-desc\">\n<div id=\"text-content\" class=\"mb20\">\n<p>Na contram\u00e3o do que pensa o prefeito de Cuiab\u00e1, Abilio Brunini (PL), o senador Wellington Fagundes (PL) n\u00e3o enxerga problemas em uma eventual alian\u00e7a entre o PL e o MDB em Mato Grosso. Um dia ap\u00f3s o ato em que apoiadores de Jair Bolsonaro (PL) foram \u00e0s ruas pedir anistia, o correligion\u00e1rio e pretenso candidato ao governo do Estado amenizou as cr\u00edticas feitas perante os conservadores.<\/p>\n<p>Em entrevista ao Jornal do Meio Dia, da TV Vila Real (canal 10.1), nesta segunda-feira (8), o parlamentar ressaltou que o partido nacional n\u00e3o rejeita coliga\u00e7\u00f5es com legendas que n\u00e3o sejam de esquerda e defendeu o di\u00e1logo na condu\u00e7\u00e3o da pol\u00edtica.<\/p>\n<p>\u201cOlha, os \u00fanicos partidos que o PL nacional n\u00e3o aceita \u00e9 a esquerda. Fora isso, n\u00f3s vamos conversar para um plano para o Brasil, queremos o presidente Bolsonaro como nosso candidato, queremos aprovar a anistia. Para isso, precisamos ter a maioria, inclusive o MDB, que \u00e9 um grande partido, que queremos e vamos trabalhar para votar a anistia. Todos os partidos que n\u00e3o pensam na linha de esquerda s\u00e3o convidados e poder\u00e3o fazer aproxima\u00e7\u00f5es\u201d, disse Fagundes.<\/p>\n<p>A declara\u00e7\u00e3o de Fagundes contrasta com a postura do prefeito, durante o ato pr\u00f3-anistia Reaja Brasil, no domingo (7). Na oportunidade, ele direcionou ataques \u00e0 candidatura de Janaina Riva (MDB) ao Senado, sugerindo que a deputada n\u00e3o \u00e9 de direita.<\/p>\n<p>Janaina, por sua vez, afirmou que o debate eleitoral deve ser deixado para o ano da elei\u00e7\u00e3o, ressaltando que outras pautas importantes precisam ser discutidas. Ela n\u00e3o falou diretamente sobre os coment\u00e1rios do prefeito.<\/p>\n<p>O senador, contudo, minimizou a pol\u00eamica lembrando de sua presen\u00e7a em eventos do MDB e da nova federa\u00e7\u00e3o Uni\u00e3o Progressista em Mato Grosso, destacando a import\u00e2ncia de manter rela\u00e7\u00f5es respeitosas entre os partidos.<\/p>\n<p>\u201cNa hora da elei\u00e7\u00e3o, defini-se como ser\u00e3o as disputas. Mas elei\u00e7\u00e3o n\u00e3o pode ser para fazer inimizade. E a gente tamb\u00e9m n\u00e3o pode ser hip\u00f3crita. Tudo tem que ser transparente\u201d, afirmou.<\/p>\n<\/div>\n<\/div>\n","protected":false},"excerpt":{"rendered":"<p>&#8216;pl s\u00f3 n\u00e3o aceita esquerda&#8217; Allan Mesquita allan@gazetadigital.com.br Montagem GD Na contram\u00e3o do que pensa<\/p>\n","protected":false},"author":2,"featured_media":63953,"comment_status":"open","ping_status":"open","sticky":false,"template":"","format":"standard","meta":{"footnotes":""},"categories":[13],"tags":[],"aioseo_notices":[],"_links":{"self":[{"href":"https:\/\/portalnewsgta.com.br\/index.php\/wp-json\/wp\/v2\/posts\/63952"}],"collection":[{"href":"https:\/\/portalnewsgta.com.br\/index.php\/wp-json\/wp\/v2\/posts"}],"about":[{"href":"https:\/\/portalnewsgta.com.br\/index.php\/wp-json\/wp\/v2\/types\/post"}],"author":[{"embeddable":true,"href":"https:\/\/portalnewsgta.com.br\/index.php\/wp-json\/wp\/v2\/users\/2"}],"replies":[{"embeddable":true,"href":"https:\/\/portalnewsgta.com.br\/index.php\/wp-json\/wp\/v2\/comments?post=63952"}],"version-history":[{"count":1,"href":"https:\/\/portalnewsgta.com.br\/index.php\/wp-json\/wp\/v2\/posts\/63952\/revisions"}],"predecessor-version":[{"id":63954,"href":"https:\/\/portalnewsgta.com.br\/index.php\/wp-json\/wp\/v2\/posts\/63952\/revisions\/63954"}],"wp:featuredmedia":[{"embeddable":true,"href":"https:\/\/portalnewsgta.com.br\/index.php\/wp-json\/wp\/v2\/media\/63953"}],"wp:attachment":[{"href":"https:\/\/portalnewsgta.com.br\/index.php\/wp-json\/wp\/v2\/media?parent=63952"}],"wp:term":[{"taxonomy":"category","embeddable":true,"href":"https:\/\/portalnewsgta.com.br\/index.php\/wp-json\/wp\/v2\/categories?post=63952"},{"taxonomy":"post_tag","embeddable":true,"href":"https:\/\/portalnewsgta.com.br\/index.php\/wp-json\/wp\/v2\/tags?post=63952"}],"curies":[{"name":"wp","href":"https:\/\/api.w.org\/{rel}","templated":true}]}}