{"id":63200,"date":"2025-09-01T11:03:01","date_gmt":"2025-09-01T14:03:01","guid":{"rendered":"https:\/\/portalnewsgta.com.br\/?p=63200"},"modified":"2025-09-01T11:03:01","modified_gmt":"2025-09-01T14:03:01","slug":"tarcisio-tenta-conciliar-defesa-de-bolsonaro-ida-ao-7-9-e-discricao","status":"publish","type":"post","link":"https:\/\/portalnewsgta.com.br\/index.php\/2025\/09\/01\/tarcisio-tenta-conciliar-defesa-de-bolsonaro-ida-ao-7-9-e-discricao\/","title":{"rendered":"Tarc\u00edsio tenta conciliar defesa de Bolsonaro, ida ao 7\/9 e discri\u00e7\u00e3o"},"content":{"rendered":"<section class=\"FullLine\">\n<div class=\"conteudo\">\n<h3>Governador de S\u00e3o Paulo vem sendo alvo de cr\u00edticas do bolsonarismo mais radical e dos filhos do ex-presidente<\/h3>\n<\/div>\n<\/section>\n<section>\n<div class=\"FullLine\">\n<div class=\"conteudo_foto\">\n<div class=\"imgcontent\">\n<p class=\"credito_foto\">Reprodu\u00e7\u00e3o<\/p>\n<p><a href=\"https:\/\/www.midianews.com.br\/\/storage\/webdisco\/2025\/08\/28\/886x590\/069430b3d461d45f06cc8565a7ddb869.jpg\" rel=\"lightbox\" data-title=\"O governador de S\u00e3o Paulo, Tarc\u00edsio de Freitas, que disse ter \"><img loading=\"lazy\" decoding=\"async\" id=\"img_conteudo\" class=\"img-responsive\" src=\"https:\/\/www.midianews.com.br\/\/storage\/webdisco\/2025\/08\/28\/438x291\/069430b3d461d45f06cc8565a7ddb869.jpg\" alt=\"O governador de S\u00e3o Paulo, Tarc\u00edsio de Freitas, que disse ter \" width=\"438\" height=\"292\" border=\"0\" \/><\/a><\/p>\n<p class=\"descricao_foto\">O governador de S\u00e3o Paulo, Tarc\u00edsio de Freitas, que disse ter &#8220;convic\u00e7\u00e3o absoluta da inoc\u00eancia do Bolsonaro&#8221;<\/p>\n<\/div>\n<\/div>\n<div class=\"Font14Bold\">BRUNO RIBEIRO E MARIANNA HOLANDA<br \/>\nDA FOLHAPRESS<\/div>\n<div id=\"texto\" class=\"texto\">\n<p>Considerado o principal sucessor pol\u00edtico de Jair Bolsonaro (PL), mas sob ataques do cl\u00e3, Tarc\u00edsio de Freitas (Republicanos) tentar\u00e1 conciliar a defesa do ex-presidente com uma estrat\u00e9gia de discri\u00e7\u00e3o durante o julgamento que definir\u00e1 o futuro de seu mentor.<\/p>\n<p>&nbsp;<\/p>\n<p>O governador de S\u00e3o Paulo, que vem sendo alvo de cr\u00edticas diretas ou indiretas do bolsonarismo mais radical e dos filhos do ex-presidente, deve permanecer no Pal\u00e1cio dos Bandeirantes, em agendas internas, nos dias em que ocorrer a fase final do processo do STF (Supremo Tribunal Federal) sobre a trama golpista.<\/p>\n<p>&nbsp;<\/p>\n<p>Confirmada eventual condena\u00e7\u00e3o, ele deve fazer coro a gestos de solidariedade ao aliado e contest\u00e1-la, mantendo o discurso de inoc\u00eancia do aliado. Mas, por ora, nenhum de seus parceiros pol\u00edticos fala em a\u00e7\u00f5es mais agudas, como presen\u00e7a em outros protestos de rua contra o julgamento \u2014exceto ao ato j\u00e1 marcado para o dia 7 na avenida Paulista.<\/p>\n<p>&nbsp;<\/p>\n<p>Essas falas j\u00e1 v\u00eam sendo expressas pelo governador. Em 21 de agosto, dia seguinte ao pedido de indiciamento de Bolsonaro e de um de seus filhos, o deputado federal Eduardo Bolsonaro (PL-SP), por obstru\u00e7\u00e3o ao julgamento, Tarc\u00edsio ressaltou que sua rela\u00e7\u00e3o com o ex-presidente &#8220;vai ser como sempre foi, uma rela\u00e7\u00e3o de lealdade, rela\u00e7\u00e3o de amizade, rela\u00e7\u00e3o de gratid\u00e3o&#8221;.<\/p>\n<div id=\"taboola-mid-article-thumbnails\" class=\"trc_related_container tbl-trecs-container trc_spotlight_widget trc_elastic trc_elastic_alternating-thumbnails-a-mid-article\" data-placement-name=\"Mid Article Thumbnails\">\n<div class=\"trc_rbox_container\">\n<div>\n<div id=\"trc_wrapper_6153738516\" class=\"trc_rbox alternating-thumbnails-a-mid-article trc-content-hybrid\">\n<div id=\"trc_header_6153738516\" class=\"trc_rbox_header trc_rbox_border_elm\">\n<div class=\"trc_header_ext\"><\/div>\n<\/div>\n<div id=\"outer_6153738516\" class=\"trc_rbox_outer\">\n<div id=\"rbox-t2m\" class=\"trc_rbox_div trc_rbox_border_elm\">\n<div id=\"internal_trc_6153738516\">\n<div class=\"videoCube trc_spotlight_item origin-default textItem thumbnail_start videoCube_4_child trc_excludable\" data-item-id=\"5428253215250834134\" data-item-title=\"MidiaNews | &quot;N\u00e3o vai ter vida f\u00e1cil para ningu\u00e9m&quot;, diz Botelho sobre disputa\" data-item-thumb=\"https:\/\/www.midianews.com.br\/storage\/webdisco\/2025\/05\/07\/1200x900\/8d7d0a55495670a58809698de79a75da.jpg\" data-item-syndicated=\"false\">\n<div class=\"trc_user_exclude_btn\" title=\"Remover este item\"><\/div>\n<div class=\"trc_exclude_undo_btn\"><\/div>\n<\/div>\n<\/div>\n<\/div>\n<\/div>\n<\/div>\n<\/div>\n<\/div>\n<\/div>\n<p>Na sexta-feira (29), em um evento em Santo Andr\u00e9, no ABC, ele disse ter &#8220;convic\u00e7\u00e3o absoluta da inoc\u00eancia do Bolsonaro&#8221; e que a acusa\u00e7\u00e3o de tramar um golpe de Estado n\u00e3o fazia &#8220;o menor sentido&#8221;. &#8220;Eu acredito muito e tenho convic\u00e7\u00e3o absoluta na inoc\u00eancia e, se houver Justi\u00e7a, ele vai ser inocentado&#8221;, disse. Em uma entrevista no mesmo dia, disse que o indulto ao ex-presidente seria seu primeiro ato como presidente.<\/p>\n<p>&nbsp;<\/p>\n<p>Tarc\u00edsio fez apenas uma visita a Bolsonaro ap\u00f3s o ministro Alexandre de Moraes coloc\u00e1-lo em pris\u00e3o domiciliar, no dia 4. Desde ent\u00e3o, como a Folha de S.Paulo mostrou, intensificou agendas com empres\u00e1rios dos setores financeiro e agropecu\u00e1rio, artistas populares e o segmento evang\u00e9lico, se expondo de forma menos velada \u00e0 pr\u00e9-candidatura presidencial.<\/p>\n<p>&nbsp;<\/p>\n<p>Contudo, governador e ex-presidente mant\u00eam contato constante por meio de Diego Torres Dourado, cunhado de Bolsonaro e assessor especial do governador. Segundo assessores de Tarc\u00edsio, o l\u00edder do cl\u00e3 n\u00e3o fez nenhuma ressalva aos passos do governador em dire\u00e7\u00e3o \u00e0 candidatura, o que foi interpretado como endosso.<\/p>\n<p>&nbsp;<\/p>\n<p>As mensagens divulgadas entre Eduardo e seu pai, no relat\u00f3rio da Pol\u00edcia Federal, mostraram que o deputado j\u00e1 tinha desconfian\u00e7a em rela\u00e7\u00e3o ao governador. Com as movimenta\u00e7\u00f5es mais recentes de Tarc\u00edsio, esse tensionamento se acentuou.<\/p>\n<p>&nbsp;<\/p>\n<p>Eduardo briga para manter consigo o t\u00edtulo de sucessor de Bolsonaro, embora dirigentes do centr\u00e3o e da direita prefiram Tarc\u00edsio. Como a Folha de S.Paulo mostrou, ele disse a interlocutores que pode se lan\u00e7ar ao Planalto, mesmo se o pai indicar outro nome, por entender que o far\u00e1 sob press\u00e3o do mundo pol\u00edtico.<\/p>\n<p>&nbsp;<\/p>\n<p>Na sexta, Eduardo sugeriu que poderia deixar seu partido para disputar a Presid\u00eancia por uma legenda menor.<\/p>\n<p>&nbsp;<\/p>\n<p>Tarc\u00edsio, por sua vez, argumenta a interlocutores que n\u00e3o busca conflito com Eduardo e que continuar\u00e1 sem responder \u00e0s provoca\u00e7\u00f5es. Entre seus aliados, a cautela \u00e9 interpretada como um c\u00e1lculo para evitar criar impopularidade entre os eleitores do cl\u00e3.<\/p>\n<p>&nbsp;<\/p>\n<p>Um integrante da equipe do governo afirma que a postura de Tarc\u00edsio para acompanhar o julgamento tem rela\u00e7\u00e3o com o campo aberto em que se encontra no momento. Para aliados pr\u00f3ximos, embora haja um movimento em dire\u00e7\u00e3o \u00e0 candidatura presidencial, o governador n\u00e3o decidiu se esse de fato ser\u00e1 seu caminho ou se tentar\u00e1 a reelei\u00e7\u00e3o em S\u00e3o Paulo.<\/p>\n<p>&nbsp;<\/p>\n<p>Al\u00e9m disso, h\u00e1 preocupa\u00e7\u00e3o em evitar que ele j\u00e1 seja definido como advers\u00e1rio de Lula (PT), o que o exporia a ataques diretos do petista e poderia gerar m\u00e1 vontade entre os governos.<\/p>\n<p>&nbsp;<\/p>\n<p>A percep\u00e7\u00e3o de que enfrentar\u00e1 Tarc\u00edsio j\u00e1 fez Lula intensificar cr\u00edticas ao potencial advers\u00e1rio. Na sexta, em entrevista \u00e0 r\u00e1dio Itatiaia, o presidente disse que o governador &#8220;n\u00e3o \u00e9 nada&#8221; sem Bolsonaro.<\/p>\n<p>&nbsp;<\/p>\n<p>No dia anterior, o governo federal havia turbinado a divulga\u00e7\u00e3o de a\u00e7\u00f5es contra o crime organizado ao saber que, em S\u00e3o Paulo, secret\u00e1rios estaduais participaram da apresenta\u00e7\u00e3o da opera\u00e7\u00e3o que mirou elos entre o PCC (Primeiro Comando da Capital) e a Faria Lima.<\/p>\n<p>&nbsp;<\/p>\n<p>A postura de cautela com o julgamento que influenciar\u00e1 o futuro da direita tamb\u00e9m passar\u00e1 por outros governadores presidenci\u00e1veis. Interlocutores de Ratinho Jr. (PSD), do Paran\u00e1, e Ronaldo Caiado (Uni\u00e3o Brasil), de Goi\u00e1s, afirmam que n\u00e3o deve haver mudan\u00e7a de tom nas pr\u00f3ximas semanas, a despeito das demandas bolsonaristas por mais provas de lealdade ao ex-presidente.<\/p>\n<p>&nbsp;<\/p>\n<p>No caso dos dois governadores, j\u00e1 foram feitas cr\u00edticas p\u00fablicas ao processo no Supremo, num entendimento de que h\u00e1 exagero. Mas nenhum tem a pretens\u00e3o de fazer enfrentamento \u00e0 institui\u00e7\u00e3o ou aos magistrados. Tampouco sabem se comparecer\u00e3o \u00e0s manifesta\u00e7\u00f5es de 7 de Setembro.<\/p>\n<p>&nbsp;<\/p>\n<p>J\u00e1 o governador de Minas Gerais, Romeu Zema (Novo), tem sido, de todos, o mais cr\u00edtico a Moraes, relator dos processos contra bolsonaristas no STF. Ele vai ao ato na avenida Paulista, segundo assessores, e deve seguir na mesma toada de questionamentos ao processo nas pr\u00f3ximas semanas.<\/p>\n<p>&nbsp;<\/p>\n<p>Os governadores t\u00eam sido cobrados por alas mais radicais do bolsonarismo por demonstra\u00e7\u00f5es de lealdade ao ex-presidente, que, no entendimento deles, passa por atacar Moraes e defender a candidatura de Bolsonaro \u2014que est\u00e1 ineleg\u00edvel.<\/p>\n<p>&nbsp;<\/p>\n<p>Os filhos Carlos e Eduardo Bolsonaro t\u00eam expressado de forma mais contundente esse posicionamento, intensificando as cr\u00edticas aos aliados. O vereador do Rio chegou a chamar os governadores de direita de ratos e oportunistas.<\/p>\n<p>&nbsp;<\/p>\n<p>Eles atribuem a movimenta\u00e7\u00e3o do mundo pol\u00edtico por sucessores, sobretudo em prol de Tarc\u00edsio, ao &#8220;sistema&#8221; e criticam o que veem como oportunismo \u00e0s v\u00e9speras do julgamento da trama golpista no STF, que pode condenar Bolsonaro a mais de 40 anos de cadeia.<\/p>\n<p>&nbsp;<\/p>\n<p>Para parlamentares e dirigentes de centro e direita, a rea\u00e7\u00e3o \u00e9 uma tentativa de manter no cl\u00e3 o esp\u00f3lio eleitoral do pai. Al\u00e9m disso, avaliam que \u00e9 uma forma de manterem a relev\u00e2ncia eleitoral deles pr\u00f3prios, uma vez que ser\u00e3o candidatos no ano que vem.<\/p>\n<p>&nbsp;<\/p>\n<p>O senador Fl\u00e1vio Bolsonaro (PL-RJ), por sua vez, tem tido uma postura distinta dos irm\u00e3os. Ele \u00e9 hoje o principal porta-voz do pai no mundo pol\u00edtico, respons\u00e1vel pelas articula\u00e7\u00f5es pol\u00edticas do cl\u00e3, e elogia Tarc\u00edsio a interlocutores.<\/p>\n<\/div>\n<\/div>\n<\/section>\n","protected":false},"excerpt":{"rendered":"<p>Governador de S\u00e3o Paulo vem sendo alvo de cr\u00edticas do bolsonarismo mais radical e dos<\/p>\n","protected":false},"author":2,"featured_media":63201,"comment_status":"open","ping_status":"open","sticky":false,"template":"","format":"standard","meta":{"footnotes":""},"categories":[13,2],"tags":[1523],"aioseo_notices":[],"_links":{"self":[{"href":"https:\/\/portalnewsgta.com.br\/index.php\/wp-json\/wp\/v2\/posts\/63200"}],"collection":[{"href":"https:\/\/portalnewsgta.com.br\/index.php\/wp-json\/wp\/v2\/posts"}],"about":[{"href":"https:\/\/portalnewsgta.com.br\/index.php\/wp-json\/wp\/v2\/types\/post"}],"author":[{"embeddable":true,"href":"https:\/\/portalnewsgta.com.br\/index.php\/wp-json\/wp\/v2\/users\/2"}],"replies":[{"embeddable":true,"href":"https:\/\/portalnewsgta.com.br\/index.php\/wp-json\/wp\/v2\/comments?post=63200"}],"version-history":[{"count":1,"href":"https:\/\/portalnewsgta.com.br\/index.php\/wp-json\/wp\/v2\/posts\/63200\/revisions"}],"predecessor-version":[{"id":63202,"href":"https:\/\/portalnewsgta.com.br\/index.php\/wp-json\/wp\/v2\/posts\/63200\/revisions\/63202"}],"wp:featuredmedia":[{"embeddable":true,"href":"https:\/\/portalnewsgta.com.br\/index.php\/wp-json\/wp\/v2\/media\/63201"}],"wp:attachment":[{"href":"https:\/\/portalnewsgta.com.br\/index.php\/wp-json\/wp\/v2\/media?parent=63200"}],"wp:term":[{"taxonomy":"category","embeddable":true,"href":"https:\/\/portalnewsgta.com.br\/index.php\/wp-json\/wp\/v2\/categories?post=63200"},{"taxonomy":"post_tag","embeddable":true,"href":"https:\/\/portalnewsgta.com.br\/index.php\/wp-json\/wp\/v2\/tags?post=63200"}],"curies":[{"name":"wp","href":"https:\/\/api.w.org\/{rel}","templated":true}]}}