{"id":63194,"date":"2025-09-01T11:00:11","date_gmt":"2025-09-01T14:00:11","guid":{"rendered":"https:\/\/portalnewsgta.com.br\/?p=63194"},"modified":"2025-09-01T11:00:11","modified_gmt":"2025-09-01T14:00:11","slug":"diego-simples-apoio-do-bolsonaro-nao-garante-nada-nao-basta","status":"publish","type":"post","link":"https:\/\/portalnewsgta.com.br\/index.php\/2025\/09\/01\/diego-simples-apoio-do-bolsonaro-nao-garante-nada-nao-basta\/","title":{"rendered":"Diego: \u201cSimples apoio do Bolsonaro n\u00e3o garante nada, n\u00e3o basta\u201d"},"content":{"rendered":"<section class=\"FullLine\">\n<div class=\"conteudo\">\n<h3>Deputado disse que candidatura de Otaviano Pivetta \u00e9 tratada como prioridade do Republicanos<\/h3>\n<\/div>\n<\/section>\n<section>\n<div class=\"FullLine\">\n<div class=\"conteudo_foto\">\n<div class=\"imgcontent\">\n<p class=\"credito_foto\">Victor Ostetti\/MidiaNews<\/p>\n<p><a href=\"https:\/\/www.midianews.com.br\/\/storage\/webdisco\/2025\/08\/29\/886x590\/c48758dbbec04b242f4b5b6cb734283c.jpg\" rel=\"lightbox\" data-title=\"O deputado estadual Diego Guimar\u00e3es, que lidera o Republicanos em Mato Grosso\"><img loading=\"lazy\" decoding=\"async\" id=\"img_conteudo\" class=\"img-responsive\" src=\"https:\/\/www.midianews.com.br\/\/storage\/webdisco\/2025\/08\/29\/438x291\/c48758dbbec04b242f4b5b6cb734283c.jpg\" alt=\"O deputado estadual Diego Guimar\u00e3es, que lidera o Republicanos em Mato Grosso\" width=\"438\" height=\"292\" border=\"0\" \/><\/a><\/p>\n<p class=\"descricao_foto\">O deputado estadual Diego Guimar\u00e3es, que lidera o Republicanos em Mato Grosso<\/p>\n<\/div>\n<\/div>\n<div class=\"Font14Bold\">C\u00cdNTIA BORGES<br \/>\nDA REDA\u00c7\u00c3O<\/div>\n<div id=\"texto\" class=\"texto\">\n<p>Liderando o Republicanos em Mato Grosso, o deputado estadual Diego Guimar\u00e3es afirmou que a candidatura do vice-governador Otaviano Pivetta ao Pal\u00e1cio Paiagu\u00e1s, em 2026, \u00e9 tratada como prioridade pela dire\u00e7\u00e3o nacional do partido e que n\u00e3o haver\u00e1 recuo.<\/p>\n<p data-start=\"191\" data-end=\"444\">\n<div class=\"quote-wrapper right\">\n<div class=\"quote-img-wrapper right\"><img decoding=\"async\" class=\"quote-img right\" src=\"https:\/\/www.midianews.com.br\/images\/aspas_right.gif\" \/><\/div>\n<h2 class=\"quote-content\">Ele \u00e9 de realiza\u00e7\u00e3o, de entrega. Ele \u00e9 o que a gente precisa: atencioso, realizador, bom gestor.<\/h2>\n<\/div>\n<p data-start=\"446\" data-end=\"738\">Pivetta conta com o apoio pessoal do governador Mauro Mendes (Uni\u00e3o) e de outras lideran\u00e7as pol\u00edticas do Estado. No campo da centro-direita, ele e seu grupo articulam uma poss\u00edvel alian\u00e7a com o PL, sigla do ex-presidente Jair Bolsonaro, para atrair o eleitorado bolsonarista em Mato Grosso.<\/p>\n<p data-start=\"446\" data-end=\"738\">\n<p data-start=\"740\" data-end=\"878\">Para Diego, no entanto, a decis\u00e3o do eleitor n\u00e3o se dar\u00e1 apenas com base em apoios pol\u00edticos, mas principalmente no perfil do candidato.<\/p>\n<p data-start=\"740\" data-end=\"878\">\n<p data-start=\"880\" data-end=\"1200\">\u201cO simples apoio do Bolsonaro n\u00e3o garante, n\u00e3o basta. N\u00e3o \u00e9 um predicado, n\u00e3o \u00e9 uma qualidade que deve definir uma elei\u00e7\u00e3o. O cidad\u00e3o de Mato Grosso vai procurar postura, valores e tamb\u00e9m quem tem capacidade de gest\u00e3o, hist\u00f3rico dentro da pol\u00edtica e da iniciativa privada que o capacite a ser um bom gestor\u201d, declarou.<\/p>\n<div id=\"taboola-mid-article-thumbnails\" class=\"trc_related_container tbl-trecs-container trc_spotlight_widget trc_elastic trc_elastic_alternating-thumbnails-a-mid-article\" data-placement-name=\"Mid Article Thumbnails\">\n<div class=\"trc_rbox_container\">\n<div>\n<div id=\"trc_wrapper_9354580976\" class=\"trc_rbox alternating-thumbnails-a-mid-article trc-content-hybrid\">\n<div id=\"trc_header_9354580976\" class=\"trc_rbox_header trc_rbox_border_elm\">\n<div class=\"trc_header_ext\"><\/div>\n<\/div>\n<\/div>\n<\/div>\n<\/div>\n<\/div>\n<p data-start=\"880\" data-end=\"1200\">\n<div class=\"quote-wrapper left\">\n<div class=\"quote-img-wrapper left\"><img decoding=\"async\" class=\"quote-img left\" src=\"https:\/\/www.midianews.com.br\/images\/aspas_left.gif\" \/><\/div>\n<h2 class=\"quote-content\">O simples apoio do Bolsonaro n\u00e3o garante, n\u00e3o basta. N\u00e3o \u00e9 um predicado, n\u00e3o \u00e9 uma qualidade que deve definir uma elei\u00e7\u00e3o<\/h2>\n<\/div>\n<p data-start=\"1202\" data-end=\"1356\">Segundo o parlamentar, esse perfil se encaixa em Pivetta, que, na sua avalia\u00e7\u00e3o, n\u00e3o tem estilo populista, mas \u00e9 reconhecido pela capacidade de entrega.<\/p>\n<p data-start=\"1202\" data-end=\"1356\">\n<p data-start=\"1358\" data-end=\"1651\">\u201cEle n\u00e3o \u00e9 aquele pol\u00edtico bonach\u00e3o, n\u00e3o \u00e9 o \u2018boa pra\u00e7a\u2019, n\u00e3o vai ser e n\u00e3o \u00e9 o mais carism\u00e1tico. Ele \u00e9 de realiza\u00e7\u00e3o, de entrega. Ele \u00e9 o que a gente precisa: atencioso, realizador, bom gestor. O Pivetta tem qualidade para conduzir Mato Grosso e melhorar a vida de quem mora aqui\u201d, emendou.<\/p>\n<p data-start=\"1653\" data-end=\"1843\">Diego tamb\u00e9m destacou que a candidatura de Pivetta deve fortalecer o Republicanos na disputa proporcional, ampliando o protagonismo do partido na elei\u00e7\u00e3o de deputados estaduais e federais.<\/p>\n<p data-start=\"1653\" data-end=\"1843\">\n<p>Ao\u00a0<strong>MidiaNews<\/strong>, o deputado ainda afirmou que o senador Welington Fagundes (PL), poss\u00edvel advers\u00e1rio do vice-governador, deve permanecer no Senado. Ele aproveitou para criticar o Supremo Tribunal Federal (STF) e o ex-prefeito de Cuiab\u00e1, Emanuel Pinheiro (MDB).<\/p>\n<p>&nbsp;<\/p>\n<p><iframe loading=\"lazy\" title=\"YouTube video player\" src=\"https:\/\/www.youtube.com\/embed\/m_IJHL8UTGM?si=r4seO3RBog368KNx\" width=\"560\" height=\"315\" frameborder=\"0\" allowfullscreen=\"allowfullscreen\" data-mce-fragment=\"1\"><\/iframe><\/p>\n<p>&nbsp;<\/p>\n<p><strong>Confira principais trechos da entrevista:<\/strong><\/p>\n<p>&nbsp;<\/p>\n<p><strong>MidiaNews \u2013 O senhor esteve em Bras\u00edlia no evento que comemorou os 20 anos do Republicanos. Como foi esse encontro?<\/strong><\/p>\n<p>&nbsp;<\/p>\n<div class=\"quote-wrapper left\">\n<div class=\"quote-img-wrapper left\"><img decoding=\"async\" class=\"quote-img left\" src=\"https:\/\/www.midianews.com.br\/images\/aspas_left.gif\" \/><\/div>\n<h2 class=\"quote-content\">O Pivetta tem qualidade para conduzir Mato Grosso e melhorar a vida de quem mora aqui<\/h2>\n<\/div>\n<p><strong>Diego Guimar\u00e3es<\/strong>\u00a0&#8211; O Republicanos \u00e9 o quinto maior partido do Brasil e eu acredito que em pouqu\u00edssimo tempo ele estar\u00e1 entre os tr\u00eas maiores do pa\u00eds. O Republicanos tem 20 anos, hoje tem 44 deputados federais, dois governadores, 1.200 vereadores e mais de 400 prefeitos no Brasil inteiro.<\/p>\n<p>&nbsp;<\/p>\n<p>Aqui no estado de Mato Grosso, dois deputados estaduais, o vice-governador Otaviano Pivetta, 12 prefeitos, 21 vice-prefeitos e mais de 160 vereadores. \u00c9 um partido que eu acho que est\u00e1 muito antenado \u00e0quilo que a popula\u00e7\u00e3o brasileira espera da pol\u00edtica.<\/p>\n<p>&nbsp;<\/p>\n<p>Tanto no seu conte\u00fado program\u00e1tico, quanto nas figuras expoentes que est\u00e3o l\u00e1 dentro, como o governador de S\u00e3o Paulo Tarc\u00edsio de Freitas, o vice-governador Otaviano Pivetta, e a senadora Damaris Alves. \u00c9 um partido que tende a crescer muito.<\/p>\n<p>&nbsp;<\/p>\n<p>Nesse evento, o presidente nacional Marcos Pereira, falou desse protagonismo que o partido pretende ter nos pr\u00f3ximos anos. Aqui no estado de Mato Grosso, o Republicanos se prepara para ter o vice-governador Otaviano como candidato ao Pal\u00e1cio Paiagu\u00e1s.<\/p>\n<p>&nbsp;<\/p>\n<div class=\"img-wrapper img-right\">\n<p class=\"img-credit\">Victor Ostetti\/MidiaNews<\/p>\n<p><a href=\"https:\/\/www.midianews.com.br\/storage\/webdisco\/2025\/08\/29\/886x590\/f0598f75949e3ddbf0a2d13a54a18bc7.jpg\" rel=\"lightbox\"><img decoding=\"async\" class=\"img-content\" src=\"https:\/\/www.midianews.com.br\/storage\/webdisco\/2025\/08\/29\/438x291\/f0598f75949e3ddbf0a2d13a54a18bc7.jpg\" alt=\"Diego Guimar\u00c3\u00a3es\" \/><\/a><\/p>\n<p class=\"img-subtitle\">&#8220;O Otaviano Pivetta \u00e9 uma das prioridades do Republicanos no Brasil&#8221;<\/p>\n<\/div>\n<p>O Otaviano Pivetta \u00e9 uma das prioridades do Republicanos no Brasil, por buscar o governo de Mato Grosso, pelo protagonismo do Estado, sua import\u00e2ncia no cen\u00e1rio nacional e pelo modelo de gest\u00e3o que Pivetta vem conduzindo junto com Mauro Mendes.<\/p>\n<p>&nbsp;<\/p>\n<p><strong>MidiaNews &#8211; Quando o senhor cita \u201cprioridade\u201d \u00e9 o mesmo que dizer que o Republicanos n\u00e3o vai recuar da candidatura do Otaviano Pivetta?<\/strong><\/p>\n<p>&nbsp;<\/p>\n<p><strong>Diego Guimar\u00e3es<\/strong>\u00a0&#8211; N\u00e3o, o Republicanos n\u00e3o recua dessa candidatura. Primeiro, porque o eleitor mato-grossense merece uma candidatura como do Otaviano. Otaviano n\u00e3o ser\u00e1 candidato ao governo porque \u00e9 uma vaidade do partido, porque ele quer ou o grupo pol\u00edtico deseja.<\/p>\n<p>&nbsp;<\/p>\n<p>Mato Grosso precisa ter esse debate democr\u00e1tico de avaliar o nome como Otaviano Pivetta, a sua hist\u00f3ria de vida, as realiza\u00e7\u00f5es que ele j\u00e1 teve fora e dentro da pol\u00edtica e avaliar se \u00e9 isso que ele quer.\u00a0 E, enquanto partido, gente avaliza isso.<\/p>\n<p>&nbsp;<\/p>\n<p>O presidente regional, Adilton Sachetti, j\u00e1 deixou isso muito claro: a prioridade do partido para 2026 \u00e9 a candidatura do Otaviano Pivetta. A gente acredita no Otaviano Piveta, vai ser muito bom para o nosso estado, pra quem mora aqui.<\/p>\n<p>&nbsp;<\/p>\n<p>E eu acredito que o Otaviano pode fazer at\u00e9 melhor do que o que est\u00e1 a\u00ed. O Mauro foi muito exitoso, tem feito uma boa gest\u00e3o, mas acredito que ele pode melhorar muito mais a vida de quem mora no nosso estado.<\/p>\n<p>&nbsp;<\/p>\n<p><strong>MidiaNews &#8211; O Otaviano tem uma atua\u00e7\u00e3o consistente na infraestrutura e na educa\u00e7\u00e3o do Estado.\u00a0<\/strong><\/p>\n<p>&nbsp;<\/p>\n<div class=\"quote-wrapper left\">\n<div class=\"quote-img-wrapper left\"><img decoding=\"async\" class=\"quote-img left\" src=\"https:\/\/www.midianews.com.br\/images\/aspas_left.gif\" \/><\/div>\n<h2 class=\"quote-content\">E eu acredito que o Otaviano pode fazer at\u00e9 melhor do que o que est\u00e1 a\u00ed<\/h2>\n<\/div>\n<p><strong>Diego Guimar\u00e3es<\/strong>\u00a0&#8211; O Otaviano desde que assumiu, ele n\u00e3o foi um vice-governador apagado. O Mauro colocou ele pra desempenhar fun\u00e7\u00f5es importantes no governo.<\/p>\n<p>&nbsp;<\/p>\n<p>E eu cito a agricultura familiar, a revolu\u00e7\u00e3o que nossa educa\u00e7\u00e3o est\u00e1 passando&#8230; Hoje as nossas escolas estaduais t\u00eam estrutura, condi\u00e7\u00f5es e preparo dos professores tal qual escolas particulares se n\u00e3o melhores.<\/p>\n<p>&nbsp;<\/p>\n<p>E tamb\u00e9m na infraestrutura. As grandes obras que o Estado tem tocado. S\u00e3o mais de 4 mil quil\u00f4metros de asfalto, pontes, ferrovias&#8230; Tudo isso passa por essa habilidade que o Otaviano teve junto com o governo Mauro de ter esse protagonista. \u00c9 muito legal que, hoje, Mato Grosso tem praticamente dois governadores.<\/p>\n<p>&nbsp;<\/p>\n<p>Vemos que os dois mant\u00eam um gabinete aberto para receber prefeitos, vereadores, entidades e deputados, o que \u00e9 muito positivo. O protagonismo que ele teve como vice, certamente, servir\u00e1, como governador, para dar continuidade ao governo, mas com a vis\u00e3o pr\u00f3pria de Pivetta, e n\u00e3o apenas como um governo totalmente novo.<\/p>\n<p>&nbsp;<\/p>\n<p>Eu acredito que ele pode corrigir erros que tiveram nessa gest\u00e3o e um deles, para mim, \u00e9 uma maior aten\u00e7\u00e3o \u00e0 sa\u00fade. Todo dia eu recebo liga\u00e7\u00f5es de pai, m\u00e3e e filho desesperado por conta de falta de leito de UTIe especialidades m\u00e9dicas,.<\/p>\n<p>&nbsp;<\/p>\n<div class=\"quote-wrapper right\">\n<div class=\"quote-img-wrapper right\"><img decoding=\"async\" class=\"quote-img right\" src=\"https:\/\/www.midianews.com.br\/images\/aspas_right.gif\" \/><\/div>\n<h2 class=\"quote-content\">O Wellington \u00e9 um pol\u00edtico que n\u00e3o representa a direita como os bolsonaristas mais raiz esperam<\/h2>\n<\/div>\n<p>Teremos a inaugura\u00e7\u00e3o de grandes hospitais, seis grandes hospitais est\u00e3o sendo feitos. Vai precisar de algu\u00e9m que tenha compet\u00eancia para gerir isso, porque obra \u00e9 uma coisa, execu\u00e7\u00e3o de servi\u00e7o de sa\u00fade \u00e9 outra. Eu acho que o Otaviano tem essa qualidade para poder tocar esse estado e melhorar a qualidade de vida de quem mora aqui.<\/p>\n<p>&nbsp;<\/p>\n<p><strong>MidiaNews &#8211;\u00a0\u00a0Um dos principais concorrentes de Otaviano seria o senador Wellington Fagundes, do partido do ex-presidente Bolsonaro. O senhor acredita que o apoio ao bolsonarismo pode favorecer a candidatura de Wellington e dificultar a de Pivetta?<\/strong><\/p>\n<p>&nbsp;<\/p>\n<p><strong>Diego Guimar\u00e3es<\/strong>\u00a0&#8211;\u00a0Eu acho que n\u00e3o. Wellington \u00e9 um pol\u00edtico que n\u00e3o representa a direita como os bolsonaristas mais ra\u00edzes esperam. Em grandes eventos da direita, quando ele pega o microfone, acaba recebendo vaias, \u00e0s vezes at\u00e9 muitas vaias.<\/p>\n<p>&nbsp;<\/p>\n<p>Ele n\u00e3o representa esse desejo de mudan\u00e7a. Ele \u00e9 um camale\u00e3o da pol\u00edtica. Se voc\u00ea analisar bem, Wellington teve no governo Lula, teve no governo Dilma, foi l\u00edder do PLdentro do Congresso Nacional. \u00c9 um pol\u00edtico de carreira, e isso vai ser avaliado pela popula\u00e7\u00e3o.<\/p>\n<p>&nbsp;<\/p>\n<div class=\"quote-wrapper left\">\n<div class=\"quote-img-wrapper left\"><img decoding=\"async\" class=\"quote-img left\" src=\"https:\/\/www.midianews.com.br\/images\/aspas_left.gif\" \/><\/div>\n<h2 class=\"quote-content\">O Wellington \u00e9 um pol\u00edtico que n\u00e3o representa a direita como os bolsonaristas mais raiz esperam<\/h2>\n<\/div>\n<p>O cidad\u00e3o de Mato Grosso vai procurar postura, valores, e tamb\u00e9m capacidade de gest\u00e3o, hist\u00f3rico dentro da pol\u00edtica e da iniciativa privada que capacite essa pessoa para ser um bom gestor, para poder conduzir essa m\u00e1quina que \u00e9 o Estado de Mato Grosso. Estado que arrecada mais de R$ 40 bilh\u00f5es ao ano.\u00a0 \u00c9 uma m\u00e1quina que precisa funcionar, grandes obras precisam acontecer. Esse \u00e9 o confronto que deve acontecer na elei\u00e7\u00e3o.<\/p>\n<p>&nbsp;<\/p>\n<p>Eu acredito que Wellington Fagundes deve continuar no Senado, cumprindo os oito anos, para, quem sabe no futuro, almejar a vaga de governador. Desta vez, acredito que Pivetta \u00e9 a aposta certa pelo preparo, pelo perfil e pelo modelo de administra\u00e7\u00e3o que Mato Grosso precisa e deseja<\/p>\n<p>&nbsp;<\/p>\n<p><strong>MidiaNews &#8211; Esse poss\u00edvel fator do Bolsonaro preso por conta da trama golpista, pode mudar o resultado das elei\u00e7\u00f5es em Mato Grosso?<\/strong><\/p>\n<p>&nbsp;<\/p>\n<p><strong>Diego Guimar\u00e3es<\/strong>\u00a0\u2013\u00a0Primeiro, \u00e9 um grande absurdo que Bolsonaro esteja preso. O STF, e especialmente Alexandre de Moraes, agiram de forma exagerada, tomando decis\u00f5es equivocadas, que, a meu ver, foram motivadas mais por raiva e \u00f3dio do que pelo devido processo legal e pelo amparo jur\u00eddico necess\u00e1rio para condenar ou aplicar qualquer medida cautelar a um cidad\u00e3o.<\/p>\n<p>&nbsp;<\/p>\n<p data-start=\"405\" data-end=\"578\" data-is-last-node=\"\" data-is-only-node=\"\">Isso n\u00e3o se refere apenas a Bolsonaro. A forma como os fatos ocorreram e v\u00eam se desenrolando \u00e9 prejudicial tanto para o ex-presidente quanto para a democracia brasileira<\/p>\n<p>&nbsp;<\/p>\n<div class=\"img-wrapper img-right\">\n<p class=\"img-credit\">Victor Ostetti\/MidiaNews<\/p>\n<p><a href=\"https:\/\/www.midianews.com.br\/storage\/webdisco\/2025\/08\/29\/886x590\/e6552bb925b0ba7b9a8230062660a97b.jpg\" rel=\"lightbox\"><img decoding=\"async\" class=\"img-content\" src=\"https:\/\/www.midianews.com.br\/storage\/webdisco\/2025\/08\/29\/438x291\/e6552bb925b0ba7b9a8230062660a97b.jpg\" alt=\"Diego Guimar\u00c3\u00a3es\" \/><\/a><\/p>\n<p class=\"img-subtitle\">&#8220;O Bolsonaro sem a liberdade, obviamente, que seu peso pol\u00edtico se enfraquece &#8220;<\/p>\n<\/div>\n<p data-start=\"56\" data-end=\"343\">Sem liberdade, Bolsonaro naturalmente tem seu peso pol\u00edtico enfraquecido pela aus\u00eancia de sua presen\u00e7a f\u00edsica. Por outro lado, entre seus apoiadores, isso gera um sentimento de luto que acende uma chama de revolta, de mudan\u00e7a e de apoio imediato a quem estiver ao lado de Bolsonaro.<\/p>\n<p data-start=\"56\" data-end=\"343\">\n<p data-start=\"345\" data-end=\"490\">Repito: no cen\u00e1rio mato-grossense, o apoio de Bolsonaro a qualquer candidato n\u00e3o ser\u00e1 determinante para definir quem ser\u00e1 o pr\u00f3ximo governador.<\/p>\n<p data-start=\"345\" data-end=\"490\">\n<p>&nbsp;<\/p>\n<p data-start=\"492\" data-end=\"646\" data-is-last-node=\"\" data-is-only-node=\"\">O eleitor mato-grossense vai escolher com base em quem s\u00e3o os candidatos \u2014 Wellington, Otaviano Pivetta ou outro \u2014 e, a partir disso, definir seu voto<\/p>\n<p>&nbsp;<\/p>\n<p><strong>MidiaNews &#8211; Deputado, uma das cr\u00edticas que o Pivetta enfrenta \u00e9 sobre a aus\u00eancia dele junto \u00e0 popula\u00e7\u00e3o de Mato Grosso. O senhor acha que ele falha ao n\u00e3o se posicionar de maneira mais efetiva junto \u00e0 popula\u00e7\u00e3o?\u00a0<\/strong><\/p>\n<p>&nbsp;<\/p>\n<p><strong>Diego Guimar\u00e3es<\/strong>\u00a0-Otaviano n\u00e3o \u00e9 aquele pol\u00edtico bonach\u00e3o. Ele n\u00e3o \u00e9 o \u2018boa pra\u00e7a\u2019, n\u00e3o vai ser,\u00a0 e n\u00e3o \u00e9 o mais carism\u00e1tico, nem populista. Ele \u00e9 de realiza\u00e7\u00e3o, de entrega.<\/p>\n<p>&nbsp;<\/p>\n<p data-start=\"225\" data-end=\"501\">Alguns amigos dizem: \u2018Pivetta precisava ser mais presente, fazer um carinho\u2019. E eu respondo: \u2018Quer carinho? Pe\u00e7a \u00e0 sua esposa. Quer afago? Pe\u00e7a \u00e0 sua namorada.\u00a0Agora, quer obra? Pe\u00e7a ao Pivetta. Quer realiza\u00e7\u00e3o? Quer estrada? Converse com ele. Quer escola? Pe\u00e7a ao Pivetta&#8217;.<\/p>\n<p data-start=\"225\" data-end=\"501\">\n<p data-start=\"503\" data-end=\"871\" data-is-last-node=\"\" data-is-only-node=\"\">Acredito que quem anda de \u00f4nibus hoje em Cuiab\u00e1, ou pelas estradas de Mato Grosso, seja o trabalhador que busca oportunidade de emprego, o empreendedor que precisa de rodovias seguras para transportar seus produtos, ou o agricultor que produz gr\u00e3os e carne \u2014 todos eles n\u00e3o querem tapinhas nas costas. Querem que o dinheiro que pagam em impostos seja bem investido.<\/p>\n<p>&nbsp;<\/p>\n<div class=\"quote-wrapper left\">\n<div class=\"quote-img-wrapper left\"><img decoding=\"async\" class=\"quote-img left\" src=\"https:\/\/www.midianews.com.br\/images\/aspas_left.gif\" \/><\/div>\n<h2 class=\"quote-content\">O cidad\u00e3o quer o populista, gente boa, ou o mais s\u00e9rio, mais introvertido, mas realizador?<\/h2>\n<\/div>\n<p data-start=\"61\" data-end=\"422\">Se \u00e9 isso que ele quer, certamente vai escolher Otaviano Pivetta. Agora, se busca apenas carinho\u2026 quer algu\u00e9m mais \u2018boa pra\u00e7a\u2019 do que Emanuel Pinheiro? Pinheiro era bonach\u00e3o, estava sempre nos bairros, tomando cerveja com as pessoas. Mas, por outro lado, foi um gestor contumazmente ruim \u2014 n\u00e3o vou usar outras palavras para n\u00e3o criar implica\u00e7\u00f5es jur\u00eddicas.<\/p>\n<p data-start=\"61\" data-end=\"422\">\n<p data-start=\"424\" data-end=\"721\">Foram 21 opera\u00e7\u00f5es na gest\u00e3o dele, a cidade ficou abandonada, houve esc\u00e2ndalos de corrup\u00e7\u00e3o por todos os lados, dinheiro no palet\u00f3. Ent\u00e3o, a pergunta \u00e9: \u2018Quer isso, ou quer algu\u00e9m que realiza, que entrega resultados e transforma a vida das pessoas n\u00e3o apenas hoje, mas para as gera\u00e7\u00f5es futuras?\u2019<\/p>\n<p data-start=\"424\" data-end=\"721\">\n<p data-start=\"723\" data-end=\"1099\">Acredito que isso n\u00e3o seja um empecilho. O cidad\u00e3o ter\u00e1 a sabedoria de analisar o perfil dos candidatos e decidir o que realmente quer: algu\u00e9m populista e carism\u00e1tico, ou algu\u00e9m s\u00e9rio, mais introvertido, mas realizador, que entrega resultados concretos, melhora a qualidade de vida, n\u00e3o tem esc\u00e2ndalos de corrup\u00e7\u00e3o no passado e n\u00e3o deixa o Estado nas m\u00e3os de um aventureiro.<\/p>\n<p data-start=\"723\" data-end=\"1099\">\n<p data-start=\"1101\" data-end=\"1314\">Mesmo com esse perfil, Pivetta n\u00e3o precisa mudar. Uma vez, conversando com ele, disse: \u2018Eu n\u00e3o sei fazer dancinha, n\u00e3o vou fazer isso.\u2019 Esse \u00e9 o perfil dele, e n\u00e3o adianta tentar mud\u00e1-lo. Cada um tem seu estilo.<\/p>\n<p data-start=\"1101\" data-end=\"1314\">\n<p>&nbsp;<\/p>\n<p data-start=\"1316\" data-end=\"1502\" data-is-last-node=\"\" data-is-only-node=\"\">Assim como na iniciativa privada h\u00e1 gestores mais comunicativos e ligados \u00e0s rela\u00e7\u00f5es pessoais, h\u00e1 aqueles focados em n\u00fameros, a\u00e7\u00f5es e resultados. Esse \u00e9 o perfil de Otaviano Pivetta.<\/p>\n<p>&nbsp;<\/p>\n<p><iframe loading=\"lazy\" title=\"YouTube video player\" src=\"https:\/\/www.youtube.com\/embed\/o1uZWUjHJ64?si=ggx2j13gcG5iw0fY\" width=\"560\" height=\"315\" frameborder=\"0\" allowfullscreen=\"allowfullscreen\" data-mce-fragment=\"1\"><\/iframe><\/p>\n<p>&nbsp;<\/p>\n<div class=\"quote-wrapper right\">\n<div class=\"quote-img-wrapper right\"><img decoding=\"async\" class=\"quote-img right\" src=\"https:\/\/www.midianews.com.br\/images\/aspas_right.gif\" \/><\/div>\n<h2 class=\"quote-content\">Mas eu tenho certeza que \u00e9 o que a gente precisa, atencioso, realizador, bom gestor e eu acredito que esse \u00e9 o perfil que povo vai querer tamb\u00e9m.<\/h2>\n<\/div>\n<p><strong>MidiaNews &#8211; Mas ele tamb\u00e9m me parece bem receptivo, n\u00e3o \u00e9? Recebe muitas lideran\u00e7as no gabinete&#8230;<\/strong><\/p>\n<p>&nbsp;<\/p>\n<p><strong>Diego Guimar\u00e3es<\/strong>\u00a0\u2013 E entrega. Ele tem um gabinete aberto. Eu normalmente quando vou na vice-governadoria tem fila de prefeitos, de vereadores, associa\u00e7\u00f5es de produtores, entidades dos mais variados setores social, cultural, esportivo que v\u00e3o l\u00e1 conversar com ele. Ele atende a todos com educa\u00e7\u00e3o.<\/p>\n<p>&nbsp;<\/p>\n<p>\u00c9 que eu falei: ele n\u00e3o tem aquele perfil de estar na aglomera\u00e7\u00e3o, que \u00e9 importante sim, mas n\u00e3o \u00e9 o perfil dele.\u00a0 Penso eu que, logicamente, num processo eleitoral deve estar mais no dia a dia, mas n\u00e3o \u00e9 o perfil do Otaviano. Ele n\u00e3o \u00e9 o populista, n\u00e3o \u00e9 o mais popular. Mas eu tenho certeza que \u00e9 o que a gente precisa, atencioso, realizador, bom gestor e eu acredito que esse \u00e9 o perfil que povo vai querer tamb\u00e9m.<\/p>\n<p>&nbsp;<\/p>\n<p><strong>MidiaNews &#8211; Deputado, essa candidatura do Pivetta a majorit\u00e1ria fortalece muito os Republicanos na elei\u00e7\u00e3o do ano que vem, especialmente para as proporcionais. Qual que \u00e9 a proje\u00e7\u00e3o do partido?<\/strong><\/p>\n<p>&nbsp;<\/p>\n<p><strong>Diego Guimar\u00e3es<\/strong>\u00a0&#8211;\u00a0Temos conversado com o presidente Adilton Sachetti, que tem liderado o partido, e entendemos que o Republicanos est\u00e1 em seu melhor momento. Disputar uma majorit\u00e1ria para o governo em um estado como Mato Grosso \u00e9, sem d\u00favida, o ponto alto do partido.<\/p>\n<p>&nbsp;<\/p>\n<p data-start=\"317\" data-end=\"603\" data-is-last-node=\"\" data-is-only-node=\"\">Automaticamente, os holofotes se voltam para dentro do Republicanos. Muitas pessoas querem se filiar ao partido, surgem diversos pr\u00e9-candidatos. O fato de ter uma candidatura majorit\u00e1ria atrai a aten\u00e7\u00e3o do eleitor para aqueles candidatos que fazem parte do mesmo grupo do governador.<\/p>\n<p data-start=\"317\" data-end=\"603\" data-is-last-node=\"\" data-is-only-node=\"\">\n<div class=\"img-wrapper img-left\">\n<p class=\"img-credit\">Victor Ostetti\/MidiaNews<\/p>\n<p><a href=\"https:\/\/www.midianews.com.br\/storage\/webdisco\/2025\/08\/29\/886x590\/e222778d905478f6c7bc33562937b960.jpg\" rel=\"lightbox\"><img decoding=\"async\" class=\"img-content\" src=\"https:\/\/www.midianews.com.br\/storage\/webdisco\/2025\/08\/29\/438x291\/e222778d905478f6c7bc33562937b960.jpg\" alt=\"Diego Guimar\u00c3\u00a3es\" \/><\/a><\/p>\n<p class=\"img-subtitle\">&#8220;Muitas pessoas querendo vir para o Republicanos, muitos pr\u00e9-candidatos&#8221;<\/p>\n<\/div>\n<p>Nossa expectativa \u00e9 que, se o partido mantiver as 24 vagas na Assembleia, devemos conquistar pelo menos quatro e disputar a quinta. Agora, se chegar a 27 vagas, como pode acontecer at\u00e9 outubro, queremos garantir a quinta e, quem sabe, disputar a sexta, buscando ter uma das maiores bancadas da Assembleia.<\/p>\n<p>&nbsp;<\/p>\n<p><strong>MidiaNews &#8211; E para bancada federal?<\/strong><\/p>\n<p>&nbsp;<\/p>\n<p><strong>Diego Guimar\u00e3es<\/strong>\u00a0&#8211; Sendo oito federais ou sendo nove,\u00a0 eu n\u00e3o tenho d\u00favida de que gente vai eleger dois federais.<\/p>\n<p>&nbsp;<\/p>\n<p><strong>MidiaNews \u2013 Mudaria a configura\u00e7\u00e3o de hoje, sendo a maioria do PL.<\/strong><\/p>\n<p>&nbsp;<\/p>\n<p><strong>Diego Guimar\u00e3es<\/strong>\u00a0&#8211; Outros partidos tamb\u00e9m est\u00e3o se organizando. O PL tem a maior bancada do estado e deve manter entre dois e tr\u00eas federais. Mas o Republicanos deve eleger dois, o\u00a0 Uni\u00e3o Brasil mant\u00e9m uma ou duas cadeiras. Espero que a esquerda n\u00e3o eleja ningu\u00e9m, mas se eleger vai ser s\u00f3 uma cadeira tamb\u00e9m. Ent\u00e3o deve ficar mais ou menos nessa divis\u00e3o a\u00ed a nossa bancada federal.<\/p>\n<p>&nbsp;<\/p>\n<p><strong>MidiaNews &#8211; O senhor j\u00e1 disse in\u00fameras vezes que vem a reelei\u00e7\u00e3o. A chapa do Republicanos tem nomes de peso como o seu nome, Nininho, Maysa Le\u00e3o.\u00a0 Isso n\u00e3o intimida o senhor ou, na verdade, traz mais for\u00e7a?\u00a0<\/strong><\/p>\n<p>&nbsp;<\/p>\n<p><strong>Diego Guimar\u00e3es<\/strong>\u00a0&#8211; N\u00e3o existe elei\u00e7\u00e3o ganha, n\u00e3o existe elei\u00e7\u00e3o f\u00e1cil. Desde a minha primeira elei\u00e7\u00e3o a vereador de Cuiab\u00e1, foi numa chapa extremamente disputada. A \u00e9poca no Progressista, elegemos tr\u00eas vereadores. Depois, em 2020, fui presidente do Cidadania, n\u00f3s elegemos tr\u00eas vereadores.<\/p>\n<p>&nbsp;<\/p>\n<div class=\"quote-wrapper right\">\n<div class=\"quote-img-wrapper right\"><img decoding=\"async\" class=\"quote-img right\" src=\"https:\/\/www.midianews.com.br\/images\/aspas_right.gif\" \/><\/div>\n<h2 class=\"quote-content\">N\u00e3o existe elei\u00e7\u00e3o ganha, n\u00e3o existe elei\u00e7\u00e3o f\u00e1cil<\/h2>\n<\/div>\n<p data-start=\"61\" data-end=\"374\">Para deputado, participamos de uma disputa sem ainda ocupar o cargo, numa tentativa de nos inserir nesse universo que \u00e9 a Assembleia Legislativa. Com a possibilidade de eleger apenas um e j\u00e1 contando com o mandato de Moretto, conseguimos eleger dois, e eu alcancei a maior vota\u00e7\u00e3o do partido naquela elei\u00e7\u00e3o.<\/p>\n<p data-start=\"61\" data-end=\"374\">\n<p data-start=\"376\" data-end=\"789\">Sempre digo que, primeiro Deus e depois os amigos e a fam\u00edlia nos sustentam em qualquer candidatura. Nossa tend\u00eancia \u00e9 buscar a reelei\u00e7\u00e3o. Um partido forte precisa de candidatos fortes. Hoje, temos Valmir Moretto, Diego Guimar\u00e3es, Nininho e Maisa Le\u00e3o, vereadora de Cuiab\u00e1, muito bem votada e que se coloca como pr\u00e9-candidata a deputada estadual, podendo ser uma das grandes surpresas da elei\u00e7\u00e3o no pr\u00f3ximo ano.<\/p>\n<p data-start=\"376\" data-end=\"789\">\n<p data-start=\"791\" data-end=\"974\">Tamb\u00e9m temos Wlad Mesquita, vereador mais votado em duas elei\u00e7\u00f5es em Lucas do Rio Verde e suplente de deputado estadual, que acredito chegar\u00e1 com for\u00e7a significativa no M\u00e9dio Norte.<\/p>\n<p data-start=\"791\" data-end=\"974\">\n<p>&nbsp;<\/p>\n<p data-start=\"976\" data-end=\"1286\" data-is-last-node=\"\" data-is-only-node=\"\">Temos ainda o Pastor Alex Sandro, da Igreja Universal do Reino de Deus, que alcan\u00e7ou 18 mil votos em sua primeira tentativa de deputado estadual em 2022, e o ex-prefeito de Itanhang\u00e1, Edu Pascoski, um grande nome na regi\u00e3o, que teve um mandato relevante e tende a ser um forte candidato a deputado estadual.<\/p>\n<p data-start=\"976\" data-end=\"1286\" data-is-last-node=\"\" data-is-only-node=\"\">\n<div class=\"quote-wrapper left\">\n<div class=\"quote-img-wrapper left\"><img decoding=\"async\" class=\"quote-img left\" src=\"https:\/\/www.midianews.com.br\/images\/aspas_left.gif\" \/><\/div>\n<h2 class=\"quote-content\">Eu sempre falo que primeiro Deus e depois amigos, fam\u00edlia que nos sustentam em qualquer candidatura<\/h2>\n<\/div>\n<p data-start=\"61\" data-end=\"269\">Na regi\u00e3o do Norte-Araguaia, temos Daniel do Lago, ex-prefeito de Porto Alegre do Norte, extremamente preparado e que tem feito um grande trabalho, consolidando-se como pr\u00e9-candidato a deputado estadual.<\/p>\n<p data-start=\"61\" data-end=\"269\">\n<p data-start=\"271\" data-end=\"398\">Na regi\u00e3o Sul, temos Angelita Amorim, presidente do Republicano Mulher, preparada e que, acredito, ser\u00e1 uma grande candidata.<\/p>\n<p data-start=\"271\" data-end=\"398\">\n<p data-start=\"400\" data-end=\"595\">Outros nomes tamb\u00e9m demonstram interesse: o Dr. Eug\u00eanio quer se filiar ao Republicanos, e o secret\u00e1rio de Educa\u00e7\u00e3o Alan Porto se coloca como pr\u00e9-candidato, j\u00e1 tendo sido sondado para o partido.<\/p>\n<p data-start=\"400\" data-end=\"595\">\n<p>&nbsp;<\/p>\n<p>&nbsp;<\/p>\n<p>&nbsp;<\/p>\n<\/div>\n<\/div>\n<\/section>\n","protected":false},"excerpt":{"rendered":"<p>Deputado disse que candidatura de Otaviano Pivetta \u00e9 tratada como prioridade do Republicanos Victor Ostetti\/MidiaNews<\/p>\n","protected":false},"author":2,"featured_media":63195,"comment_status":"open","ping_status":"open","sticky":false,"template":"","format":"standard","meta":{"footnotes":""},"categories":[13,2],"tags":[1497],"aioseo_notices":[],"_links":{"self":[{"href":"https:\/\/portalnewsgta.com.br\/index.php\/wp-json\/wp\/v2\/posts\/63194"}],"collection":[{"href":"https:\/\/portalnewsgta.com.br\/index.php\/wp-json\/wp\/v2\/posts"}],"about":[{"href":"https:\/\/portalnewsgta.com.br\/index.php\/wp-json\/wp\/v2\/types\/post"}],"author":[{"embeddable":true,"href":"https:\/\/portalnewsgta.com.br\/index.php\/wp-json\/wp\/v2\/users\/2"}],"replies":[{"embeddable":true,"href":"https:\/\/portalnewsgta.com.br\/index.php\/wp-json\/wp\/v2\/comments?post=63194"}],"version-history":[{"count":1,"href":"https:\/\/portalnewsgta.com.br\/index.php\/wp-json\/wp\/v2\/posts\/63194\/revisions"}],"predecessor-version":[{"id":63196,"href":"https:\/\/portalnewsgta.com.br\/index.php\/wp-json\/wp\/v2\/posts\/63194\/revisions\/63196"}],"wp:featuredmedia":[{"embeddable":true,"href":"https:\/\/portalnewsgta.com.br\/index.php\/wp-json\/wp\/v2\/media\/63195"}],"wp:attachment":[{"href":"https:\/\/portalnewsgta.com.br\/index.php\/wp-json\/wp\/v2\/media?parent=63194"}],"wp:term":[{"taxonomy":"category","embeddable":true,"href":"https:\/\/portalnewsgta.com.br\/index.php\/wp-json\/wp\/v2\/categories?post=63194"},{"taxonomy":"post_tag","embeddable":true,"href":"https:\/\/portalnewsgta.com.br\/index.php\/wp-json\/wp\/v2\/tags?post=63194"}],"curies":[{"name":"wp","href":"https:\/\/api.w.org\/{rel}","templated":true}]}}