{"id":63191,"date":"2025-09-01T10:56:48","date_gmt":"2025-09-01T13:56:48","guid":{"rendered":"https:\/\/portalnewsgta.com.br\/?p=63191"},"modified":"2025-09-01T10:56:48","modified_gmt":"2025-09-01T13:56:48","slug":"stf-tem-seguranca-reforcada-para-julgamento-de-trama-golpista","status":"publish","type":"post","link":"https:\/\/portalnewsgta.com.br\/index.php\/2025\/09\/01\/stf-tem-seguranca-reforcada-para-julgamento-de-trama-golpista\/","title":{"rendered":"STF tem seguran\u00e7a refor\u00e7ada para julgamento de trama golpista"},"content":{"rendered":"<p class=\"credito-1\">MARCELLO CASAL JR\/AG\u00caNCIA BRASIL\/ARQUIVO<\/p>\n<p><span class=\"img-conteudo pull-left\"><a href=\"https:\/\/www.gazetadigital.com.br\/storage\/webdisco\/2025\/04\/15\/1200x900\/c9a9b73da6533c28d3d4659e75c6975c.jpg\" data-fancybox=\"gallery\" data-caption=\"MARCELLO CASAL JR\/AG\u00caNCIA BRASIL\/ARQUIVO\"><img decoding=\"async\" src=\"https:\/\/www.gazetadigital.com.br\/storage\/webdisco\/2025\/04\/15\/431x285\/c9a9b73da6533c28d3d4659e75c6975c.jpg\" alt=\"MARCELLO CASAL JR\/AG\u00caNCIA BRASIL\/ARQUIVO\" \/><\/a><\/span><\/p>\n<p class=\"img-conteudo-desc\">\n<p><img decoding=\"async\" class=\"pull-left img-responsive\" src=\"https:\/\/www.gazetadigital.com.br\/storage\/webdisco\/2018\/09\/11\/120x80\/1989f6f1bda0a00b820ece8296bb5d50.jpg\" alt=\"\" \/><\/p>\n<div id=\"text-content\" class=\"mb20\">\n<p>O entorno do Supremo Tribunal Federal (STF) amanheceu com refor\u00e7o de seguran\u00e7a nesta segunda-feira (1\u00ba), v\u00e9spera do in\u00edcio do julgamento sobre uma trama golpista que teria tentado manter o ex-presidente Jair Bolsonaro no poder.<\/p>\n<p>&nbsp;<\/p>\n<p>O efetivo extra de homens e viaturas da Pol\u00edcia Militar do Distrito Federal (PMDF) deve ficar de prontid\u00e3o ao menos at\u00e9 12 de setembro, quando o julgamento j\u00e1 dever\u00e1 ter sido encerrado, conforme o cronograma estipulado pelo Supremo.<\/p>\n<p>&nbsp;<\/p>\n<p>A partir desta segunda-feira, come\u00e7ou a operar tamb\u00e9m uma C\u00e9lula Presencial Integrada de Intelig\u00eancia, instalada na sede da Secretaria de Seguran\u00e7a P\u00fablica (SSP) do Distrito Federal. A estrutura re\u00fane \u00f3rg\u00e3os de seguran\u00e7a locais e nacionais, que fazem o monitoramento da movimenta\u00e7\u00e3o de pessoas em Bras\u00edlia e nas redes sociais com objetivo de lan\u00e7ar a\u00e7\u00f5es preventivas, se necess\u00e1rio.<\/p>\n<p>&nbsp;<\/p>\n<p>A partir desta ter\u00e7a-feira (2), os arredores do tribunal estar\u00e3o submetidos a um esquema de seguran\u00e7a integrado entre a Pol\u00edcia Judicial Federal e a SSP-DF. Aglomera\u00e7\u00f5es que caracterizem manifesta\u00e7\u00f5es e qualquer tipo de acampamento nas proximidades est\u00e3o proibidos.<\/p>\n<p>&nbsp;<\/p>\n<p>Policiais far\u00e3o o monitoramento de quem transita pela Pra\u00e7a dos Tr\u00eas Poderes e nas vias de acesso ao Supremo, incluindo abordagens e revista de mochilas e bolsas. Uma das preocupa\u00e7\u00f5es maiores \u00e9 com a\u00e7\u00f5es solit\u00e1rias por parte de algum apoiador do ex-presidente. Ser\u00e3o feitas tamb\u00e9m varreduras diurnas e noturnas com drones de imagem t\u00e9rmica.<\/p>\n<p>&nbsp;<\/p>\n<p>Ainda que n\u00e3o sejam permitidas manifesta\u00e7\u00f5es nas proximidades, o julgamento deve alterar a rotina da regi\u00e3o central de Bras\u00edlia, uma vez que mais de tr\u00eas mil pessoas se inscreveram para acompanhar o julgamento presencialmente, em vagas limitadas abertas ao p\u00fablico. Entre jornalistas nacionais e estrangeiros, mais de 501 profissionais pediram credenciamento.<\/p>\n<p>&nbsp;<\/p>\n<p>O principal alvo do julgamento \u00e9 o pr\u00f3prio Bolsonaro, que n\u00e3o est\u00e1 obrigado a comparecer, mas pode acompanhar o caso em pessoa, caso queira. Para isso, contudo, \u00e9 necess\u00e1rio autoriza\u00e7\u00e3o do ministro Alexandre de Moraes para o deslocamento, uma vez que o presidente foi colocado em pris\u00e3o domiciliar pelo relator da a\u00e7\u00e3o penal.<\/p>\n<p>&nbsp;<\/p>\n<p>Tamb\u00e9m t\u00eam o direito de comparecer ao julgamento os demais sete r\u00e9us, entre militares e civis, todos ex-assessores pr\u00f3ximos de Bolsonaro que foram acusados pela Procuradoria-Geral da Rep\u00fablica (PGR) de tentarem romper com a ordem democr\u00e1ticas no Brasil.<\/p>\n<p>&nbsp;<\/p>\n<p>N\u00e3o est\u00e3o previstas interdi\u00e7\u00f5es na Esplanada dos Minist\u00e9rios durante a semana, somente para o desfile de 7 de setembro, que ocorre no s\u00e1bado. Nesse caso, o fechamento da via ocorre a partir das 17h do dia 6, na altura da Catedral de Bras\u00edlia e \u00e0s 23hs, a partir da al\u00e7a leste, logo ap\u00f3s a Rodovi\u00e1ria do Plano Piloto.<\/p>\n<p>&nbsp;<\/p>\n<p><strong>Armas s\u00e3o proibidas<\/strong><br \/>\nO acesso ao p\u00fablico estar\u00e1 aberto a partir das 6h do 7 de setembro. Est\u00e3o proibidos itens como armas, objetos cortantes, subst\u00e2ncias inflam\u00e1veis, recipientes de vidro, fogos de artif\u00edcio, mochilas de grande porte, barracas e drones sem autoriza\u00e7\u00e3o.<\/p>\n<p>&nbsp;<\/p>\n<p>O Supremo Tribunal Federal se prepara &#8211; desde meados de agosto &#8211; para a realiza\u00e7\u00e3o do julgamento sobre a trama golpista bolsonarista. Desde o m\u00eas passado, cerca de 30 agentes da Pol\u00edcia Judici\u00e1ria foram enviados de diversos estados e outros dormem na sede do tribunal, em dormit\u00f3rios montados para que fiquem de prontid\u00e3o.<\/p>\n<p>&nbsp;<\/p>\n<p>Entre as precau\u00e7\u00f5es, houve tamb\u00e9m varreduras repetidas no edif\u00edcio do Supremo e tamb\u00e9m na casa dos ministros da Primeira Turma, que, al\u00e9m de Moraes, \u00e9 composta por Cristiano Zanin, Luiz Fux, C\u00e1rmen L\u00facia e Fl\u00e1vio Dino.<\/p>\n<p>&nbsp;<\/p>\n<p>Os r\u00e9us do n\u00facleo 1 da trama golpista respondem por cinco crimes, cuja pena somada pode ultrapassar os 40 anos de pris\u00e3o.<\/p>\n<p>&nbsp;<\/p>\n<p>S\u00e3o eles: integrar organiza\u00e7\u00e3o criminosa armada, atentar violentamente contra o Estado Democr\u00e1tico de Direito, golpe de Estado, dano qualificado por viol\u00eancia e grave amea\u00e7a e deteriora\u00e7\u00e3o de patrim\u00f4nio tombado da Uni\u00e3o.<\/p>\n<\/div>\n","protected":false},"excerpt":{"rendered":"<p>MARCELLO CASAL JR\/AG\u00caNCIA BRASIL\/ARQUIVO O entorno do Supremo Tribunal Federal (STF) amanheceu com refor\u00e7o de<\/p>\n","protected":false},"author":2,"featured_media":63192,"comment_status":"open","ping_status":"open","sticky":false,"template":"","format":"standard","meta":{"footnotes":""},"categories":[13,2],"tags":[1521],"aioseo_notices":[],"_links":{"self":[{"href":"https:\/\/portalnewsgta.com.br\/index.php\/wp-json\/wp\/v2\/posts\/63191"}],"collection":[{"href":"https:\/\/portalnewsgta.com.br\/index.php\/wp-json\/wp\/v2\/posts"}],"about":[{"href":"https:\/\/portalnewsgta.com.br\/index.php\/wp-json\/wp\/v2\/types\/post"}],"author":[{"embeddable":true,"href":"https:\/\/portalnewsgta.com.br\/index.php\/wp-json\/wp\/v2\/users\/2"}],"replies":[{"embeddable":true,"href":"https:\/\/portalnewsgta.com.br\/index.php\/wp-json\/wp\/v2\/comments?post=63191"}],"version-history":[{"count":1,"href":"https:\/\/portalnewsgta.com.br\/index.php\/wp-json\/wp\/v2\/posts\/63191\/revisions"}],"predecessor-version":[{"id":63193,"href":"https:\/\/portalnewsgta.com.br\/index.php\/wp-json\/wp\/v2\/posts\/63191\/revisions\/63193"}],"wp:featuredmedia":[{"embeddable":true,"href":"https:\/\/portalnewsgta.com.br\/index.php\/wp-json\/wp\/v2\/media\/63192"}],"wp:attachment":[{"href":"https:\/\/portalnewsgta.com.br\/index.php\/wp-json\/wp\/v2\/media?parent=63191"}],"wp:term":[{"taxonomy":"category","embeddable":true,"href":"https:\/\/portalnewsgta.com.br\/index.php\/wp-json\/wp\/v2\/categories?post=63191"},{"taxonomy":"post_tag","embeddable":true,"href":"https:\/\/portalnewsgta.com.br\/index.php\/wp-json\/wp\/v2\/tags?post=63191"}],"curies":[{"name":"wp","href":"https:\/\/api.w.org\/{rel}","templated":true}]}}