{"id":62746,"date":"2025-08-26T09:09:17","date_gmt":"2025-08-26T12:09:17","guid":{"rendered":"https:\/\/portalnewsgta.com.br\/?p=62746"},"modified":"2025-08-26T09:09:17","modified_gmt":"2025-08-26T12:09:17","slug":"defesa-pede-incidente-de-insanidade-mental-de-homem-preso-por-matar-esposa-com-15-facadas","status":"publish","type":"post","link":"https:\/\/portalnewsgta.com.br\/index.php\/2025\/08\/26\/defesa-pede-incidente-de-insanidade-mental-de-homem-preso-por-matar-esposa-com-15-facadas\/","title":{"rendered":"Defesa pede incidente de insanidade mental de homem preso por matar esposa com 15 facadas"},"content":{"rendered":"<div class=\"col-xs-12 col-sm-12 col-md-12 col-lg-12 mb10\">\n<div class=\"row\">\n<div class=\"col-xs-12 col-sm-12 col-md-12 col-lg-12 mb15\">\n<div class=\"row\">\n<div class=\"col-xs-12 col-sm-11 col-md-11 col-lg-11 autorer\"><span class=\"autores_fontes_nome\">Mariana Lenz<\/span><\/p>\n<p class=\"autores_fontes_email\">redacao@gazetadigital.com.br<\/p>\n<\/div>\n<\/div>\n<\/div>\n<\/div>\n<\/div>\n<div class=\"col-xs-12 col-sm-12 col-md-12 col-lg-12 mb30\">\n<p class=\"credito-1\">Reprodu\u00e7\u00e3o<\/p>\n<p><span class=\"img-conteudo pull-left\"><a href=\"https:\/\/www.gazetadigital.com.br\/storage\/webdisco\/2025\/08\/25\/1200x900\/e53e8914d85661d516a1d6dd41a49973.jpg\" data-fancybox=\"gallery\" data-caption=\"Reprodu\u00e7\u00e3o\"><img decoding=\"async\" src=\"https:\/\/www.gazetadigital.com.br\/storage\/webdisco\/2025\/08\/25\/431x285\/e53e8914d85661d516a1d6dd41a49973.jpg\" alt=\"Reprodu\u00e7\u00e3o\" \/><\/a><\/span><\/p>\n<p class=\"img-conteudo-desc\">\n<div id=\"text-content\" class=\"mb20\">\n<p>A defesa de\u00a0Lucas Fran\u00e7a Rodrigues, 22, preso suspeito de assassinar a companheira, fonoaudi\u00f3loga Ana Paula Abreu, 33, morta com mais de 15 facadas na tarde desse domingo (24), dentro da resid\u00eancia do casal em Sinop (500 km ao norte de Cuiab\u00e1), requereu a instaura\u00e7\u00e3o de um\u00a0incidente de insanidade mental para averiguar a sa\u00fade psicol\u00f3gica do investigado.<\/p>\n<p>&nbsp;<\/p>\n<p>Reportagem do\u00a0<img decoding=\"async\" class=\"content-logo-thumb\" src=\"https:\/\/www.gazetadigital.com.br\/images\/logo-thumb.png\" \/>\u00a0apurou que, durante a audi\u00eancia de cust\u00f3dia, o defensor p\u00fablico que representa Lucas, solicitou a realiza\u00e7\u00e3o do conhecido &#8220;exame de sanidade mental&#8221; do acusado. O pedido foi feito com base em informa\u00e7\u00f5es constantes nos autos de que, no momento da pris\u00e3o, o homem apresentava crise de sa\u00fade mental, popularmente conhecida como \u201csurto psic\u00f3tico\u201d.<\/p>\n<p>Contudo, at\u00e9 o momento n\u00e3o h\u00e1 mais informa\u00e7\u00f5es se o pedido foi aceito pelo ju\u00edzo competente, que deve autorizar caso entenda necess\u00e1rio.<\/p>\n<p><span data-huuid=\"11976032978574869300\">O incidente de insanidade mental, em seu nome t\u00e9cnico, \u00e9 um procedimento legal que se instaura em um processo penal quando h\u00e1 d\u00favidas sobre a sanidade do acusado no momento do crime, com objetivo de<\/span><span data-huuid=\"11976032978574870913\">\u00a0determinar se o r\u00e9u possu\u00eda a capacidade de discernir o car\u00e1ter il\u00edcito do fato ou de se determinar.<span class=\"pjBG2e\" data-cid=\"9117df1c-a045-4954-a4c2-bca8a2a4caed\"><span class=\"UV3uM\">\u00a0<\/span><\/span><\/span><\/p>\n<p>&nbsp;<\/p>\n<p>Caso o pedido seja aceito, o r\u00e9u deve\u00a0<span data-huuid=\"11976032978574870532\">passar pela avalia\u00e7\u00e3o de peritos para investigar suas condi\u00e7\u00f5es psicol\u00f3gicas. Se comprovado que possua algum dist\u00farbio, ele pode ser considerado inimput\u00e1vel e isento de pena, sendo aplicada uma medida de seguran\u00e7a, como interna\u00e7\u00e3o ou tratamento ambulatorial.\u00a0<\/span><\/p>\n<p>&nbsp;<\/p>\n<p><span data-huuid=\"11976032978574872145\">Se o exame n\u00e3o comprovar a insanidade, o processo continua, e nas etapas seguintes, caso chegue a ser pronunciado a julgamento, o acusado pode ser condenado ou n\u00e3o pelo j\u00fari.<\/span><\/p>\n<p>&nbsp;<\/p>\n<p>Ainda nesta segunda-feira (25) o\u00a0juiz Walter Tomaz da Costa, a 3\u00aa Vara Criminal de Sinop, converteu a pris\u00e3o de flagrante para preventiva de Lucas ap\u00f3s audi\u00eancia de cust\u00f3dia. Ele foi detido suspeito de assassinar a facadas a companheira, fonoaudi\u00f3loga Ana Paula Abreu, 33, no domingo (24), dentro da resid\u00eancia do casal em Sinop (500 km ao norte de Cuiab\u00e1).<\/p>\n<\/div>\n<\/div>\n","protected":false},"excerpt":{"rendered":"<p>Mariana Lenz redacao@gazetadigital.com.br Reprodu\u00e7\u00e3o A defesa de\u00a0Lucas Fran\u00e7a Rodrigues, 22, preso suspeito de assassinar a<\/p>\n","protected":false},"author":2,"featured_media":62747,"comment_status":"open","ping_status":"open","sticky":false,"template":"","format":"standard","meta":{"footnotes":""},"categories":[13,34],"tags":[1511],"aioseo_notices":[],"_links":{"self":[{"href":"https:\/\/portalnewsgta.com.br\/index.php\/wp-json\/wp\/v2\/posts\/62746"}],"collection":[{"href":"https:\/\/portalnewsgta.com.br\/index.php\/wp-json\/wp\/v2\/posts"}],"about":[{"href":"https:\/\/portalnewsgta.com.br\/index.php\/wp-json\/wp\/v2\/types\/post"}],"author":[{"embeddable":true,"href":"https:\/\/portalnewsgta.com.br\/index.php\/wp-json\/wp\/v2\/users\/2"}],"replies":[{"embeddable":true,"href":"https:\/\/portalnewsgta.com.br\/index.php\/wp-json\/wp\/v2\/comments?post=62746"}],"version-history":[{"count":1,"href":"https:\/\/portalnewsgta.com.br\/index.php\/wp-json\/wp\/v2\/posts\/62746\/revisions"}],"predecessor-version":[{"id":62748,"href":"https:\/\/portalnewsgta.com.br\/index.php\/wp-json\/wp\/v2\/posts\/62746\/revisions\/62748"}],"wp:featuredmedia":[{"embeddable":true,"href":"https:\/\/portalnewsgta.com.br\/index.php\/wp-json\/wp\/v2\/media\/62747"}],"wp:attachment":[{"href":"https:\/\/portalnewsgta.com.br\/index.php\/wp-json\/wp\/v2\/media?parent=62746"}],"wp:term":[{"taxonomy":"category","embeddable":true,"href":"https:\/\/portalnewsgta.com.br\/index.php\/wp-json\/wp\/v2\/categories?post=62746"},{"taxonomy":"post_tag","embeddable":true,"href":"https:\/\/portalnewsgta.com.br\/index.php\/wp-json\/wp\/v2\/tags?post=62746"}],"curies":[{"name":"wp","href":"https:\/\/api.w.org\/{rel}","templated":true}]}}