{"id":62737,"date":"2025-08-26T09:04:58","date_gmt":"2025-08-26T12:04:58","guid":{"rendered":"https:\/\/portalnewsgta.com.br\/?p=62737"},"modified":"2025-08-26T09:04:58","modified_gmt":"2025-08-26T12:04:58","slug":"medeiros-ve-mdb-ligado-a-lula-e-cita-dificuldade-em-alianca","status":"publish","type":"post","link":"https:\/\/portalnewsgta.com.br\/index.php\/2025\/08\/26\/medeiros-ve-mdb-ligado-a-lula-e-cita-dificuldade-em-alianca\/","title":{"rendered":"Medeiros v\u00ea MDB ligado a Lula e cita dificuldade em alian\u00e7a"},"content":{"rendered":"<h3>O deputado afirmou que n\u00e3o v\u00ea os bolsonaristas aceitando bem a alian\u00e7a entre os partidos<\/h3>\n<p>Victor Ostetti\/MidiaNews<\/p>\n<p>O deputado federal, Jos\u00e9 Medeiros, disse que poss\u00edvel alian\u00e7a ser\u00e1 definida em 2026<\/p>\n<p>VIT\u00d3RIA GOMES<br \/>\nDA REDA\u00c7\u00c3O<\/p>\n<p>O deputado federal Jos\u00e9 Medeiros (PL) afirmou que v\u00ea com dificuldade a possibilidade de seu partido formar uma alian\u00e7a com o MDB visando as elei\u00e7\u00f5es de 2026.<\/p>\n<p>&nbsp;<\/p>\n<h2>O MDB est\u00e1 umbilicalmente ligado ao Governo Lula. N\u00e3o consigo ver o p\u00fablico aceitando uma situa\u00e7\u00e3o dessas<\/h2>\n<p>\u201cIsso vai ser uma equa\u00e7\u00e3o que vai ser resolvida l\u00e1 para o ano que vem, porque nesse momento ainda \u00e9 muito cedo e o MDB est\u00e1 umbilicalmente ligado ao Governo Lula. N\u00e3o consigo ver o p\u00fablico aceitando uma situa\u00e7\u00e3o dessas\u201d, afirmou \u00e0 imprensa.<\/p>\n<p>&nbsp;<\/p>\n<p>Atualmente, o MDB Nacional tem tr\u00eas ministros no governo do presidente Lula (PT). S\u00e3o eles:\u00a0\u00a0Simone Tebet (MDB-MS), no Minist\u00e9rio do Planejamento e Or\u00e7amento; Renan Filho (MDB-AL), no Minist\u00e9rio dos Transportes e Jader Filho (MDB-PA), no Minist\u00e9rio das Cidades.<\/p>\n<p>&nbsp;<\/p>\n<p>Apesar de participar da gest\u00e3o petista, o MDB tamb\u00e9m formou alian\u00e7as de peso com o PL em disputas eleitorais anteriores. Uma delas ocorreu em S\u00e3o Paulo, no pleito de 2024, quando o vice do atual prefeito, Ricardo Nunes (MDB), foi indicado pelo partido ex-presidente Jair Bolsonaro.<\/p>\n<p>&nbsp;<\/p>\n<p>No pr\u00f3ximo ano tamb\u00e9m \u00e9 esperada uma parceria entre as siglas no Distrito Federal. O atual governador Ibaneis Rocha (MDB) deve se candidatar ao Senado na mesma chapa em que a ex-primeira-dama da Rep\u00fablica, Michelle Bolsonaro (PL).<\/p>\n<p>&nbsp;<\/p>\n<p>Questionado se essa dobradinha poderia se repetir entre Medeiros e a deputada estadual Janaina Riva (MDB) aqui em Mato Grosso, o deputado afirmou que n\u00e3o h\u00e1 di\u00e1logo entre os partidos at\u00e9 o momento.<\/p>\n<p>&nbsp;<\/p>\n<p>Segundo Medeiros, a \u00fanica possibilidade de alian\u00e7a tratada at\u00e9 o momento \u00e9 uma dobradinha entre ele o governador Mauro Mendes (Uni\u00e3o) ao Senado.<\/p>\n<p>&nbsp;<\/p>\n<p>\u201cN\u00e3o vi o senador Wellington [Fagundes], nem o presidente Ananias e muito menos o presidente Valdemar [Costa Neto] falando sobre isso. Ent\u00e3o, \u00e0s vezes, isso pode ser fruto do pr\u00f3prio burburinho pol\u00edtico tentando adivinhar o cen\u00e1rio de 2026\u201d, disse.<\/p>\n<p>&nbsp;<\/p>\n<p>\u201cO que eu vi foi o presidente Valdemar dizendo junto com o presidente Bolsonaro da possibilidade de n\u00e3o lan\u00e7ar a chapa pura e ter uma parceria com o governador Mauro Mendes. Por\u00e9m, n\u00e3o estava nada certo, tendo em vista que o governador tem uma candidatura ao Governo e o PL tem outra\u201d.<\/p>\n","protected":false},"excerpt":{"rendered":"<p>O deputado afirmou que n\u00e3o v\u00ea os bolsonaristas aceitando bem a alian\u00e7a entre os partidos<\/p>\n","protected":false},"author":2,"featured_media":62738,"comment_status":"open","ping_status":"open","sticky":false,"template":"","format":"standard","meta":{"footnotes":""},"categories":[13,2],"tags":[1510],"aioseo_notices":[],"_links":{"self":[{"href":"https:\/\/portalnewsgta.com.br\/index.php\/wp-json\/wp\/v2\/posts\/62737"}],"collection":[{"href":"https:\/\/portalnewsgta.com.br\/index.php\/wp-json\/wp\/v2\/posts"}],"about":[{"href":"https:\/\/portalnewsgta.com.br\/index.php\/wp-json\/wp\/v2\/types\/post"}],"author":[{"embeddable":true,"href":"https:\/\/portalnewsgta.com.br\/index.php\/wp-json\/wp\/v2\/users\/2"}],"replies":[{"embeddable":true,"href":"https:\/\/portalnewsgta.com.br\/index.php\/wp-json\/wp\/v2\/comments?post=62737"}],"version-history":[{"count":1,"href":"https:\/\/portalnewsgta.com.br\/index.php\/wp-json\/wp\/v2\/posts\/62737\/revisions"}],"predecessor-version":[{"id":62739,"href":"https:\/\/portalnewsgta.com.br\/index.php\/wp-json\/wp\/v2\/posts\/62737\/revisions\/62739"}],"wp:featuredmedia":[{"embeddable":true,"href":"https:\/\/portalnewsgta.com.br\/index.php\/wp-json\/wp\/v2\/media\/62738"}],"wp:attachment":[{"href":"https:\/\/portalnewsgta.com.br\/index.php\/wp-json\/wp\/v2\/media?parent=62737"}],"wp:term":[{"taxonomy":"category","embeddable":true,"href":"https:\/\/portalnewsgta.com.br\/index.php\/wp-json\/wp\/v2\/categories?post=62737"},{"taxonomy":"post_tag","embeddable":true,"href":"https:\/\/portalnewsgta.com.br\/index.php\/wp-json\/wp\/v2\/tags?post=62737"}],"curies":[{"name":"wp","href":"https:\/\/api.w.org\/{rel}","templated":true}]}}