{"id":62733,"date":"2025-08-26T09:02:12","date_gmt":"2025-08-26T12:02:12","guid":{"rendered":"https:\/\/portalnewsgta.com.br\/?p=62733"},"modified":"2025-08-26T09:02:12","modified_gmt":"2025-08-26T12:02:12","slug":"julio-diz-que-jayme-e-nome-forte-e-nao-descarta-senado-veja","status":"publish","type":"post","link":"https:\/\/portalnewsgta.com.br\/index.php\/2025\/08\/26\/julio-diz-que-jayme-e-nome-forte-e-nao-descarta-senado-veja\/","title":{"rendered":"J\u00falio diz que Jayme \u00e9 \u201cnome forte\u201d e n\u00e3o descarta Senado; veja"},"content":{"rendered":"<section class=\"FullLine\">\n<div class=\"conteudo\">\n<h3>ayme foi citado por F\u00e1bio Garcia como nome ideal para fazer dobradinha com Mauro Mendes ao Senado<\/h3>\n<\/div>\n<\/section>\n<section>\n<div class=\"FullLine\">\n<div class=\"conteudo_foto\">\n<div class=\"imgcontent\">\n<p class=\"credito_foto\">Victor Ostetti\/MidiaNews<\/p>\n<p><a href=\"https:\/\/www.midianews.com.br\/\/storage\/webdisco\/2025\/08\/20\/886x590\/0ff340c7dc46b250b61bbcea7721916b.jpg\" rel=\"lightbox\" data-title=\"O deputado estadual J\u00falio Campos, que defendeu o di\u00e1logo para evitar desgastes no grupo\"><img loading=\"lazy\" decoding=\"async\" id=\"img_conteudo\" class=\"img-responsive\" src=\"https:\/\/www.midianews.com.br\/\/storage\/webdisco\/2025\/08\/20\/438x291\/0ff340c7dc46b250b61bbcea7721916b.jpg\" alt=\"O deputado estadual J\u00falio Campos, que defendeu o di\u00e1logo para evitar desgastes no grupo\" width=\"438\" height=\"292\" border=\"0\" \/><\/a><\/p>\n<p class=\"descricao_foto\">O deputado estadual J\u00falio Campos, que defendeu o di\u00e1logo para evitar desgastes no grupo<\/p>\n<\/div>\n<\/div>\n<div class=\"Font14Bold\">VIT\u00d3RIA GOMES<br \/>\nDA REDA\u00c7\u00c3O<\/div>\n<div id=\"texto\" class=\"texto\">\n<p>O deputado estadual J\u00falio Campos afirmou que o senador Jayme Campos, ambos do Uni\u00e3o Brasil, \u00e9 um \u201cnome forte\u201d e pode ser candidato \u00e0 reelei\u00e7\u00e3o ao Senado pelo partido.<\/p>\n<p>&nbsp;<\/p>\n<div class=\"quote-wrapper right\">\n<div class=\"quote-img-wrapper right\"><img decoding=\"async\" class=\"quote-img right\" src=\"https:\/\/www.midianews.com.br\/images\/aspas_right.gif\" \/><\/div>\n<h2 class=\"quote-content\">\u00c9 sinal que o senador Jayme Campos \u00e9 um nome forte e respeitado e que tem condi\u00e7\u00e3o de disputar qualquer elei\u00e7\u00e3o majorit\u00e1ria<\/h2>\n<\/div>\n<p>A declara\u00e7\u00e3o foi feita ap\u00f3s J\u00falio ser questionado sobre a fala do secret\u00e1rio-chefe da Casa Civil, F\u00e1bio Garcia (Uni\u00e3o), que defendeu uma dobradinha para o Senado com o governador Mauro Mendes e Jayme como candidatos.<\/p>\n<p>&nbsp;<\/p>\n<p>\u201cN\u00f3s ficamos muito gratos pela lembran\u00e7a que o deputado F\u00e1bio Garcia fez do nome do senador Jayme Campos para o Senado. \u00c9 sinal que o senador \u00e9 um nome forte e respeitado e que tem condi\u00e7\u00e3o de disputar qualquer elei\u00e7\u00e3o majorit\u00e1ria, quer seja senador ou governador\u201d, afirmou J\u00falio.<\/p>\n<p>&nbsp;<\/p>\n<p>Atualmente, Jayme trabalha para viabilizar dentro do Uni\u00e3o Brasil uma candidatura ao Governo do Estado. No entanto, enfrenta resist\u00eancia de parte do grupo, j\u00e1 que Mendes declarou apoio \u00e0 pr\u00e9-candidatura do vice-governador, Otaviano Pivetta (Republicanos).<\/p>\n<div id=\"taboola-mid-article-thumbnails\" class=\"trc_related_container tbl-trecs-container trc_spotlight_widget trc_elastic trc_elastic_alternating-thumbnails-a-mid-article\" data-placement-name=\"Mid Article Thumbnails\">\n<div class=\"trc_rbox_container\">\n<div>\n<div id=\"trc_wrapper_7789229451\" class=\"trc_rbox alternating-thumbnails-a-mid-article trc-content-hybrid\">\n<div id=\"trc_header_7789229451\" class=\"trc_rbox_header trc_rbox_border_elm\">\n<div class=\"trc_header_ext\"><\/div>\n<\/div>\n<div id=\"outer_7789229451\" class=\"trc_rbox_outer\">\n<div id=\"rbox-t2m\" class=\"trc_rbox_div trc_rbox_border_elm\">\n<div id=\"internal_trc_7789229451\">\n<div class=\"videoCube trc_spotlight_item origin-default textItem thumbnail_start videoCube_3_child syndicatedItem trc_excludable\" data-item-id=\"~~V1~~-3702504644709918980~~c-VGT6o9KwZj48MOGcEErxPxF25BlC0DjfLK0H7BYjp9_9IWyVTZYEw3zPc60dwzHu_TYvngZ3fIkOCpr71_kGX2zx8CgVUVkHH9GQANp1fFTidA6dnZUaHxlwii9oMoGkJ7AnYTHQ0hnFtLe9BVbAikiHgATe7_vb3LlsoxXbM8AcG1c6seag0AI_rH09A53_gITsrVSt9kQKvVF4cB_Kr0GILgnTs02GTJO3h3_9geZXVn7N7uvh7q4PdKVBds\" data-item-title=\"Boas not\u00edcias para os brasileiros que precisam de dinheiro!\" data-item-thumb=\"https:\/\/cdn.taboola.com\/libtrc\/static\/thumbnails\/12e1f3d7f8248ff9a0fa6b5ba6ff21fc.jpg\" data-item-syndicated=\"true\"><\/div>\n<\/div>\n<\/div>\n<\/div>\n<\/div>\n<\/div>\n<\/div>\n<\/div>\n<p>&nbsp;<\/p>\n<p>A possibilidade de uma dobradinha com Mendes ao Senado seria uma forma de diminuir os desgastes internos que est\u00e3o ocorrendo por causa do impasse entre o nome de Pivetta e Jayme.<\/p>\n<p>&nbsp;<\/p>\n<p><strong>Defini\u00e7\u00e3o em 2026<\/strong><\/p>\n<p>&nbsp;<\/p>\n<p>Para J\u00falio, toda essa problem\u00e1tica sobre candidaturas deve ser definida apenas em 2026. O deputado destacou a import\u00e2ncia do di\u00e1logo para evitar qualquer racha nas elei\u00e7\u00f5es majorit\u00e1rias.<\/p>\n<p>&nbsp;<\/p>\n<p>\u201cPara mim, Jayme seria um bom candidato a governador do Estado. Mas tamb\u00e9m pode ser um bom candidato a senador, porque tem feito um trabalho magn\u00edfico a favor dos munic\u00edpios mato-grossense em Bras\u00edlia, trazendo recurso e emenda e tendo um comportamento \u00e9tico \u00e0 altura do cargo\u201d, completou.<\/p>\n<p>&nbsp;<\/p>\n<p><strong>Veja v\u00eddeo:<\/strong><\/p>\n<div style=\"width: 478px;\" class=\"wp-video\"><!--[if lt IE 9]><script>document.createElement('video');<\/script><![endif]-->\n<video class=\"wp-video-shortcode\" id=\"video-62733-1\" width=\"478\" height=\"850\" preload=\"metadata\" controls=\"controls\"><source type=\"video\/mp4\" src=\"https:\/\/portalnewsgta.com.br\/wp-content\/uploads\/2025\/08\/bad35246994090ed7297deffeba37839.mp4?_=1\" \/><a href=\"https:\/\/portalnewsgta.com.br\/wp-content\/uploads\/2025\/08\/bad35246994090ed7297deffeba37839.mp4\">https:\/\/portalnewsgta.com.br\/wp-content\/uploads\/2025\/08\/bad35246994090ed7297deffeba37839.mp4<\/a><\/video><\/div>\n<\/div>\n<\/div>\n<\/section>\n","protected":false},"excerpt":{"rendered":"<p>ayme foi citado por F\u00e1bio Garcia como nome ideal para fazer dobradinha com Mauro Mendes<\/p>\n","protected":false},"author":2,"featured_media":62734,"comment_status":"open","ping_status":"open","sticky":false,"template":"","format":"standard","meta":{"footnotes":""},"categories":[13,2],"tags":[1509],"aioseo_notices":[],"_links":{"self":[{"href":"https:\/\/portalnewsgta.com.br\/index.php\/wp-json\/wp\/v2\/posts\/62733"}],"collection":[{"href":"https:\/\/portalnewsgta.com.br\/index.php\/wp-json\/wp\/v2\/posts"}],"about":[{"href":"https:\/\/portalnewsgta.com.br\/index.php\/wp-json\/wp\/v2\/types\/post"}],"author":[{"embeddable":true,"href":"https:\/\/portalnewsgta.com.br\/index.php\/wp-json\/wp\/v2\/users\/2"}],"replies":[{"embeddable":true,"href":"https:\/\/portalnewsgta.com.br\/index.php\/wp-json\/wp\/v2\/comments?post=62733"}],"version-history":[{"count":1,"href":"https:\/\/portalnewsgta.com.br\/index.php\/wp-json\/wp\/v2\/posts\/62733\/revisions"}],"predecessor-version":[{"id":62736,"href":"https:\/\/portalnewsgta.com.br\/index.php\/wp-json\/wp\/v2\/posts\/62733\/revisions\/62736"}],"wp:featuredmedia":[{"embeddable":true,"href":"https:\/\/portalnewsgta.com.br\/index.php\/wp-json\/wp\/v2\/media\/62734"}],"wp:attachment":[{"href":"https:\/\/portalnewsgta.com.br\/index.php\/wp-json\/wp\/v2\/media?parent=62733"}],"wp:term":[{"taxonomy":"category","embeddable":true,"href":"https:\/\/portalnewsgta.com.br\/index.php\/wp-json\/wp\/v2\/categories?post=62733"},{"taxonomy":"post_tag","embeddable":true,"href":"https:\/\/portalnewsgta.com.br\/index.php\/wp-json\/wp\/v2\/tags?post=62733"}],"curies":[{"name":"wp","href":"https:\/\/api.w.org\/{rel}","templated":true}]}}