{"id":62729,"date":"2025-08-26T09:00:24","date_gmt":"2025-08-26T12:00:24","guid":{"rendered":"https:\/\/portalnewsgta.com.br\/?p=62729"},"modified":"2025-08-26T09:00:24","modified_gmt":"2025-08-26T12:00:24","slug":"pivetta-teme-avanco-de-faccoes-entre-jovens-e-cita-educacao","status":"publish","type":"post","link":"https:\/\/portalnewsgta.com.br\/index.php\/2025\/08\/26\/pivetta-teme-avanco-de-faccoes-entre-jovens-e-cita-educacao\/","title":{"rendered":"Pivetta teme avan\u00e7o de fac\u00e7\u00f5es entre jovens e cita educa\u00e7\u00e3o"},"content":{"rendered":"<section class=\"FullLine\">\n<div class=\"conteudo\">\n<h3>Ele falou sobre epis\u00f3dio em que jovens fizeram sinal de fac\u00e7\u00e3o ao lado de ministro do STF<\/h3>\n<\/div>\n<\/section>\n<section>\n<div class=\"FullLine\">\n<div class=\"conteudo_foto\">\n<div class=\"imgcontent\">\n<p class=\"credito_foto\">Victor Ostetti\/MidiaNews<\/p>\n<p><a href=\"https:\/\/www.midianews.com.br\/\/storage\/webdisco\/2025\/08\/21\/886x590\/6313c8fd4cff67dee76eeae5ce934eab.jpg\" rel=\"lightbox\" data-title=\"O vice-governador Otaviano Pivetta, que falou sobre combate ao crime\"><img loading=\"lazy\" decoding=\"async\" id=\"img_conteudo\" class=\"img-responsive\" src=\"https:\/\/www.midianews.com.br\/\/storage\/webdisco\/2025\/08\/21\/438x291\/6313c8fd4cff67dee76eeae5ce934eab.jpg\" alt=\"O vice-governador Otaviano Pivetta, que falou sobre combate ao crime\" width=\"438\" height=\"292\" border=\"0\" \/><\/a><\/p>\n<p class=\"descricao_foto\">O vice-governador Otaviano Pivetta, que falou sobre combate ao crime<\/p>\n<\/div>\n<\/div>\n<div class=\"Font14Bold\">VIT\u00d3RIA GOMES E GIORDANO TOMASELLI<br \/>\nDA REDA\u00c7\u00c3O<\/div>\n<div id=\"texto\" class=\"texto\">\n<p>O vice-governador Otaviano Pivetta (Republicanos) afirmou que v\u00ea com preocupa\u00e7\u00e3o o avan\u00e7o do crime organizado entre os jovens de Mato Grosso.<\/p>\n<p>&nbsp;<\/p>\n<div class=\"quote-wrapper right\">\n<div class=\"quote-img-wrapper right\"><img decoding=\"async\" class=\"quote-img right\" src=\"https:\/\/www.midianews.com.br\/images\/aspas_right.gif\" \/><\/div>\n<h2 class=\"quote-content\">A educa\u00e7\u00e3o \u00e9 o principal segmento que o Estado precisa cuidar para formar nossos jovens para o trabalho, para ter renda, para n\u00e3o serem recrutados<\/h2>\n<\/div>\n<p>A declara\u00e7\u00e3o foi feita ap\u00f3s ele ser questionado sobre a foto de estudantes do Liceu Cuiabano fazendo um sinal relacionado \u00e0s fac\u00e7\u00f5es ao lado do governador Mauro Mendes (Uni\u00e3o) e do presidente do Supremo Tribunal Federal (STF), Lu\u00eds Roberto Barroso. O fato ocorreu no \u00faltimo dia 18.<\/p>\n<p>&nbsp;<\/p>\n<p>\u201cCheguei a ver [a foto]. Nos preocupa muito. As fac\u00e7\u00f5es s\u00e3o inimigas do Estado. N\u00f3s estamos combatendo. O programa Toler\u00e2ncia Zero incrementou muito mais a\u00e7\u00f5es para combater o crime, especialmente o crime organizado. E infelizmente, no Brasil todo, o estado paralelo se difundiu. Na aus\u00eancia do Estado Oficial, o estado paralelo cresce\u201d, afirmou.<\/p>\n<p>&nbsp;<\/p>\n<p>Al\u00e9m da foto dos alunos fazendo sinal de fac\u00e7\u00e3o, recentemente outro caso envolvendo menores chocou o Estado, quando um v\u00eddeo vazado na internet mostrou adolescentes da Escola Estadual Carlos Hugueney, em Alto Araguaia, agredindo uma colega, em uma esp\u00e9cie de \u201csalve\u201d.<\/p>\n<div id=\"taboola-mid-article-thumbnails\" class=\"trc_related_container tbl-trecs-container trc_spotlight_widget trc_elastic trc_elastic_alternating-thumbnails-a-mid-article\" data-placement-name=\"Mid Article Thumbnails\">\n<div class=\"trc_rbox_container\">\n<div>\n<div id=\"trc_wrapper_296152024\" class=\"trc_rbox alternating-thumbnails-a-mid-article trc-content-hybrid\">\n<div id=\"trc_header_296152024\" class=\"trc_rbox_header trc_rbox_border_elm\">\n<div class=\"trc_header_ext\"><\/div>\n<\/div>\n<\/div>\n<\/div>\n<\/div>\n<\/div>\n<p>&nbsp;<\/p>\n<p>No in\u00edcio do m\u00eas a Justi\u00e7a de Mato Grosso determinou a interna\u00e7\u00e3o das tr\u00eas adolescentes envolvidas na sess\u00e3o de espancamento.<\/p>\n<p>&nbsp;<\/p>\n<p><strong>&#8220;Educa\u00e7\u00e3o&#8221;<\/strong><\/p>\n<p>&nbsp;<\/p>\n<p>Pivetta destacou que o Estado j\u00e1 est\u00e1 fazendo sua parte investindo na seguran\u00e7a e equipando a Pol\u00edcia com equipamentos de alta qualidade.<\/p>\n<p>&nbsp;<\/p>\n<p>Al\u00e9m dessas medidas, o vice-governador tamb\u00e9m mencionou a educa\u00e7\u00e3o como principal arma contra as fac\u00e7\u00f5es, j\u00e1 que esses grupos tem buscado menores vulner\u00e1veis para levar para o crime.<\/p>\n<p>&nbsp;<\/p>\n<p>\u201cN\u00f3s n\u00e3o vamos permitir que isso cres\u00e7a. N\u00f3s vamos combater. E tamb\u00e9m se combate com medidas de longo prazo. A educa\u00e7\u00e3o \u00e9 o principal segmento que o Estado precisa cuidar para formar nossos jovens para o trabalho, para ter renda, para n\u00e3o serem recrutados pelo crime organizado\u201d.<\/p>\n<p>&nbsp;<\/p>\n<p>\u201cO nosso sentimento \u00e9 de preocupa\u00e7\u00e3o, mas tamb\u00e9m \u00e9 um sentimento de confian\u00e7a no futuro, de f\u00e9, especialmente nas nossas for\u00e7as policiais e na nossa capacidade de investir para o Estado impor a lei e a ordem, n\u00e3o permitir que as organiza\u00e7\u00f5es prosperem\u201d.<\/p>\n<p>&nbsp;<\/p>\n<p><strong>Veja v\u00eddeo:<\/strong><\/p>\n<div style=\"width: 478px;\" class=\"wp-video\"><!--[if lt IE 9]><script>document.createElement('video');<\/script><![endif]-->\n<video class=\"wp-video-shortcode\" id=\"video-62729-1\" width=\"478\" height=\"850\" preload=\"metadata\" controls=\"controls\"><source type=\"video\/mp4\" src=\"https:\/\/portalnewsgta.com.br\/wp-content\/uploads\/2025\/08\/7a0a7e17d04c6424d6078cea4137e4f0.mp4?_=1\" \/><a href=\"https:\/\/portalnewsgta.com.br\/wp-content\/uploads\/2025\/08\/7a0a7e17d04c6424d6078cea4137e4f0.mp4\">https:\/\/portalnewsgta.com.br\/wp-content\/uploads\/2025\/08\/7a0a7e17d04c6424d6078cea4137e4f0.mp4<\/a><\/video><\/div>\n<p>&nbsp;<\/p>\n<p>&nbsp;<\/p>\n<\/div>\n<\/div>\n<\/section>\n","protected":false},"excerpt":{"rendered":"<p>Ele falou sobre epis\u00f3dio em que jovens fizeram sinal de fac\u00e7\u00e3o ao lado de ministro<\/p>\n","protected":false},"author":2,"featured_media":62731,"comment_status":"open","ping_status":"open","sticky":false,"template":"","format":"standard","meta":{"footnotes":""},"categories":[13,2],"tags":[1508],"aioseo_notices":[],"_links":{"self":[{"href":"https:\/\/portalnewsgta.com.br\/index.php\/wp-json\/wp\/v2\/posts\/62729"}],"collection":[{"href":"https:\/\/portalnewsgta.com.br\/index.php\/wp-json\/wp\/v2\/posts"}],"about":[{"href":"https:\/\/portalnewsgta.com.br\/index.php\/wp-json\/wp\/v2\/types\/post"}],"author":[{"embeddable":true,"href":"https:\/\/portalnewsgta.com.br\/index.php\/wp-json\/wp\/v2\/users\/2"}],"replies":[{"embeddable":true,"href":"https:\/\/portalnewsgta.com.br\/index.php\/wp-json\/wp\/v2\/comments?post=62729"}],"version-history":[{"count":1,"href":"https:\/\/portalnewsgta.com.br\/index.php\/wp-json\/wp\/v2\/posts\/62729\/revisions"}],"predecessor-version":[{"id":62732,"href":"https:\/\/portalnewsgta.com.br\/index.php\/wp-json\/wp\/v2\/posts\/62729\/revisions\/62732"}],"wp:featuredmedia":[{"embeddable":true,"href":"https:\/\/portalnewsgta.com.br\/index.php\/wp-json\/wp\/v2\/media\/62731"}],"wp:attachment":[{"href":"https:\/\/portalnewsgta.com.br\/index.php\/wp-json\/wp\/v2\/media?parent=62729"}],"wp:term":[{"taxonomy":"category","embeddable":true,"href":"https:\/\/portalnewsgta.com.br\/index.php\/wp-json\/wp\/v2\/categories?post=62729"},{"taxonomy":"post_tag","embeddable":true,"href":"https:\/\/portalnewsgta.com.br\/index.php\/wp-json\/wp\/v2\/tags?post=62729"}],"curies":[{"name":"wp","href":"https:\/\/api.w.org\/{rel}","templated":true}]}}