{"id":62695,"date":"2025-08-26T08:44:19","date_gmt":"2025-08-26T11:44:19","guid":{"rendered":"https:\/\/portalnewsgta.com.br\/?p=62695"},"modified":"2025-08-26T08:44:19","modified_gmt":"2025-08-26T11:44:19","slug":"promotores-do-mpmt-acompanham-pericia-na-usina-de-colider","status":"publish","type":"post","link":"https:\/\/portalnewsgta.com.br\/index.php\/2025\/08\/26\/promotores-do-mpmt-acompanham-pericia-na-usina-de-colider\/","title":{"rendered":"Promotores do MPMT acompanham per\u00edcia na Usina de Col\u00edder"},"content":{"rendered":"<p>Por: Reda\u00e7\u00e3o com Assessoria<\/p>\n<figure class=\"mb-2\" data-v-70493042=\"\"><figcaption class=\"text-body-2 font-weight-bold grey--text text--darken-2\" data-v-70493042=\"\">Foto por: Reprodu\u00e7\u00e3o<\/figcaption><\/figure>\n<div class=\"ck-content font-weight-medium mb-4\" data-v-70493042=\"\">\n<p>O\u00a0Minist\u00e9rio P\u00fablico de Mato Grosso (MPMT), atrav\u00e9s das Promotorias de Justi\u00e7a de Cl\u00e1udia e Ita\u00faba e Promotoria de Justi\u00e7a C\u00edvel de Col\u00edder acompanharam, na sexta-feira (22), o in\u00edcio dos trabalhos de per\u00edcia t\u00e9cnica na Usina Hidrel\u00e9trica de Col\u00edder, localizada no rio Teles Pires.<\/p>\n<p>A equipe de profissionais foi designada pelo procurador de Justi\u00e7a da 11\u00aa Procuradoria de Justi\u00e7a e coordenador do Centro de Apoio \u00e0 Execu\u00e7\u00e3o Ambiental (CAEX Ambiental), Gerson Barbosa, com m\u00e1xima urg\u00eancia.<\/p>\n<p>No primeiro dia de per\u00edcia, os promotores de Justi\u00e7a desceram at\u00e9 as galerias onde est\u00e3o localizados os drenos danificados, o que levou \u00e0 ativa\u00e7\u00e3o do Plano de A\u00e7\u00e3o Emergencial. \u201cAcompanhamos de perto o in\u00edcio da per\u00edcia t\u00e9cnica na Usina Hidrel\u00e9trica de Col\u00edder com o objetivo de garantir que todas as medidas necess\u00e1rias sejam adotadas para proteger a popula\u00e7\u00e3o e o meio ambiente. A visita \u00e0s galerias onde est\u00e3o os drenos danificados refor\u00e7a nossa preocupa\u00e7\u00e3o com a gravidade da situa\u00e7\u00e3o e a urg\u00eancia na apura\u00e7\u00e3o dos fatos\u201d, destacaram os membros do MPMT.<\/p>\n<p>O trabalho do MPMT est\u00e1 sendo realizado pela bi\u00f3loga, doutora em Ecologia e Conserva\u00e7\u00e3o da Biodiversidade, Mayara Fioreze Zucchetto; pelo ge\u00f3logo, doutor em Geoci\u00eancias, Edvaldo Jos\u00e9 de Oliveira; e pelo engenheiro civil, Bruno Moreira dos Santos Zuchini.<\/p>\n<p>Tamb\u00e9m acompanharam o in\u00edcio da per\u00edcia uma equipe da Per\u00edcia Oficial e Identifica\u00e7\u00e3o T\u00e9cnica do Estado de Mato Grosso (Politec), o gerente do Departamento de Seguran\u00e7a de Barragem da Eletrobras, Jeferson Henrique, e o diretor dos Centros de Excel\u00eancia Digitais da Eletrobras, Lucas Pinz.<\/p>\n<p>A per\u00edcia faz parte das a\u00e7\u00f5es previstas no inqu\u00e9rito civil instaurado pelo MPMT para apurar poss\u00edveis riscos e impactos ambientais relacionados \u00e0 Usina Hidrel\u00e9trica de Col\u00edder, localizada no rio Teles Pires.<\/p>\n<p>A decis\u00e3o foi motivada por comunicado oficial da Eletrobras, divulgado em 15 de agosto de 2025, informando que a barragem da usina se encontra em n\u00edvel de seguran\u00e7a &#8220;Alerta&#8221;, devido a danos em seu sistema de drenos, o que levou \u00e0 ativa\u00e7\u00e3o do Plano de A\u00e7\u00e3o Emergencial.<\/p>\n<p>Diante da gravidade dos fatos, o MPMT est\u00e1 apurando se h\u00e1 risco \u00e0 vida, \u00e0 sa\u00fade e \u00e0 seguran\u00e7a da popula\u00e7\u00e3o, al\u00e9m de potenciais danos ambientais, como mortandade de peixes, altera\u00e7\u00f5es nos ciclos reprodutivos de esp\u00e9cies aqu\u00e1ticas, exposi\u00e7\u00e3o de \u00e1reas marginais, redu\u00e7\u00e3o da disponibilidade de \u00e1gua para comunidades ribeirinhas e comprometimento de atividades econ\u00f4micas locais.<\/p>\n<p>O procedimento tem como investigadas as Centrais El\u00e9tricas Brasileiras S\/A \u2013 Eletrobras, propriet\u00e1ria da usina, e a Companhia Paranaense de Energia \u2013 Copel, respons\u00e1vel pela opera\u00e7\u00e3o. O objetivo \u00e9 apurar os danos ambientais decorrentes da condi\u00e7\u00e3o estrutural da barragem e da redu\u00e7\u00e3o do n\u00edvel do reservat\u00f3rio, os riscos \u00e0 seguran\u00e7a da popula\u00e7\u00e3o e os motivos que levaram \u00e0 deteriora\u00e7\u00e3o do sistema de drenos.<\/p>\n<\/div>\n","protected":false},"excerpt":{"rendered":"<p>Por: Reda\u00e7\u00e3o com Assessoria Foto por: Reprodu\u00e7\u00e3o O\u00a0Minist\u00e9rio P\u00fablico de Mato Grosso (MPMT), atrav\u00e9s das<\/p>\n","protected":false},"author":2,"featured_media":62696,"comment_status":"open","ping_status":"open","sticky":false,"template":"","format":"standard","meta":{"footnotes":""},"categories":[7,13],"tags":[],"aioseo_notices":[],"_links":{"self":[{"href":"https:\/\/portalnewsgta.com.br\/index.php\/wp-json\/wp\/v2\/posts\/62695"}],"collection":[{"href":"https:\/\/portalnewsgta.com.br\/index.php\/wp-json\/wp\/v2\/posts"}],"about":[{"href":"https:\/\/portalnewsgta.com.br\/index.php\/wp-json\/wp\/v2\/types\/post"}],"author":[{"embeddable":true,"href":"https:\/\/portalnewsgta.com.br\/index.php\/wp-json\/wp\/v2\/users\/2"}],"replies":[{"embeddable":true,"href":"https:\/\/portalnewsgta.com.br\/index.php\/wp-json\/wp\/v2\/comments?post=62695"}],"version-history":[{"count":1,"href":"https:\/\/portalnewsgta.com.br\/index.php\/wp-json\/wp\/v2\/posts\/62695\/revisions"}],"predecessor-version":[{"id":62697,"href":"https:\/\/portalnewsgta.com.br\/index.php\/wp-json\/wp\/v2\/posts\/62695\/revisions\/62697"}],"wp:featuredmedia":[{"embeddable":true,"href":"https:\/\/portalnewsgta.com.br\/index.php\/wp-json\/wp\/v2\/media\/62696"}],"wp:attachment":[{"href":"https:\/\/portalnewsgta.com.br\/index.php\/wp-json\/wp\/v2\/media?parent=62695"}],"wp:term":[{"taxonomy":"category","embeddable":true,"href":"https:\/\/portalnewsgta.com.br\/index.php\/wp-json\/wp\/v2\/categories?post=62695"},{"taxonomy":"post_tag","embeddable":true,"href":"https:\/\/portalnewsgta.com.br\/index.php\/wp-json\/wp\/v2\/tags?post=62695"}],"curies":[{"name":"wp","href":"https:\/\/api.w.org\/{rel}","templated":true}]}}