{"id":62614,"date":"2025-08-24T12:43:22","date_gmt":"2025-08-24T15:43:22","guid":{"rendered":"https:\/\/portalnewsgta.com.br\/index.php\/2025\/08\/24\/selecao-tem-1a-convocacao-com-cara-de-ancelotti-em-testes-para-a-copa\/"},"modified":"2025-08-24T12:43:22","modified_gmt":"2025-08-24T15:43:22","slug":"selecao-tem-1a-convocacao-com-cara-de-ancelotti-em-testes-para-a-copa","status":"publish","type":"post","link":"https:\/\/portalnewsgta.com.br\/index.php\/2025\/08\/24\/selecao-tem-1a-convocacao-com-cara-de-ancelotti-em-testes-para-a-copa\/","title":{"rendered":"Sele\u00e7\u00e3o tem 1\u00aa convoca\u00e7\u00e3o com &#8216;cara&#8217; de Ancelotti em testes para a Copa"},"content":{"rendered":"<p>IGOR SIQUEIRA<br \/>RIO DE JANEIRO, RJ (UOL\/FOLHAPRESS) &#8211; O t\u00e9cnico Carlo Ancelotti far\u00e1 nesta segunda-feira a primeira convoca\u00e7\u00e3o com uma cara comple&#8230;<br \/>\n                 leia mais no Not\u00edcias ao Minuto Brasil <a href=\"https:\/\/www.noticiasaominuto.com.br\/esporte\/2310548\/selecao-tem-1-convocacao-com-cara-de-ancelotti-em-testes-para-a-copa?utm_source=rss-esporte&amp;utm_medium=rss&amp;utm_campaign=rssfeed\">aqui<\/a>.<\/p>\n<p>Fonte: noticiasaominuto.com.br<\/p>\n","protected":false},"excerpt":{"rendered":"<p>IGOR SIQUEIRARIO DE JANEIRO, RJ (UOL\/FOLHAPRESS) &#8211; O t\u00e9cnico Carlo Ancelotti far\u00e1 nesta segunda-feira a<\/p>\n","protected":false},"author":0,"featured_media":62615,"comment_status":"open","ping_status":"open","sticky":false,"template":"","format":"standard","meta":{"footnotes":""},"categories":[4],"tags":[],"aioseo_notices":[],"_links":{"self":[{"href":"https:\/\/portalnewsgta.com.br\/index.php\/wp-json\/wp\/v2\/posts\/62614"}],"collection":[{"href":"https:\/\/portalnewsgta.com.br\/index.php\/wp-json\/wp\/v2\/posts"}],"about":[{"href":"https:\/\/portalnewsgta.com.br\/index.php\/wp-json\/wp\/v2\/types\/post"}],"replies":[{"embeddable":true,"href":"https:\/\/portalnewsgta.com.br\/index.php\/wp-json\/wp\/v2\/comments?post=62614"}],"version-history":[{"count":0,"href":"https:\/\/portalnewsgta.com.br\/index.php\/wp-json\/wp\/v2\/posts\/62614\/revisions"}],"wp:featuredmedia":[{"embeddable":true,"href":"https:\/\/portalnewsgta.com.br\/index.php\/wp-json\/wp\/v2\/media\/62615"}],"wp:attachment":[{"href":"https:\/\/portalnewsgta.com.br\/index.php\/wp-json\/wp\/v2\/media?parent=62614"}],"wp:term":[{"taxonomy":"category","embeddable":true,"href":"https:\/\/portalnewsgta.com.br\/index.php\/wp-json\/wp\/v2\/categories?post=62614"},{"taxonomy":"post_tag","embeddable":true,"href":"https:\/\/portalnewsgta.com.br\/index.php\/wp-json\/wp\/v2\/tags?post=62614"}],"curies":[{"name":"wp","href":"https:\/\/api.w.org\/{rel}","templated":true}]}}