{"id":62205,"date":"2025-08-19T11:35:14","date_gmt":"2025-08-19T14:35:14","guid":{"rendered":"https:\/\/portalnewsgta.com.br\/?p=62205"},"modified":"2025-08-19T11:35:14","modified_gmt":"2025-08-19T14:35:14","slug":"mendes-nega-que-articulou-encontro-de-gilmar-e-bolsonaro-video","status":"publish","type":"post","link":"https:\/\/portalnewsgta.com.br\/index.php\/2025\/08\/19\/mendes-nega-que-articulou-encontro-de-gilmar-e-bolsonaro-video\/","title":{"rendered":"Mendes nega que articulou encontro de Gilmar e Bolsonaro; v\u00eddeo"},"content":{"rendered":"<section class=\"FullLine\">\n<div class=\"conteudo\">\n<h3>Jornal citou &#8220;encontro fracassado&#8221; de ex-presidente com ministro de MT em meio a crise nacional<\/h3>\n<\/div>\n<\/section>\n<section>\n<div class=\"FullLine\">\n<div class=\"conteudo_foto\">\n<div class=\"imgcontent\">\n<p class=\"credito_foto\">Mayke Toscano\/Secom<\/p>\n<p><a href=\"https:\/\/www.midianews.com.br\/\/storage\/webdisco\/2021\/08\/19\/886x590\/d63b1533f7759f28379d05b8776521df.jpg\" rel=\"lightbox\" data-title=\"O governador Mauro Mendes e o ex-presidente Jair Bolsonaro\"><img loading=\"lazy\" decoding=\"async\" id=\"img_conteudo\" class=\"img-responsive\" src=\"https:\/\/www.midianews.com.br\/\/storage\/webdisco\/2021\/08\/19\/438x291\/d63b1533f7759f28379d05b8776521df.jpg\" alt=\"O governador Mauro Mendes e o ex-presidente Jair Bolsonaro\" width=\"438\" height=\"292\" border=\"0\" \/><\/a><\/p>\n<p class=\"descricao_foto\">O governador Mauro Mendes e o ex-presidente Jair Bolsonaro<\/p>\n<\/div>\n<\/div>\n<div class=\"Font14Bold\">DA REDA\u00c7\u00c3O<\/div>\n<div id=\"texto\" class=\"texto\">\n<p>O governador Mauro Mendes (Uni\u00e3o) negou, nesta segunda-feira (18), que tenha articulado um encontro do ex-presidente Jair Bolsonaro (PL) com o ministro mato-grossense Gilmar Mendes, do Supremo Tribunal Federal (STF). A informa\u00e7\u00e3o foi divulgada na semana passada pela jornalista Malu Gaspar, de\u00a0<strong>O Globo<\/strong>.<\/p>\n<p>&nbsp;<\/p>\n<div class=\"quote-wrapper right\">\n<div class=\"quote-img-wrapper right\"><img decoding=\"async\" class=\"quote-img right\" src=\"https:\/\/www.midianews.com.br\/images\/aspas_right.gif\" \/><\/div>\n<h2 class=\"quote-content\">Infelizmente, o Brasil vive hoje muitas turbul\u00eancias. \u00c9 lament\u00e1vel que vivemos num pa\u00eds da polariza\u00e7\u00e3o direita e esquerda<\/h2>\n<\/div>\n<p>Segundo a publica\u00e7\u00e3o, a proposta do encontro com Bolsonaro veio de Mendes\u00a0que \u00e9 pr\u00f3ximo dos dois. O ministro, por\u00e9m, teria dito que antes o deputado Eduardo Bolsonaro (PL-SP) precisaria parar de atacar o Supremo e fazer uma esp\u00e9cie de \u201cpacto de sil\u00eancio\u201d \u2014 o que obviamente n\u00e3o ocorreu.<\/p>\n<p>&nbsp;<\/p>\n<p>Ainda segundo a jornalista, a reuni\u00e3o acabou n\u00e3o acontecendo porque o ex-presidente foi preso antes, por determina\u00e7\u00e3o do ministro Alexandre de Moraes.<\/p>\n<p>&nbsp;<\/p>\n<p>Questionado sobre o assunto, nesta segunda, Mendes disse que foi procurado pela jornalista e que negou ter articulado a reuni\u00e3o.<\/p>\n<div id=\"taboola-mid-article-thumbnails\" class=\"trc_related_container tbl-trecs-container trc_spotlight_widget trc_elastic trc_elastic_alternating-thumbnails-a-mid-article\" data-placement-name=\"Mid Article Thumbnails\">\n<div class=\"trc_rbox_container\">\n<div>\n<div id=\"trc_wrapper_482092691\" class=\"trc_rbox alternating-thumbnails-a-mid-article trc-content-hybrid\">\n<div id=\"trc_header_482092691\" class=\"trc_rbox_header trc_rbox_border_elm\">\n<div class=\"trc_header_ext\"><\/div>\n<\/div>\n<\/div>\n<\/div>\n<\/div>\n<\/div>\n<p>&nbsp;<\/p>\n<p>\u201cA jornalista divulgou alguma coisa que ela me perguntou e eu disse que n\u00e3o era verdade. Ent\u00e3o, isso n\u00e3o \u00e9 verdade. Divulgou uma mentira que n\u00e3o procede, uma not\u00edcia que n\u00e3o procede\u201d, disse.<\/p>\n<p>&nbsp;<\/p>\n<p><strong>Polariza\u00e7\u00e3o e turbul\u00eancias<\/strong><\/p>\n<p>&nbsp;<\/p>\n<p>Mendes ainda criticou que o atual debate pol\u00edtico fique concentrado entre direita e esquerda, ao inv\u00e9s de focar em pautas que, de fato, beneficiem a popula\u00e7\u00e3o.<\/p>\n<p>&nbsp;<\/p>\n<p>\u201cInfelizmente, o Brasil vive hoje muitas turbul\u00eancias. \u00c9 lament\u00e1vel que vivemos num pa\u00eds da polariza\u00e7\u00e3o direita e esquerda, atritos entre os poderes, o Congresso Nacional. Enquanto gera esse tipo de pol\u00eamica, deixamos de focar naquilo que verdadeiramente importa, que \u00e9 produzir resultado para o cidad\u00e3o\u201d, afirmou.<\/p>\n<p>&nbsp;<\/p>\n<p>\u201cEu vejo muitas conversas, muitas postagens, muitas confus\u00f5es, muitas not\u00edcias, mas nenhuma delas, ou boa parte delas, n\u00e3o produzem resultado para o Brasil, para a sociedade brasileira e para melhorar a vida do cidad\u00e3o. Eu lamento, mas \u00e9 um momento, faz parte do amadurecimento de uma democracia e at\u00e9 mesmo do uso dos instrumentos que temos hoje\u201d, completou.<\/p>\n<p>&nbsp;<\/p>\n<p><strong>Veja:<\/strong><\/p>\n<div style=\"width: 478px;\" class=\"wp-video\"><!--[if lt IE 9]><script>document.createElement('video');<\/script><![endif]-->\n<video class=\"wp-video-shortcode\" id=\"video-62205-1\" width=\"478\" height=\"850\" preload=\"metadata\" controls=\"controls\"><source type=\"video\/mp4\" src=\"https:\/\/portalnewsgta.com.br\/wp-content\/uploads\/2025\/08\/d55e7da9d5e2719045fe21dc826e3986.mp4?_=1\" \/><a href=\"https:\/\/portalnewsgta.com.br\/wp-content\/uploads\/2025\/08\/d55e7da9d5e2719045fe21dc826e3986.mp4\">https:\/\/portalnewsgta.com.br\/wp-content\/uploads\/2025\/08\/d55e7da9d5e2719045fe21dc826e3986.mp4<\/a><\/video><\/div>\n<p>&nbsp;<\/p>\n<div style=\"width: 478px;\" class=\"wp-video\"><video class=\"wp-video-shortcode\" id=\"video-62205-2\" width=\"478\" height=\"850\" preload=\"metadata\" controls=\"controls\"><source type=\"video\/mp4\" src=\"https:\/\/portalnewsgta.com.br\/wp-content\/uploads\/2025\/08\/e8e526b0b5b431fe437bc980e8901458.mp4?_=2\" \/><a href=\"https:\/\/portalnewsgta.com.br\/wp-content\/uploads\/2025\/08\/e8e526b0b5b431fe437bc980e8901458.mp4\">https:\/\/portalnewsgta.com.br\/wp-content\/uploads\/2025\/08\/e8e526b0b5b431fe437bc980e8901458.mp4<\/a><\/video><\/div>\n<p>&nbsp;<\/p>\n<div class=\"texto-extra\"><\/div>\n<\/div>\n<\/div>\n<\/section>\n","protected":false},"excerpt":{"rendered":"<p>Jornal citou &#8220;encontro fracassado&#8221; de ex-presidente com ministro de MT em meio a crise nacional<\/p>\n","protected":false},"author":2,"featured_media":62208,"comment_status":"open","ping_status":"open","sticky":false,"template":"","format":"standard","meta":{"footnotes":""},"categories":[13,2],"tags":[1496],"aioseo_notices":[],"_links":{"self":[{"href":"https:\/\/portalnewsgta.com.br\/index.php\/wp-json\/wp\/v2\/posts\/62205"}],"collection":[{"href":"https:\/\/portalnewsgta.com.br\/index.php\/wp-json\/wp\/v2\/posts"}],"about":[{"href":"https:\/\/portalnewsgta.com.br\/index.php\/wp-json\/wp\/v2\/types\/post"}],"author":[{"embeddable":true,"href":"https:\/\/portalnewsgta.com.br\/index.php\/wp-json\/wp\/v2\/users\/2"}],"replies":[{"embeddable":true,"href":"https:\/\/portalnewsgta.com.br\/index.php\/wp-json\/wp\/v2\/comments?post=62205"}],"version-history":[{"count":1,"href":"https:\/\/portalnewsgta.com.br\/index.php\/wp-json\/wp\/v2\/posts\/62205\/revisions"}],"predecessor-version":[{"id":62209,"href":"https:\/\/portalnewsgta.com.br\/index.php\/wp-json\/wp\/v2\/posts\/62205\/revisions\/62209"}],"wp:featuredmedia":[{"embeddable":true,"href":"https:\/\/portalnewsgta.com.br\/index.php\/wp-json\/wp\/v2\/media\/62208"}],"wp:attachment":[{"href":"https:\/\/portalnewsgta.com.br\/index.php\/wp-json\/wp\/v2\/media?parent=62205"}],"wp:term":[{"taxonomy":"category","embeddable":true,"href":"https:\/\/portalnewsgta.com.br\/index.php\/wp-json\/wp\/v2\/categories?post=62205"},{"taxonomy":"post_tag","embeddable":true,"href":"https:\/\/portalnewsgta.com.br\/index.php\/wp-json\/wp\/v2\/tags?post=62205"}],"curies":[{"name":"wp","href":"https:\/\/api.w.org\/{rel}","templated":true}]}}