{"id":62201,"date":"2025-08-19T11:33:13","date_gmt":"2025-08-19T14:33:13","guid":{"rendered":"https:\/\/portalnewsgta.com.br\/?p=62201"},"modified":"2025-08-19T11:33:13","modified_gmt":"2025-08-19T14:33:13","slug":"garcia-nao-descarta-convite-de-max-mas-adia-decisao-para-2026","status":"publish","type":"post","link":"https:\/\/portalnewsgta.com.br\/index.php\/2025\/08\/19\/garcia-nao-descarta-convite-de-max-mas-adia-decisao-para-2026\/","title":{"rendered":"Garcia n\u00e3o descarta convite de Max, mas adia decis\u00e3o para 2026"},"content":{"rendered":"<section class=\"FullLine\">\n<div class=\"conteudo\">\n<h3>F\u00e1bio afirmou que est\u00e1 aberto para decidir, em grupo, onde sua candidatura ser\u00e1 melhor aproveitada<\/h3>\n<\/div>\n<\/section>\n<section>\n<div class=\"FullLine\">\n<div class=\"conteudo_foto\">\n<div class=\"imgcontent\">\n<p class=\"credito_foto\">Victor Ostetti\/MidiaNews<\/p>\n<p><a href=\"https:\/\/www.midianews.com.br\/\/storage\/webdisco\/2024\/11\/29\/886x590\/8349bcf1720ad46fb05a7f332c286dc8.jpg\" rel=\"lightbox\" data-title=\"O secret\u00e1rio-chefe da Casa Civil, F\u00e1bio Garcia, que recebeu convite para se filiar ao Podemos\"><img loading=\"lazy\" decoding=\"async\" id=\"img_conteudo\" class=\"img-responsive\" src=\"https:\/\/www.midianews.com.br\/\/storage\/webdisco\/2024\/11\/29\/438x291\/8349bcf1720ad46fb05a7f332c286dc8.jpg\" alt=\"O secret\u00e1rio-chefe da Casa Civil, F\u00e1bio Garcia, que recebeu convite para se filiar ao Podemos\" width=\"438\" height=\"292\" border=\"0\" \/><\/a><\/p>\n<p class=\"descricao_foto\">O secret\u00e1rio-chefe da Casa Civil, F\u00e1bio Garcia, que recebeu convite para se filiar ao Podemos<\/p>\n<\/div>\n<\/div>\n<div class=\"Font14Bold\">VIT\u00d3RIA GOMES<br \/>\nDA REDA\u00c7\u00c3O<\/div>\n<div id=\"texto\" class=\"texto\">\n<p>O secret\u00e1rio-chefe da Casa Civil, F\u00e1bio Garcia (Uni\u00e3o), n\u00e3o descartou uma poss\u00edvel filia\u00e7\u00e3o ao Podemos, mas afirmou que as articula\u00e7\u00f5es sobre as elei\u00e7\u00f5es ser\u00e3o feitas apenas em 2026.<\/p>\n<p>&nbsp;<\/p>\n<div class=\"quote-wrapper right\">\n<div class=\"quote-img-wrapper right\"><img decoding=\"async\" class=\"quote-img right\" src=\"https:\/\/www.midianews.com.br\/images\/aspas_right.gif\" \/><\/div>\n<h2 class=\"quote-content\">Nos respeitamos, mas ainda muito cedo para a gente poder falar dessa quest\u00e3o eleitoral<\/h2>\n<\/div>\n<p>O convite partiu do deputado estadual Max Russi, que vai migrar do PSB ao Podemos. \u00c0 imprensa, Max disse que a ida de Garcia para o novo partido seria \u201co caminho l\u00f3gico\u201d para ele viabilizar a reelei\u00e7\u00e3o como deputado federal. Atualmente, Garcia est\u00e1 licenciado da fun\u00e7\u00e3o para ocupar o cargo no Pal\u00e1cio Paiagu\u00e1s.<\/p>\n<p>&nbsp;<\/p>\n<p>\u201cTenho uma rela\u00e7\u00e3o com o Max, de amizade e pol\u00edtica, desde minha primeira candidatura e da primeira candidatura dele. Ent\u00e3o, nos respeitamos, mas ainda \u00e9 muito cedo para\u00a0 falar dessa quest\u00e3o eleitoral\u201d, afirmou.<\/p>\n<p>&nbsp;<\/p>\n<p>\u201cEnt\u00e3o, essa quest\u00e3o dos caminhos pol\u00edticos para 2026, chegar\u00e1 o momento da gente poder sentar dentro de todo o grupo pol\u00edtico e dialogar sobre quais s\u00e3o os poss\u00edveis caminhos para cada um de n\u00f3s dentro do nosso grupo pol\u00edtico\u201d, completou.<\/p>\n<p>&nbsp;<\/p>\n<p>Ao defender a mudan\u00e7a de partido de F\u00e1bio, Max destacou o fato do Podemos ter pouca representatividade no Estado.<\/p>\n<p>&nbsp;<\/p>\n<p>Isto porque, segundo ele, haveria total liberdade para o chefe da Casa Civil trabalhar a campanha, diferente de outros grandes partidos, como Uni\u00e3o Brasil, onde h\u00e1 briga por espa\u00e7o devido \u00e0 alta concentra\u00e7\u00e3o de lideran\u00e7as pol\u00edticas na legenda.<\/p>\n<p>&nbsp;<\/p>\n<p>F\u00e1bio afirmou que est\u00e1 aberto para decidir, em grupo, onde sua candidatura ser\u00e1 melhor aproveitada.<\/p>\n<p>&nbsp;<\/p>\n<p>\u201cExiste a possibilidade de eu dialogar com o meu grupo pol\u00edtico sobre onde seria o melhor caminho para que eu possa estar atuando da melhor forma, como sempre atuei contribuindo com meu grupo pol\u00edtico\u201d, disse.<\/p>\n<p>&nbsp;<\/p>\n<p>\u201cAgora est\u00e1 todo mundo focado no trabalho, em desenvolver da melhor forma as atribui\u00e7\u00f5es que as pessoas nos delegaram atrav\u00e9s do voto nas elei\u00e7\u00f5es h\u00e1 quatro anos atr\u00e1s. Portanto, \u00e9 muito cedo para a gente poder falar e tomar decis\u00e3o sobre elei\u00e7\u00e3o\u201d.<\/p>\n<p>&nbsp;<\/p>\n<p><strong>Veja v\u00eddeo:<\/strong><\/p>\n<p>&nbsp;<\/p>\n<div style=\"width: 464px;\" class=\"wp-video\"><!--[if lt IE 9]><script>document.createElement('video');<\/script><![endif]-->\n<video class=\"wp-video-shortcode\" id=\"video-62201-1\" width=\"464\" height=\"832\" preload=\"metadata\" controls=\"controls\"><source type=\"video\/mp4\" src=\"https:\/\/portalnewsgta.com.br\/wp-content\/uploads\/2025\/08\/f14dcf24ad1b1f4cc20c15a726ce8e3e.mp4?_=1\" \/><a href=\"https:\/\/portalnewsgta.com.br\/wp-content\/uploads\/2025\/08\/f14dcf24ad1b1f4cc20c15a726ce8e3e.mp4\">https:\/\/portalnewsgta.com.br\/wp-content\/uploads\/2025\/08\/f14dcf24ad1b1f4cc20c15a726ce8e3e.mp4<\/a><\/video><\/div>\n<p>&nbsp;<\/p>\n<\/div>\n<\/div>\n<\/section>\n","protected":false},"excerpt":{"rendered":"<p>F\u00e1bio afirmou que est\u00e1 aberto para decidir, em grupo, onde sua candidatura ser\u00e1 melhor aproveitada<\/p>\n","protected":false},"author":2,"featured_media":62202,"comment_status":"open","ping_status":"open","sticky":false,"template":"","format":"standard","meta":{"footnotes":""},"categories":[13,2],"tags":[1495],"aioseo_notices":[],"_links":{"self":[{"href":"https:\/\/portalnewsgta.com.br\/index.php\/wp-json\/wp\/v2\/posts\/62201"}],"collection":[{"href":"https:\/\/portalnewsgta.com.br\/index.php\/wp-json\/wp\/v2\/posts"}],"about":[{"href":"https:\/\/portalnewsgta.com.br\/index.php\/wp-json\/wp\/v2\/types\/post"}],"author":[{"embeddable":true,"href":"https:\/\/portalnewsgta.com.br\/index.php\/wp-json\/wp\/v2\/users\/2"}],"replies":[{"embeddable":true,"href":"https:\/\/portalnewsgta.com.br\/index.php\/wp-json\/wp\/v2\/comments?post=62201"}],"version-history":[{"count":1,"href":"https:\/\/portalnewsgta.com.br\/index.php\/wp-json\/wp\/v2\/posts\/62201\/revisions"}],"predecessor-version":[{"id":62204,"href":"https:\/\/portalnewsgta.com.br\/index.php\/wp-json\/wp\/v2\/posts\/62201\/revisions\/62204"}],"wp:featuredmedia":[{"embeddable":true,"href":"https:\/\/portalnewsgta.com.br\/index.php\/wp-json\/wp\/v2\/media\/62202"}],"wp:attachment":[{"href":"https:\/\/portalnewsgta.com.br\/index.php\/wp-json\/wp\/v2\/media?parent=62201"}],"wp:term":[{"taxonomy":"category","embeddable":true,"href":"https:\/\/portalnewsgta.com.br\/index.php\/wp-json\/wp\/v2\/categories?post=62201"},{"taxonomy":"post_tag","embeddable":true,"href":"https:\/\/portalnewsgta.com.br\/index.php\/wp-json\/wp\/v2\/tags?post=62201"}],"curies":[{"name":"wp","href":"https:\/\/api.w.org\/{rel}","templated":true}]}}