{"id":60929,"date":"2025-08-05T08:11:07","date_gmt":"2025-08-05T11:11:07","guid":{"rendered":"https:\/\/portalnewsgta.com.br\/?p=60929"},"modified":"2025-08-05T08:11:07","modified_gmt":"2025-08-05T11:11:07","slug":"durante-manifestacao-prefeitos-apostam-em-retorno-de-bolsonaro-a-presidencia","status":"publish","type":"post","link":"https:\/\/portalnewsgta.com.br\/index.php\/2025\/08\/05\/durante-manifestacao-prefeitos-apostam-em-retorno-de-bolsonaro-a-presidencia\/","title":{"rendered":"Durante manifesta\u00e7\u00e3o, prefeitos apostam em retorno de Bolsonaro \u00e0 presid\u00eancia"},"content":{"rendered":"<div class=\"col-xs-12 col-sm-12 col-md-12 col-lg-12 mb10\">\n<div class=\"row\">\n<div class=\"col-xs-12 col-sm-12 col-md-12 col-lg-12 mb15\">\n<div class=\"row\">\n<div class=\"col-xs-12 col-sm-11 col-md-11 col-lg-11 autorer\"><span class=\"autores_fontes_nome\">Fred Moraes<\/span><\/p>\n<p class=\"autores_fontes_email\">fred.moraes@gazetadigital.com.br<\/p>\n<\/div>\n<\/div>\n<\/div>\n<\/div>\n<\/div>\n<div class=\"col-xs-12 col-sm-12 col-md-12 col-lg-12 mb30\">\n<p class=\"credito-1\">reprodu\u00e7\u00e3o<\/p>\n<p><span class=\"img-conteudo pull-left\"><a href=\"https:\/\/www.gazetadigital.com.br\/storage\/webdisco\/2025\/08\/04\/1200x900\/6f4c9ddcf928da2b6da58363672f6cfe.jpg\" data-fancybox=\"gallery\" data-caption=\"reprodu\u00e7\u00e3o \"><img decoding=\"async\" src=\"https:\/\/www.gazetadigital.com.br\/storage\/webdisco\/2025\/08\/04\/431x285\/6f4c9ddcf928da2b6da58363672f6cfe.jpg\" alt=\"reprodu\u00e7\u00e3o \" \/><\/a><\/span><\/p>\n<p class=\"img-conteudo-desc\">\n<div id=\"text-content\" class=\"mb20\">\n<p>Abilio Brunini (PL), e Fl\u00e1via Moretti (PL), prefeitos em Cuiab\u00e1 e V\u00e1rzea Grande, respectivamente, ao participarem do manifesto pr\u00f3-Bolsonaro, no fim da tarde deste domingo (3), na Pra\u00e7a 8 de abril, entonaram o coro a candidatura do ex-presidente em 2026 para \u2018mudar a hist\u00f3ria do pa\u00eds\u2019.<\/p>\n<p>&nbsp;<\/p>\n<p>Bolsonaro est\u00e1 ineleg\u00edvel por 8 anos, por decis\u00e3o do Tribunal Superior Eleitoral (TSE), ou seja, n\u00e3o pode disputar o pleito do pr\u00f3ximo ano, somente em 2030.<\/p>\n<p>&nbsp;<\/p>\n<p>Mesmo com o quadro desfavor\u00e1vel a Jair Bolsonaro, os gestores municipais das duas maiores cidades do estado, afirmaram estarem confiantes num retorno do pol\u00edtico em 2026, e recha\u00e7aram a possibilidade de qualquer outro nome pelo campo da direita na disputa do ano que vem.<\/p>\n<p>&nbsp;<\/p>\n<p>Ao discursar frente aos apoiadores presentes na pra\u00e7a, o prefeito de Cuiab\u00e1 disse que a situa\u00e7\u00e3o econ\u00f4mica do pa\u00eds n\u00e3o atravessa uma boa fase, embora o n\u00famero de desempregados atingiu o menor patamar em 13 anos. Abilio citou o pre\u00e7o de alimentos b\u00e1sicos e outros itens para justificar seu pensamento, e garantiu que no pr\u00f3ximo ano o povo \u2018dar\u00e1 resposta nas urnas\u2019.<\/p>\n<p>&nbsp;<\/p>\n<p>\u201cN\u00f3s estamos aqui hoje, porque nosso pa\u00eds n\u00e3o est\u00e1 certo. As coisas n\u00e3o est\u00e3o funcionando bem, o caf\u00e9 est\u00e1 caro, a gasolina est\u00e1 cara, a picanha est\u00e1 cara. Essa manifesta\u00e7\u00e3o s\u00f3 n\u00e3o \u00e9 maior pelo medo do povo com as retalia\u00e7\u00f5es. O povo tem medo da persegui\u00e7\u00e3o que estamos passando, mas nas urnas esse povo vai mostrar de que lado est\u00e1\u201d, disse o prefeito.<\/p>\n<p>&nbsp;<\/p>\n<p>A prefeita de V\u00e1rzea Grande foi mais entusiasta e puxou coro para a candidatura de Bolsonaro. Citando indiretamente as pesquisas de inten\u00e7\u00f5es de votos que mostram Lula em 1\u00ba lugar, a gestora bolsonarista afirmou que assim com nas elei\u00e7\u00f5es do ano passado em que alguns candidatos do partido em Mato Grosso \u2018viraram a chave \u2018 e se elegeram, o mesmo correr\u00e1 com Bolsonaro.<\/p>\n<p>&nbsp;<\/p>\n<p>\u201c2026 j\u00e1 acontece, se 2024 eu e Abilio conseguimos virar a chave em Cuiab\u00e1 e V\u00e1rzea Grande, agora \u00e9 a hora. 2026 j\u00e1 come\u00e7ou \u00e9 a hora da liberdade, \u00e9 hora da gente gritar, teu grito de liberdade, porque agora que n\u00f3s temos que gritar por todos n\u00f3s e pelo nosso capit\u00e3o, pelo nosso Bolsonaro. Estou louca para ir pedir voto, estou louca para ir para campanha, estou louca para gritar Bolsonaro 2026 e que ele venha. Se n\u00f3s dois, em Cuiab\u00e1 e V\u00e1rzea Grande, conseguimos virar, podemos virar a hist\u00f3ria do Brasil em 2026\u201d, anunciou.<\/p>\n<p>Em junho de 2023, o TSE tornou Bolsonaro ineleg\u00edvel por oito anos, por entender que ele cometeu abuso de poder e uso indevido dos meios de comunica\u00e7\u00e3o, ao reunir embaixadores, em julho de 2022, para atacar, sem provas, o sistema eleitoral.<\/p>\n<p>Meses depois, o ex-presidente foi condenado novamente \u00e0 inelegibilidade pelo TSE, desta vez por abuso de poder pol\u00edtico e econ\u00f4mico durante as cerim\u00f4nias do Bicenten\u00e1rio da Independ\u00eancia, em 7 de setembro de 2022, durante a campanha eleitoral.<\/p>\n<p>As duas condena\u00e7\u00f5es n\u00e3o se somam, ele permanece ineleg\u00edvel por oito anos a partir de 2022, ou seja, s\u00f3 poder\u00e1 voltar a disputar uma elei\u00e7\u00e3o em 2030.<\/p>\n<\/div>\n<\/div>\n","protected":false},"excerpt":{"rendered":"<p>Fred Moraes fred.moraes@gazetadigital.com.br reprodu\u00e7\u00e3o Abilio Brunini (PL), e Fl\u00e1via Moretti (PL), prefeitos em Cuiab\u00e1 e<\/p>\n","protected":false},"author":2,"featured_media":60930,"comment_status":"open","ping_status":"open","sticky":false,"template":"","format":"standard","meta":{"footnotes":""},"categories":[13,2],"tags":[1442],"aioseo_notices":[],"_links":{"self":[{"href":"https:\/\/portalnewsgta.com.br\/index.php\/wp-json\/wp\/v2\/posts\/60929"}],"collection":[{"href":"https:\/\/portalnewsgta.com.br\/index.php\/wp-json\/wp\/v2\/posts"}],"about":[{"href":"https:\/\/portalnewsgta.com.br\/index.php\/wp-json\/wp\/v2\/types\/post"}],"author":[{"embeddable":true,"href":"https:\/\/portalnewsgta.com.br\/index.php\/wp-json\/wp\/v2\/users\/2"}],"replies":[{"embeddable":true,"href":"https:\/\/portalnewsgta.com.br\/index.php\/wp-json\/wp\/v2\/comments?post=60929"}],"version-history":[{"count":1,"href":"https:\/\/portalnewsgta.com.br\/index.php\/wp-json\/wp\/v2\/posts\/60929\/revisions"}],"predecessor-version":[{"id":60931,"href":"https:\/\/portalnewsgta.com.br\/index.php\/wp-json\/wp\/v2\/posts\/60929\/revisions\/60931"}],"wp:featuredmedia":[{"embeddable":true,"href":"https:\/\/portalnewsgta.com.br\/index.php\/wp-json\/wp\/v2\/media\/60930"}],"wp:attachment":[{"href":"https:\/\/portalnewsgta.com.br\/index.php\/wp-json\/wp\/v2\/media?parent=60929"}],"wp:term":[{"taxonomy":"category","embeddable":true,"href":"https:\/\/portalnewsgta.com.br\/index.php\/wp-json\/wp\/v2\/categories?post=60929"},{"taxonomy":"post_tag","embeddable":true,"href":"https:\/\/portalnewsgta.com.br\/index.php\/wp-json\/wp\/v2\/tags?post=60929"}],"curies":[{"name":"wp","href":"https:\/\/api.w.org\/{rel}","templated":true}]}}