{"id":60041,"date":"2025-07-25T08:57:42","date_gmt":"2025-07-25T11:57:42","guid":{"rendered":"https:\/\/portalnewsgta.com.br\/?p=60041"},"modified":"2025-07-25T08:57:42","modified_gmt":"2025-07-25T11:57:42","slug":"colider-prefeitura-realizara-dia-d-rural-do-cadastro-unico-na-comunidade-marco-do-cimento","status":"publish","type":"post","link":"https:\/\/portalnewsgta.com.br\/index.php\/2025\/07\/25\/colider-prefeitura-realizara-dia-d-rural-do-cadastro-unico-na-comunidade-marco-do-cimento\/","title":{"rendered":"Col\u00edder: Prefeitura realizar\u00e1 Dia D Rural do Cadastro \u00danico na comunidade Marco do Cimento"},"content":{"rendered":"<p>Por: Assessoria<\/p>\n<figure class=\"mb-2\" data-v-70493042=\"\"><figcaption class=\"text-body-2 font-weight-bold grey--text text--darken-2\" data-v-70493042=\"\">Foto por: Ilustrativa<\/figcaption><\/figure>\n<div class=\"ck-content font-weight-medium mb-4\" data-v-70493042=\"\">\n<p>A Prefeitura de Col\u00edder, por meio da Secretaria Municipal de Assist\u00eancia Social, realiza no dia 1\u00ba de agosto de 2025 (quinta-feira) o Dia D Rural de Atualiza\u00e7\u00e3o Cadastral, com atendimento exclusivo para os moradores da Comunidade Marco do Cimento e regi\u00f5es vizinhas. A a\u00e7\u00e3o acontecer\u00e1 na Escola da Comunidade Marco do Cimento.<\/p>\n<p>Durante a programa\u00e7\u00e3o, al\u00e9m da atualiza\u00e7\u00e3o do Cadastro \u00danico, a equipe da Secretaria estar\u00e1 dispon\u00edvel para emitir Carteira de Identidade (RG), facilitando o acesso a esse documento essencial para os cidad\u00e3os da zona rural.<\/p>\n<p>A iniciativa \u00e9 uma parceria entre o setor do Cadastro \u00danico e a Secretaria Municipal de Ind\u00fastria, Com\u00e9rcio, Emprego, Renda e Turismo, garantindo cidadania e acesso aos programas sociais federais para quem mais precisa.<\/p>\n<p>Leve seus documentos e participe<\/p>\n<p>A orienta\u00e7\u00e3o \u00e9 para que todas as fam\u00edlias compare\u00e7am com seus documentos pessoais para realizar a atualiza\u00e7\u00e3o do Cadastro \u00danico, garantindo a continuidade dos benef\u00edcios sociais, como Bolsa Fam\u00edlia, Tarifa Social de Energia, entre outros.<\/p>\n<p>\u201cNosso objetivo \u00e9 levar os servi\u00e7os p\u00fablicos para mais perto das pessoas, especialmente das comunidades rurais, que muitas vezes t\u00eam mais dificuldade de acesso\u201d, refor\u00e7a a secret\u00e1ria Michele Schenkel.<\/p>\n<\/div>\n","protected":false},"excerpt":{"rendered":"<p>Por: Assessoria Foto por: Ilustrativa A Prefeitura de Col\u00edder, por meio da Secretaria Municipal de<\/p>\n","protected":false},"author":2,"featured_media":60042,"comment_status":"open","ping_status":"open","sticky":false,"template":"","format":"standard","meta":{"footnotes":""},"categories":[7,13],"tags":[],"aioseo_notices":[],"_links":{"self":[{"href":"https:\/\/portalnewsgta.com.br\/index.php\/wp-json\/wp\/v2\/posts\/60041"}],"collection":[{"href":"https:\/\/portalnewsgta.com.br\/index.php\/wp-json\/wp\/v2\/posts"}],"about":[{"href":"https:\/\/portalnewsgta.com.br\/index.php\/wp-json\/wp\/v2\/types\/post"}],"author":[{"embeddable":true,"href":"https:\/\/portalnewsgta.com.br\/index.php\/wp-json\/wp\/v2\/users\/2"}],"replies":[{"embeddable":true,"href":"https:\/\/portalnewsgta.com.br\/index.php\/wp-json\/wp\/v2\/comments?post=60041"}],"version-history":[{"count":1,"href":"https:\/\/portalnewsgta.com.br\/index.php\/wp-json\/wp\/v2\/posts\/60041\/revisions"}],"predecessor-version":[{"id":60043,"href":"https:\/\/portalnewsgta.com.br\/index.php\/wp-json\/wp\/v2\/posts\/60041\/revisions\/60043"}],"wp:featuredmedia":[{"embeddable":true,"href":"https:\/\/portalnewsgta.com.br\/index.php\/wp-json\/wp\/v2\/media\/60042"}],"wp:attachment":[{"href":"https:\/\/portalnewsgta.com.br\/index.php\/wp-json\/wp\/v2\/media?parent=60041"}],"wp:term":[{"taxonomy":"category","embeddable":true,"href":"https:\/\/portalnewsgta.com.br\/index.php\/wp-json\/wp\/v2\/categories?post=60041"},{"taxonomy":"post_tag","embeddable":true,"href":"https:\/\/portalnewsgta.com.br\/index.php\/wp-json\/wp\/v2\/tags?post=60041"}],"curies":[{"name":"wp","href":"https:\/\/api.w.org\/{rel}","templated":true}]}}