{"id":58672,"date":"2025-07-10T08:24:19","date_gmt":"2025-07-10T11:24:19","guid":{"rendered":"https:\/\/portalnewsgta.com.br\/?p=58672"},"modified":"2025-07-10T08:24:19","modified_gmt":"2025-07-10T11:24:19","slug":"faiad-manda-janaina-cuidar-de-2026-e-quer-bezerra-em-diretorio","status":"publish","type":"post","link":"https:\/\/portalnewsgta.com.br\/index.php\/2025\/07\/10\/faiad-manda-janaina-cuidar-de-2026-e-quer-bezerra-em-diretorio\/","title":{"rendered":"Faiad manda Janaina cuidar de 2026 e quer Bezerra em diret\u00f3rio"},"content":{"rendered":"<section class=\"FullLine\">\n<div class=\"conteudo\">\n<h3>anaina \u00e9 a principal cotada para substituir Bezerra no comando da sigla; Faiad diz n\u00e3o haver consenso<\/h3>\n<\/div>\n<\/section>\n<section>\n<div class=\"FullLine\">\n<div class=\"conteudo_foto\">\n<div class=\"imgcontent\">\n<p class=\"credito_foto\">Ednilson Aguiar\/Assessoria<\/p>\n<p class=\"descricao_foto\">O presidente do MDB em Cuiab\u00e1, advogado Francisco Faiad<\/p>\n<\/div>\n<\/div>\n<div class=\"Font14Bold\">VIT\u00d3RIA GOMES<br \/>\nDA REDA\u00c7\u00c3O<\/div>\n<div id=\"texto\" class=\"texto\">\n<p>O presidente do MDB em Cuiab\u00e1, Francisco Faiad, defendeu que o ex-deputado federal Carlos Bezerra permane\u00e7a como presidente estadual da sigla e afirmou que a deputada estadual Janaina Riva deve \u201ccuidar da candidatura\u201d ao Senado.<\/p>\n<p>&nbsp;<\/p>\n<div class=\"quote-wrapper right\">\n<div class=\"quote-img-wrapper right\"><img decoding=\"async\" class=\"quote-img right\" src=\"https:\/\/www.midianews.com.br\/images\/aspas_right.gif\" \/><\/div>\n<h2 class=\"quote-content\">Eu penso que ela [Janaina] \u00e9 uma \u00f3tima candidata nossa ao Senado e que ela deveria se preocupar mais com a candidatura<\/h2>\n<\/div>\n<p>O partido passar\u00e1 por uma elei\u00e7\u00e3o interna que definir\u00e1 a nova composi\u00e7\u00e3o a partir de agosto. Bezerra confirmou que n\u00e3o tem o desejo de se reeleger e Janaina despontou como a favorita para assumir o comando da sigla em Mato Grosso.<\/p>\n<p>&nbsp;<\/p>\n<p>Apesar de algumas lideran\u00e7as j\u00e1 cravarem a deputada como a nova presidente do MDB, Faiad alegou que ainda n\u00e3o h\u00e1 uma unanimidade dentro do partido.<\/p>\n<p>&nbsp;<\/p>\n<p>\u201cN\u00e3o h\u00e1 consenso at\u00e9 agora, n\u00e3o houve esse debate at\u00e9 agora com o Municipal. Eu penso que ela [Janaina] \u00e9 uma \u00f3tima candidata nossa ao Senado e que ela deveria se preocupar mais com a candidatura dela neste momento\u201d, afirmou \u00e0 imprensa.<\/p>\n<div id=\"taboola-mid-article-thumbnails\" class=\"trc_related_container tbl-trecs-container trc_spotlight_widget trc_elastic trc_elastic_alternating-thumbnails-a-mid-article\" data-placement-name=\"Mid Article Thumbnails\">\n<div class=\"trc_rbox_container\">\n<div>\n<div id=\"trc_wrapper_535864682\" class=\"trc_rbox alternating-thumbnails-a-mid-article trc-content-hybrid\">\n<div id=\"trc_header_535864682\" class=\"trc_rbox_header trc_rbox_border_elm\">\n<div class=\"trc_header_ext\"><\/div>\n<\/div>\n<\/div>\n<\/div>\n<\/div>\n<\/div>\n<p>&nbsp;<\/p>\n<p>\u201c[&#8230;] Eu defendo que o Carlos Bezerra continue na presid\u00eancia do MDB\u201d, completou.<\/p>\n<p>&nbsp;<\/p>\n<p>Apesar da fala de Faiad, nos \u00faltimos dias Janaina tem mostrado certa lideran\u00e7a dentro da sigla, principalmente em rela\u00e7\u00e3o \u00e0s elei\u00e7\u00f5es de 2026.<\/p>\n<p>&nbsp;<\/p>\n<p>Nas redes sociais, a deputada tem tomado a frente e feito campanhas para trazer novos filiados ao MDB e tem debatido o posicionamento do partido, tanto em Mato Grosso quanto nacionalmente.<\/p>\n<p>&nbsp;<\/p>\n<p>Lideran\u00e7as como o deputado federal Juarez Costa, o deputado estadual Dr. Jo\u00e3o e o presidente da AMM (Associa\u00e7\u00e3o Mato-grossense dos Munic\u00edpios), L\u00e9o Bortolin, tamb\u00e9m j\u00e1 declararam apoio \u00e0 Janaina como presidente.<\/p>\n<p>&nbsp;<\/p>\n<p><strong>Diret\u00f3rio municipal<\/strong><\/p>\n<p>&nbsp;<\/p>\n<p>Com a elei\u00e7\u00e3o se aproximando, especula-se se haver\u00e1 uma mudan\u00e7a no comando municipal do MDB. Ao ser questionado, Faiad afirmou que aguarda o posicionamento da dire\u00e7\u00e3o nacional do partido.<\/p>\n<p>&nbsp;<\/p>\n<p>\u201cN\u00f3s estamos aguardando a posi\u00e7\u00e3o nacional do MDB. O MDB est\u00e1 em negocia\u00e7\u00e3o para a federa\u00e7\u00e3o com o Republicanos, mas tamb\u00e9m est\u00e1 em conversa com o PSDB. E n\u00f3s estamos aguardando esse posicionamento nacional do MDB para, a\u00ed sim, tomarmos qualquer defini\u00e7\u00e3o para o futuro\u201d, disse.<\/p>\n<\/div>\n<\/div>\n<\/section>\n","protected":false},"excerpt":{"rendered":"<p>anaina \u00e9 a principal cotada para substituir Bezerra no comando da sigla; Faiad diz n\u00e3o<\/p>\n","protected":false},"author":2,"featured_media":58673,"comment_status":"open","ping_status":"open","sticky":false,"template":"","format":"standard","meta":{"footnotes":""},"categories":[13,2],"tags":[1331],"aioseo_notices":[],"_links":{"self":[{"href":"https:\/\/portalnewsgta.com.br\/index.php\/wp-json\/wp\/v2\/posts\/58672"}],"collection":[{"href":"https:\/\/portalnewsgta.com.br\/index.php\/wp-json\/wp\/v2\/posts"}],"about":[{"href":"https:\/\/portalnewsgta.com.br\/index.php\/wp-json\/wp\/v2\/types\/post"}],"author":[{"embeddable":true,"href":"https:\/\/portalnewsgta.com.br\/index.php\/wp-json\/wp\/v2\/users\/2"}],"replies":[{"embeddable":true,"href":"https:\/\/portalnewsgta.com.br\/index.php\/wp-json\/wp\/v2\/comments?post=58672"}],"version-history":[{"count":1,"href":"https:\/\/portalnewsgta.com.br\/index.php\/wp-json\/wp\/v2\/posts\/58672\/revisions"}],"predecessor-version":[{"id":58674,"href":"https:\/\/portalnewsgta.com.br\/index.php\/wp-json\/wp\/v2\/posts\/58672\/revisions\/58674"}],"wp:featuredmedia":[{"embeddable":true,"href":"https:\/\/portalnewsgta.com.br\/index.php\/wp-json\/wp\/v2\/media\/58673"}],"wp:attachment":[{"href":"https:\/\/portalnewsgta.com.br\/index.php\/wp-json\/wp\/v2\/media?parent=58672"}],"wp:term":[{"taxonomy":"category","embeddable":true,"href":"https:\/\/portalnewsgta.com.br\/index.php\/wp-json\/wp\/v2\/categories?post=58672"},{"taxonomy":"post_tag","embeddable":true,"href":"https:\/\/portalnewsgta.com.br\/index.php\/wp-json\/wp\/v2\/tags?post=58672"}],"curies":[{"name":"wp","href":"https:\/\/api.w.org\/{rel}","templated":true}]}}