{"id":57296,"date":"2025-06-23T08:02:16","date_gmt":"2025-06-23T11:02:16","guid":{"rendered":"https:\/\/portalnewsgta.com.br\/?p=57296"},"modified":"2025-06-23T08:02:16","modified_gmt":"2025-06-23T11:02:16","slug":"rivais-podem-dividir-o-palanque-nas-eleicoes-de-2026-em-mt","status":"publish","type":"post","link":"https:\/\/portalnewsgta.com.br\/index.php\/2025\/06\/23\/rivais-podem-dividir-o-palanque-nas-eleicoes-de-2026-em-mt\/","title":{"rendered":"Rivais podem dividir o palanque nas elei\u00e7\u00f5es de 2026 em MT"},"content":{"rendered":"<div class=\"col-xs-12 col-sm-12 col-md-12 col-lg-12 mb10\">\n<div class=\"row\">\n<div class=\"col-xs-12 col-sm-12 col-md-12 col-lg-12 mb15\">\n<div class=\"row\">\n<div class=\"col-xs-12 col-sm-11 col-md-11 col-lg-11 autorer\"><span class=\"autores_fontes_nome\">Pablo Rodrigo<\/span><\/p>\n<p class=\"autores_fontes_email\">pablo@gazetadigital.com.br<\/p>\n<\/div>\n<\/div>\n<\/div>\n<\/div>\n<\/div>\n<div class=\"col-xs-12 col-sm-12 col-md-12 col-lg-12 mb30\">\n<p class=\"credito-1\">Ednilson Aguiar\/ O livre<\/p>\n<p class=\"img-conteudo-desc\">\n<div id=\"text-content\" class=\"mb20\">\n<p>As articula\u00e7\u00f5es partid\u00e1rias para a elei\u00e7\u00e3o do ano que vem &#8211; em que ser\u00e3o eleitos governador e dois senadores &#8211; deve colocar os rivais Carlos F\u00e1varo (PSD), ministro da Agricultura do presidente Lula (PT), e Pedro Taques (sem partido), ex-governador de Mato Grosso, no mesmo palanque. O rompimento em definitivo entre ambos ocorreu em abril de 2018, quando Taques ocupava a cadeira de governador e F\u00e1varo vice. Por temer uma rasteira eleitoral do ex-procurador da Rep\u00fablica, F\u00e1varo renunciou ao cargo e se afastou de vez do ent\u00e3o aliado.<\/p>\n<p>&nbsp;<\/p>\n<p>Agora, com F\u00e1varo licenciado do mandato de senador por estar ocupando uma cadeira no governo Lula, vem atuando para buscar a reelei\u00e7\u00e3o, e Taques tentando voltar \u00e0 cena pol\u00edtica em di\u00e1logo firme com o PSB, do vice-presidente da Rep\u00fablica Geraldo Alckmin, os dois podem integrar um grupo de centro esquerda em Mato Grosso.<\/p>\n<p>&nbsp;<\/p>\n<p>O di\u00e1logo ainda ocorre no \u00e2mbito nacional e tem como interlocutores o presidente do PSB, Carlos Siqueira e o presidente do PSD, Gilberto Kassab, que tem interesse em manter a cadeira de F\u00e1varo no Senado Federal. A inc\u00f3gnita fica por conta da candidatura de Taques, que sinaliza a inten\u00e7\u00e3o de disputar ao fazer cr\u00edticas contundentes a gest\u00e3o Mauro Mendes (Uni\u00e3o), mas na imprensa diz n\u00e3o tratar sobre o assunto.<\/p>\n<p>&nbsp;<\/p>\n<p>Por\u00e9m, buscando se filiar ao PSB, Taques e F\u00e1varo poder\u00e3o que dividir o palanque mais uma vez, e esquecer as cr\u00edticas do passado, quando F\u00e1varo deixou a gest\u00e3o Taques o criticando, e Taques o classificou como traidor. Ocorre que nesta frente centro-esquerda precisa de um candidato competitivo para comandar o Pal\u00e1cio Paiagu\u00e1s.<\/p>\n<p>&nbsp;<\/p>\n<p>Neste cen\u00e1rio, o nome de F\u00e1varo \u00e9 lembrado como op\u00e7\u00e3o para construir um palanque para Lula no Estado, j\u00e1 que o presidente buscar\u00e1 a reelei\u00e7\u00e3o. Al\u00e9m de uma aproxima\u00e7\u00e3o com F\u00e1varo, Taques tamb\u00e9m ter\u00e1 a companhia do PT, partido que sempre foi muito cr\u00edtico durante os seus mandatos de senador e governador.<\/p>\n<p>&nbsp;<\/p>\n<p><strong>ROMPIMENTO<\/strong><\/p>\n<p>&nbsp;<\/p>\n<p>Taques e F\u00e1varo se aliaram para disputar a elei\u00e7\u00e3o de 2013, quando Mato Grosso era palco de grandes opera\u00e7\u00f5es policiais e precedia a \u201cdela\u00e7\u00e3o monstruosa\u201d do ex-governador Silval Barbosa (MDB). A alian\u00e7a ocorreu ap\u00f3s o empres\u00e1rio Era\u00ed Maggi (PP) desistir de ser vice e indicar F\u00e1varo para o cargo, j\u00e1 que na \u00e9poca ele era presidente da Associa\u00e7\u00e3o Mato-Grossense dos Produtores de Soja e Milho (Aprosoja). Eleitos em 2014, os parceiros pol\u00edticos come\u00e7aram a se estranhar como apoios divergentes na elei\u00e7\u00e3o de Lucas do Rio Verde (col\u00e9gio eleitoral de F\u00e1varo), falas indelicadas pela imprensa, e opera\u00e7\u00f5es policiais na gest\u00e3o Taques.<\/p>\n<p>&nbsp;<\/p>\n<p>At\u00e9 que veio o esc\u00e2ndalo da \u2018grampol\u00e2ndia pantaneira\u201d &#8211; investiga\u00e7\u00e3o em que se apurou um suposto escrit\u00f3rio em que grampeava os telefones de inimigos de Taques. Um dos chefes de gabinete da vice-governadoria estava na lista do alvos da arapongagem. Com isso, suspeitou que poderia estar entre os n\u00fameros e foi se isolando no seu cargo. Em 2018, j\u00e1 anunciada a inten\u00e7\u00e3o de ser candidato ao Senado e n\u00e3o seguir com Taques \u00e0 reelei\u00e7\u00e3o ao Paiagu\u00e1s, F\u00e1varo foi tomado pelo medo da trai\u00e7\u00e3o.<\/p>\n<p>&nbsp;<\/p>\n<p>Chegou aos seus ouvidos que Taques poderia deixar temporariamente o Pa\u00eds a qualquer momento e al\u00e7\u00e1-lo a governador, impedindo-o assim de concorrer a elei\u00e7\u00e3o naquele ano. \u00c9 que, conforme a legisla\u00e7\u00e3o, caso um chefe de estado deixe o Pa\u00eds, seu vice assume automaticamente. E ainda diz que a pessoa que assumir o cargo de governador seis meses antes da elei\u00e7\u00e3o fica impedida de concorrer a outros cargos naquele pleito.<\/p>\n<p>&nbsp;<\/p>\n<p>Ap\u00f3s a ren\u00fancia, F\u00e1varo entregou todos os cargos do PSD no governo. Os que n\u00e3o sa\u00edram foram expulsos da sigla, como o ex-secret\u00e1rio e ex-vereador Domingos S\u00e1vio.<\/p>\n<\/div>\n<\/div>\n","protected":false},"excerpt":{"rendered":"<p>Pablo Rodrigo pablo@gazetadigital.com.br Ednilson Aguiar\/ O livre As articula\u00e7\u00f5es partid\u00e1rias para a elei\u00e7\u00e3o do ano<\/p>\n","protected":false},"author":2,"featured_media":57297,"comment_status":"open","ping_status":"open","sticky":false,"template":"","format":"standard","meta":{"footnotes":""},"categories":[13,2],"tags":[138],"aioseo_notices":[],"_links":{"self":[{"href":"https:\/\/portalnewsgta.com.br\/index.php\/wp-json\/wp\/v2\/posts\/57296"}],"collection":[{"href":"https:\/\/portalnewsgta.com.br\/index.php\/wp-json\/wp\/v2\/posts"}],"about":[{"href":"https:\/\/portalnewsgta.com.br\/index.php\/wp-json\/wp\/v2\/types\/post"}],"author":[{"embeddable":true,"href":"https:\/\/portalnewsgta.com.br\/index.php\/wp-json\/wp\/v2\/users\/2"}],"replies":[{"embeddable":true,"href":"https:\/\/portalnewsgta.com.br\/index.php\/wp-json\/wp\/v2\/comments?post=57296"}],"version-history":[{"count":1,"href":"https:\/\/portalnewsgta.com.br\/index.php\/wp-json\/wp\/v2\/posts\/57296\/revisions"}],"predecessor-version":[{"id":57298,"href":"https:\/\/portalnewsgta.com.br\/index.php\/wp-json\/wp\/v2\/posts\/57296\/revisions\/57298"}],"wp:featuredmedia":[{"embeddable":true,"href":"https:\/\/portalnewsgta.com.br\/index.php\/wp-json\/wp\/v2\/media\/57297"}],"wp:attachment":[{"href":"https:\/\/portalnewsgta.com.br\/index.php\/wp-json\/wp\/v2\/media?parent=57296"}],"wp:term":[{"taxonomy":"category","embeddable":true,"href":"https:\/\/portalnewsgta.com.br\/index.php\/wp-json\/wp\/v2\/categories?post=57296"},{"taxonomy":"post_tag","embeddable":true,"href":"https:\/\/portalnewsgta.com.br\/index.php\/wp-json\/wp\/v2\/tags?post=57296"}],"curies":[{"name":"wp","href":"https:\/\/api.w.org\/{rel}","templated":true}]}}