{"id":57293,"date":"2025-06-23T08:01:16","date_gmt":"2025-06-23T11:01:16","guid":{"rendered":"https:\/\/portalnewsgta.com.br\/?p=57293"},"modified":"2025-06-23T08:01:16","modified_gmt":"2025-06-23T11:01:16","slug":"internado-por-arrancar-coracao-e-liberado-do-adauto-botelho-e-muda-para-sp","status":"publish","type":"post","link":"https:\/\/portalnewsgta.com.br\/index.php\/2025\/06\/23\/internado-por-arrancar-coracao-e-liberado-do-adauto-botelho-e-muda-para-sp\/","title":{"rendered":"Internado por arrancar cora\u00e7\u00e3o \u00e9 liberado do Adauto Botelho e muda para SP"},"content":{"rendered":"<div class=\"col-xs-12 col-sm-12 col-md-12 col-lg-12 mb10\">\n<div class=\"row\">\n<div class=\"col-xs-12 col-sm-12 col-md-12 col-lg-12 mb15\">\n<div class=\"row\">\n<div class=\"col-xs-12 col-sm-11 col-md-11 col-lg-11 autorer\"><span class=\"autores_fontes_nome\">Mariana da Silva<\/span><\/p>\n<p class=\"autores_fontes_email\">redacao@gazetadigital.com.br<\/p>\n<\/div>\n<\/div>\n<\/div>\n<\/div>\n<\/div>\n<div class=\"col-xs-12 col-sm-12 col-md-12 col-lg-12 mb30\">\n<p class=\"credito-1\">Reprodu\u00e7\u00e3o<\/p>\n<p><span class=\"img-conteudo pull-left\"><a href=\"https:\/\/www.gazetadigital.com.br\/storage\/webdisco\/2019\/07\/27\/1200x900\/12a6d1e5c08fdc5811592cc935a81fad.jpg\" data-fancybox=\"gallery\" data-caption=\"Reprodu\u00e7\u00e3o \"><img decoding=\"async\" src=\"https:\/\/www.gazetadigital.com.br\/storage\/webdisco\/2019\/07\/27\/431x285\/12a6d1e5c08fdc5811592cc935a81fad.jpg\" alt=\"Reprodu\u00e7\u00e3o \" \/><\/a><\/span><\/p>\n<p class=\"img-conteudo-desc\">\n<div id=\"text-content\" class=\"mb20\">\n<p>Lumar Costa da Silva, internado no Hospital Psiqui\u00e1trico Estadual Adauto Botelho por assassinar a tia Maria Z\u00e9lia da Silva Cosmo, 55, a golpes de faca em 2 de julho de 2019, e entregar o cora\u00e7\u00e3o dela a pr\u00f3pria filha em uma sacola pl\u00e1stica deve deixar o hospital e ir morar com o pai na cidade de Campin\u00e1polis, no estado de S\u00e3o Paulo. A decis\u00e3o judicial que autorizou a desinterna\u00e7\u00e3o \u00e9 dessa sexta-feira (20).<\/p>\n<p>&nbsp;<\/p>\n<p>Na decis\u00e3o, o juiz Geraldo Fernandes Fidelis Neto impos que seja feita a reavalia\u00e7\u00e3o constante de Lumar, para evitar \u201cpriva\u00e7\u00e3o de liberdade desproporcional ou desnecess\u00e1ria\u201d. \u00c9 destacado que a interna\u00e7\u00e3o constitui medida de car\u00e1ter excepcional, destinada unicamente \u00e0s hip\u00f3teses em que se mostre absolutamente indispens\u00e1vel para o controle efetivo da periculosidade do paciente e para a prote\u00e7\u00e3o da ordem p\u00fablica.<\/p>\n<p>&nbsp;<\/p>\n<p>No documento foi citado que laudo relativo ao exame de cessa\u00e7\u00e3o de periculosidade, realizado no dia 21 de agosto de 2024, apontou que o paciente fazia uso de medica\u00e7\u00e3o e conforme avalia\u00e7\u00e3o psiqui\u00e1trica forense, manifestava \u201cestabilidade cl\u00ednica com ju\u00edzo cr\u00edtico preservado, em condi\u00e7\u00f5es de alta m\u00e9dica\u201d.<\/p>\n<p>&nbsp;<\/p>\n<p>Foi avaliado que, por se tratar de uma \u201cdoen\u00e7a cr\u00f4nica, persistente e incur\u00e1vel\u201d \u00e9 necess\u00e1ria a supervis\u00e3o constante e tratamento ambulatorial intensivo cont\u00ednuo por per\u00edodo indeterminado, mesmo ap\u00f3s alta m\u00e9dica, sob risco de nova crise psic\u00f3tica e ato delituoso, devendo manter em regime de tratamento intensivo no Centro de Aten\u00e7\u00e3o Psicossocial (CAPS) com equipe multiprofissional e supervisionando. Na ocasi\u00e3o n\u00e3o havia indica\u00e7\u00e3o de cessa\u00e7\u00e3o de sua periculosidade.<\/p>\n<p>&nbsp;<\/p>\n<p>No entanto, o relat\u00f3rio realizado em 19 de maio de 2025 concluiu que: \u201cno momento o paciente tem indica\u00e7\u00e3o para continuar o tratamento, em transi\u00e7\u00e3o, na modalidade ambulatorial, ou seja, na extens\u00e3o do CAPS do munic\u00edpio de Campin\u00e1polis\/SP, pois \u00e9 onde ir\u00e1 retomar sua ressocializa\u00e7\u00e3o com refer\u00eancia familiar, sendo apontado seu genitor Dr. Gilmar Costa da Silva como seu principal curador\u201d. Desse modo, o pai de Lumar ficar\u00e1 respons\u00e1vel por ele.<\/p>\n<p>&nbsp;<\/p>\n<p>O magistrado considerou que, embora persista o diagn\u00f3stico psiqui\u00e1trico de transtorno mental cr\u00f4nico e n\u00e3o tenha havido cessa\u00e7\u00e3o formal da periculosidade, a condi\u00e7\u00e3o cl\u00ednica atual do paciente permite o seu manejo e que a rede de sa\u00fade de Campin\u00e1polis oferece a estrutura necess\u00e1ria para acompanhamento cl\u00ednico cont\u00ednuo, com supervis\u00e3o do respons\u00e1vel legal e \u00e0 obriga\u00e7\u00e3o de envio de relat\u00f3rios peri\u00f3dicos a este Ju\u00edzo.<\/p>\n<p>&nbsp;<\/p>\n<div class=\"img-wrapper img-left\">\n<p class=\"img-credit\">Reprodu\u00e7\u00e3o<\/p>\n<p><a href=\"https:\/\/www.gazetadigital.com.br\/storage\/webdisco\/2025\/06\/22\/1200x900\/5f2ff6c11efc050df859c434571b1b9a.jpg\" data-fancybox=\"gallery\" data-caption=\"Reprodu\u00e7\u00e3o \"><img decoding=\"async\" class=\"img-content\" src=\"https:\/\/www.gazetadigital.com.br\/storage\/webdisco\/2025\/06\/22\/350x460\/5f2ff6c11efc050df859c434571b1b9a.jpg\" alt=\"Dener Felizardo\" \/><\/a><\/p>\n<p class=\"img-subtitle\">Advogado\u00a0Dener Felizardo patrocinou a defesa de Lumar<\/p>\n<\/div>\n<p>\u201cDiante desse cen\u00e1rio, torna-se evidente que a manuten\u00e7\u00e3o do paciente em regime de interna\u00e7\u00e3o n\u00e3o se justifica, mostrando-se adequada, suficiente e proporcional a sua continuidade no regime de acompanhamento ambulatorial intensivo. Ante o exposto, determino a desinterna\u00e7\u00e3o do paciente LUMAR COSTA DA SILVA, a ser realizada no dia 20\/06\/2025\u201d, acrescentou.<\/p>\n<p>&nbsp;<\/p>\n<p>Foram tamb\u00e9m estabelecidas medidas como proibi\u00e7\u00e3o de frequentar lugares considerados inapropriados, como casa de prostitui\u00e7\u00e3o, casa de jogos, bocas de fumo e locais similares; e n\u00e3o ingerir bebida alco\u00f3lica ou fazer uso de qualquer esp\u00e9cie de subst\u00e2ncia entorpecente.<\/p>\n<p>&nbsp;<\/p>\n<p>Ao t\u00e9rmino do prazo de 01 ano da aplica\u00e7\u00e3o da medida de seguran\u00e7a, dever\u00e1 ser realizada per\u00edcia de cessa\u00e7\u00e3o de periculosidade, raz\u00e3o pela qual, desde j\u00e1, determino a realiza\u00e7\u00e3o do agendamento devido junto ao setor oficial.<\/p>\n<p>&nbsp;<\/p>\n<p>Durante o processo, Lumar foi defendido pelo advogado\u00a0Dener Felizardo. Ao\u00a0<img decoding=\"async\" class=\"content-logo-thumb\" src=\"https:\/\/www.gazetadigital.com.br\/images\/logo-thumb.png\" \/>\u00a0o advogado citou que acredita que alcan\u00e7ou o objetivo que almejava desde o in\u00edcio da a\u00e7\u00e3o penal, onde sempre acreditou que o Lumar necessitava de tratamento e n\u00e3o de pris\u00e3o, &#8220;tanto que ap\u00f3s ser colocado em local adequado para o seu tratamento, em menos de 1 ano obteve a sua desinterna\u00e7\u00e3o, aliada a continuidade do tratamento mediante o acompanhamento do CAPS&#8221;, citou.<\/p>\n<p>&nbsp;<\/p>\n<p>A defesa ainda refor\u00e7a que &#8220;ele n\u00e3o est\u00e1 isento de pena, pois dever\u00e1 de forma peri\u00f3dica e assiduamente continuar o tratamento, em transi\u00e7\u00e3o,\u00a0na modalidade ambulatorial, ou seja, na extens\u00e3o do CAPS \u2013 Centro de Aten\u00e7\u00e3o\u00a0Psicossocial no munic\u00edpio de Campin\u00e1polis\/SP, pois \u00e9 onde ir\u00e1 retomar sua\u00a0ressocializa\u00e7\u00e3o com refer\u00eancia familiar, sendo apontado seu genitor Dr. Gilmar\u00a0Costa da Silva como seu principal curador\u201d.<\/p>\n<p>&nbsp;<\/p>\n<p><strong>O caso<\/strong><\/p>\n<p>Lumar morava em de S\u00e3o Paulo e mudou-se para Sorriso ap\u00f3s um desentendimento com a m\u00e3e. Ele foi acolhido pela tia Maria Z\u00e9lia, por\u00e9m a mulher o expulsou de casa ao saber que fazia uso de drogas.\u00a0Em 2 de julho de 2019 ele atacou a tia e a matou a facadas.<\/p>\n<p>Com a arma branca ele arrancou o cora\u00e7\u00e3o da mulher e o levou para a prima, filha da v\u00edtima, em uma sacola pl\u00e1stica. Inicialmente ela acreditou se tratar de uma brincadeira, mas depois percebeu que era verdade. Na sequ\u00eancia, Lumar ainda roubou o carro da prima e tentou sequestrar a filha dela, uma menina de 7 anos. Com o carro ele bateu numa subesta\u00e7\u00e3o de energia tentando incendiar o local.<\/p>\n<\/div>\n<\/div>\n","protected":false},"excerpt":{"rendered":"<p>Mariana da Silva redacao@gazetadigital.com.br Reprodu\u00e7\u00e3o Lumar Costa da Silva, internado no Hospital Psiqui\u00e1trico Estadual Adauto<\/p>\n","protected":false},"author":2,"featured_media":57294,"comment_status":"open","ping_status":"open","sticky":false,"template":"","format":"standard","meta":{"footnotes":""},"categories":[13,34],"tags":[1279],"aioseo_notices":[],"_links":{"self":[{"href":"https:\/\/portalnewsgta.com.br\/index.php\/wp-json\/wp\/v2\/posts\/57293"}],"collection":[{"href":"https:\/\/portalnewsgta.com.br\/index.php\/wp-json\/wp\/v2\/posts"}],"about":[{"href":"https:\/\/portalnewsgta.com.br\/index.php\/wp-json\/wp\/v2\/types\/post"}],"author":[{"embeddable":true,"href":"https:\/\/portalnewsgta.com.br\/index.php\/wp-json\/wp\/v2\/users\/2"}],"replies":[{"embeddable":true,"href":"https:\/\/portalnewsgta.com.br\/index.php\/wp-json\/wp\/v2\/comments?post=57293"}],"version-history":[{"count":1,"href":"https:\/\/portalnewsgta.com.br\/index.php\/wp-json\/wp\/v2\/posts\/57293\/revisions"}],"predecessor-version":[{"id":57295,"href":"https:\/\/portalnewsgta.com.br\/index.php\/wp-json\/wp\/v2\/posts\/57293\/revisions\/57295"}],"wp:featuredmedia":[{"embeddable":true,"href":"https:\/\/portalnewsgta.com.br\/index.php\/wp-json\/wp\/v2\/media\/57294"}],"wp:attachment":[{"href":"https:\/\/portalnewsgta.com.br\/index.php\/wp-json\/wp\/v2\/media?parent=57293"}],"wp:term":[{"taxonomy":"category","embeddable":true,"href":"https:\/\/portalnewsgta.com.br\/index.php\/wp-json\/wp\/v2\/categories?post=57293"},{"taxonomy":"post_tag","embeddable":true,"href":"https:\/\/portalnewsgta.com.br\/index.php\/wp-json\/wp\/v2\/tags?post=57293"}],"curies":[{"name":"wp","href":"https:\/\/api.w.org\/{rel}","templated":true}]}}