{"id":57073,"date":"2025-06-18T18:42:51","date_gmt":"2025-06-18T21:42:51","guid":{"rendered":"https:\/\/portalnewsgta.com.br\/index.php\/2025\/06\/18\/o-samba-e-minha-memoria-afetiva-com-meu-pai-e-mae-diz-ivete-que-lanca-turne-com-genero\/"},"modified":"2025-06-18T18:42:51","modified_gmt":"2025-06-18T21:42:51","slug":"o-samba-e-minha-memoria-afetiva-com-meu-pai-e-mae-diz-ivete-que-lanca-turne-com-genero","status":"publish","type":"post","link":"https:\/\/portalnewsgta.com.br\/index.php\/2025\/06\/18\/o-samba-e-minha-memoria-afetiva-com-meu-pai-e-mae-diz-ivete-que-lanca-turne-com-genero\/","title":{"rendered":"&#8216;O samba \u00e9 minha mem\u00f3ria afetiva com meu pai e m\u00e3e&#8217;, diz Ivete, que lan\u00e7a turn\u00ea com g\u00eanero"},"content":{"rendered":"<p>S\u00c3O PAULO, SP (FOLHAPRESS) &#8211; Em evento com a imprensa nesta ter\u00e7a-feira (17), Ivete Sangalo lan\u00e7ou sua nova turn\u00ea, &#8220;Clareou&#8221;, em que encara uma nov&#8230;<br \/>\n                 leia mais no Not\u00edcias ao Minuto Brasil <a href=\"https:\/\/www.noticiasaominuto.com.br\/fama\/2293042\/o-samba-e-minha-memoria-afetiva-com-meu-pai-e-mae-diz-ivete-que-lanca-turne-com-genero?utm_source=rss-fama&amp;utm_medium=rss&amp;utm_campaign=rssfeed\">aqui<\/a>.<\/p>\n<p>Fonte: noticiasaominuto.com.br<\/p>\n","protected":false},"excerpt":{"rendered":"<p>S\u00c3O PAULO, SP (FOLHAPRESS) &#8211; Em evento com a imprensa nesta ter\u00e7a-feira (17), Ivete Sangalo<\/p>\n","protected":false},"author":0,"featured_media":57074,"comment_status":"open","ping_status":"open","sticky":false,"template":"","format":"standard","meta":{"footnotes":""},"categories":[6],"tags":[],"aioseo_notices":[],"_links":{"self":[{"href":"https:\/\/portalnewsgta.com.br\/index.php\/wp-json\/wp\/v2\/posts\/57073"}],"collection":[{"href":"https:\/\/portalnewsgta.com.br\/index.php\/wp-json\/wp\/v2\/posts"}],"about":[{"href":"https:\/\/portalnewsgta.com.br\/index.php\/wp-json\/wp\/v2\/types\/post"}],"replies":[{"embeddable":true,"href":"https:\/\/portalnewsgta.com.br\/index.php\/wp-json\/wp\/v2\/comments?post=57073"}],"version-history":[{"count":0,"href":"https:\/\/portalnewsgta.com.br\/index.php\/wp-json\/wp\/v2\/posts\/57073\/revisions"}],"wp:featuredmedia":[{"embeddable":true,"href":"https:\/\/portalnewsgta.com.br\/index.php\/wp-json\/wp\/v2\/media\/57074"}],"wp:attachment":[{"href":"https:\/\/portalnewsgta.com.br\/index.php\/wp-json\/wp\/v2\/media?parent=57073"}],"wp:term":[{"taxonomy":"category","embeddable":true,"href":"https:\/\/portalnewsgta.com.br\/index.php\/wp-json\/wp\/v2\/categories?post=57073"},{"taxonomy":"post_tag","embeddable":true,"href":"https:\/\/portalnewsgta.com.br\/index.php\/wp-json\/wp\/v2\/tags?post=57073"}],"curies":[{"name":"wp","href":"https:\/\/api.w.org\/{rel}","templated":true}]}}