{"id":57032,"date":"2025-06-18T08:34:36","date_gmt":"2025-06-18T11:34:36","guid":{"rendered":"https:\/\/portalnewsgta.com.br\/?p=57032"},"modified":"2025-06-18T08:34:36","modified_gmt":"2025-06-18T11:34:36","slug":"bortolin-diz-que-prioridade-do-mdb-e-lancar-janaina-ao-senado","status":"publish","type":"post","link":"https:\/\/portalnewsgta.com.br\/index.php\/2025\/06\/18\/bortolin-diz-que-prioridade-do-mdb-e-lancar-janaina-ao-senado\/","title":{"rendered":"Bortolin diz que prioridade do MDB \u00e9 lan\u00e7ar Janaina ao Senado"},"content":{"rendered":"<section class=\"FullLine\">\n<div class=\"conteudo\">\n<h3>Partido far\u00e1 federa\u00e7\u00e3o com Republicanos e trabalha para acomodar todas as lideran\u00e7as visando 2026<\/h3>\n<\/div>\n<\/section>\n<section>\n<div class=\"FullLine\">\n<div class=\"conteudo_foto\">\n<div class=\"imgcontent\">\n<p class=\"credito_foto\">Victor Ostetti\/MidiaNews<\/p>\n<p><a href=\"https:\/\/www.midianews.com.br\/\/storage\/webdisco\/2025\/04\/22\/886x590\/c290d4926c99723a47e7f226fe1bef62.jpg\" rel=\"lightbox\" data-title=\"O presidente da Associa\u00e7\u00e3o Mato-Grossense dos Munic\u00edpios (AMM), Leonardo Bortolin\"><img loading=\"lazy\" decoding=\"async\" id=\"img_conteudo\" class=\"img-responsive\" src=\"https:\/\/www.midianews.com.br\/\/storage\/webdisco\/2025\/04\/22\/438x291\/c290d4926c99723a47e7f226fe1bef62.jpg\" alt=\"O presidente da Associa\u00e7\u00e3o Mato-Grossense dos Munic\u00edpios (AMM), Leonardo Bortolin\" width=\"438\" height=\"292\" border=\"0\" \/><\/a><\/p>\n<p class=\"descricao_foto\">O presidente da Associa\u00e7\u00e3o Mato-Grossense dos Munic\u00edpios (AMM), Leonardo Bortolin<\/p>\n<\/div>\n<\/div>\n<div class=\"Font14Bold\">GIORDANO TOMASELLI E C\u00cdNTIA BORGES<br \/>\nDA REDA\u00c7\u00c3O<\/div>\n<div id=\"texto\" class=\"texto\">\n<p>O presidente da Associa\u00e7\u00e3o Mato-Grossense dos Munic\u00edpios (AMM), Leonardo Bortolin (MDB), afirmou que a prioridade do partido para as elei\u00e7\u00f5es de 2026 \u00e9 a candidatura da deputada estadual Jana\u00edna Riva (MDB) ao Senado.<\/p>\n<div class=\"quote-wrapper right\">\n<div class=\"quote-img-wrapper right\"><img decoding=\"async\" class=\"quote-img right\" src=\"https:\/\/www.midianews.com.br\/images\/aspas_right.gif\" \/><\/div>\n<h2 class=\"quote-content\">A prioridade aqui no Estado \u00e9 sem d\u00favida a vaga ao Senado para a deputada Janaina Riva<\/h2>\n<\/div>\n<p>&nbsp;<\/p>\n<p>\u201cA prioridade aqui no Estado \u00e9 sem d\u00favida a vaga ao Senado para a deputada Janaina Riva. \u00c9 um projeto que hoje j\u00e1 ganhou uma propor\u00e7\u00e3o de Mato Grosso&#8221;, disse.<\/p>\n<p>&nbsp;<\/p>\n<p>&#8220;A gente acredita realmente que com essas duas vagas, a Janaina tem uma candidatura consolidada\u201d, acrescentou.<\/p>\n<p>&nbsp;<\/p>\n<p>A sigla deve fechar uma federa\u00e7\u00e3o com o Republicanos, partido do atual vice-governador Otaviano Pivetta.<\/p>\n<div id=\"taboola-mid-article-thumbnails\" class=\"trc_related_container tbl-trecs-container trc_spotlight_widget trc_elastic trc_elastic_alternating-thumbnails-a-mid-article\" data-placement-name=\"Mid Article Thumbnails\">\n<div class=\"trc_rbox_container\">\n<div>\n<div id=\"trc_wrapper_1090182503\" class=\"trc_rbox alternating-thumbnails-a-mid-article trc-content-hybrid\">\n<div id=\"trc_header_1090182503\" class=\"trc_rbox_header trc_rbox_border_elm\">\n<div class=\"trc_header_ext\"><\/div>\n<\/div>\n<\/div>\n<\/div>\n<\/div>\n<\/div>\n<p>&nbsp;<\/p>\n<p>Para Bortolin, a jun\u00e7\u00e3o n\u00e3o trar\u00e1 problemas, mesmo com Janaina se colocando como oposi\u00e7\u00e3o ao governador Mauro Mendes.<\/p>\n<p>&nbsp;<\/p>\n<p>Segundo ele, a quest\u00e3o, atualmente, \u00e9 as vagas para estadual e federal. Isso porque, h\u00e1 mais nomes com desejo de concorrer do que espa\u00e7o liberado.<\/p>\n<p>&nbsp;<\/p>\n<p>\u201cEu acredito que fortalece [o MDB], sem d\u00favida. \u00c9 claro que vai faltar vaga, porque se sair todas as fus\u00f5es que est\u00e3o sendo discutidas, vai reduzir praticamente um ter\u00e7o das vagas para os candidatos \u00e0 Assembleia Legislativa\u201d, disse.<\/p>\n<p>&nbsp;<\/p>\n<p>\u201cN\u00e3o h\u00e1 problema de relacionamento, acredito que todo mundo se comunica muito bem.\u00a0 A bancada do Republicanos dos estaduais s\u00e3o meus amigos tamb\u00e9m, ent\u00e3o acredito que tem tudo para a gente juntar for\u00e7as\u201d, completou.<\/p>\n<\/div>\n<\/div>\n<\/section>\n","protected":false},"excerpt":{"rendered":"<p>Partido far\u00e1 federa\u00e7\u00e3o com Republicanos e trabalha para acomodar todas as lideran\u00e7as visando 2026 Victor<\/p>\n","protected":false},"author":2,"featured_media":57033,"comment_status":"open","ping_status":"open","sticky":false,"template":"","format":"standard","meta":{"footnotes":""},"categories":[13,2],"tags":[1269],"aioseo_notices":[],"_links":{"self":[{"href":"https:\/\/portalnewsgta.com.br\/index.php\/wp-json\/wp\/v2\/posts\/57032"}],"collection":[{"href":"https:\/\/portalnewsgta.com.br\/index.php\/wp-json\/wp\/v2\/posts"}],"about":[{"href":"https:\/\/portalnewsgta.com.br\/index.php\/wp-json\/wp\/v2\/types\/post"}],"author":[{"embeddable":true,"href":"https:\/\/portalnewsgta.com.br\/index.php\/wp-json\/wp\/v2\/users\/2"}],"replies":[{"embeddable":true,"href":"https:\/\/portalnewsgta.com.br\/index.php\/wp-json\/wp\/v2\/comments?post=57032"}],"version-history":[{"count":1,"href":"https:\/\/portalnewsgta.com.br\/index.php\/wp-json\/wp\/v2\/posts\/57032\/revisions"}],"predecessor-version":[{"id":57034,"href":"https:\/\/portalnewsgta.com.br\/index.php\/wp-json\/wp\/v2\/posts\/57032\/revisions\/57034"}],"wp:featuredmedia":[{"embeddable":true,"href":"https:\/\/portalnewsgta.com.br\/index.php\/wp-json\/wp\/v2\/media\/57033"}],"wp:attachment":[{"href":"https:\/\/portalnewsgta.com.br\/index.php\/wp-json\/wp\/v2\/media?parent=57032"}],"wp:term":[{"taxonomy":"category","embeddable":true,"href":"https:\/\/portalnewsgta.com.br\/index.php\/wp-json\/wp\/v2\/categories?post=57032"},{"taxonomy":"post_tag","embeddable":true,"href":"https:\/\/portalnewsgta.com.br\/index.php\/wp-json\/wp\/v2\/tags?post=57032"}],"curies":[{"name":"wp","href":"https:\/\/api.w.org\/{rel}","templated":true}]}}