{"id":57022,"date":"2025-06-18T08:29:43","date_gmt":"2025-06-18T11:29:43","guid":{"rendered":"https:\/\/portalnewsgta.com.br\/?p=57022"},"modified":"2025-06-18T08:29:43","modified_gmt":"2025-06-18T11:29:43","slug":"pivetta-explica-exoneracao-e-diz-que-mendes-definira-novo-nome","status":"publish","type":"post","link":"https:\/\/portalnewsgta.com.br\/index.php\/2025\/06\/18\/pivetta-explica-exoneracao-e-diz-que-mendes-definira-novo-nome\/","title":{"rendered":"Pivetta explica exonera\u00e7\u00e3o e diz que Mendes definir\u00e1 novo nome"},"content":{"rendered":"<section class=\"FullLine\">\n<div class=\"conteudo\">\n<h3>A coronel da PM Grasielle Paes deixou o cargo, a pedido, no \u00faltimo dia 12; interino ocupa vaga<\/h3>\n<\/div>\n<\/section>\n<section>\n<div class=\"FullLine\">\n<div class=\"conteudo_foto\">\n<div class=\"imgcontent\">\n<p class=\"credito_foto\">Victor Ostetti\/MidiaNews<\/p>\n<p><a href=\"https:\/\/www.midianews.com.br\/\/storage\/webdisco\/2025\/03\/26\/886x590\/61ca89400d98f04ab55d5e32fea748a8.jpg\" rel=\"lightbox\" data-title=\"O governador em exerc\u00edcio Otaviano Pivetta, que falou sobre a sa\u00edda da ex-secret\u00e1ria\"><img loading=\"lazy\" decoding=\"async\" id=\"img_conteudo\" class=\"img-responsive\" src=\"https:\/\/www.midianews.com.br\/\/storage\/webdisco\/2025\/03\/26\/438x291\/61ca89400d98f04ab55d5e32fea748a8.jpg\" alt=\"O governador em exerc\u00edcio Otaviano Pivetta, que falou sobre a sa\u00edda da ex-secret\u00e1ria\" width=\"438\" height=\"292\" border=\"0\" \/><\/a><\/p>\n<p class=\"descricao_foto\">O governador em exerc\u00edcio Otaviano Pivetta, que falou sobre a sa\u00edda da ex-secret\u00e1ria<\/p>\n<\/div>\n<\/div>\n<div class=\"Font14Bold\">C\u00cdNTIA BORGES<br \/>\nDA REDA\u00c7\u00c3O<\/div>\n<div id=\"texto\" class=\"texto\">\n<p>O governador em exerc\u00edcio Otaviano Pivetta (Republicanos) explicou que a exonera\u00e7\u00e3o da coronel Grasielle Paes do cargo de secret\u00e1ria estadual de Assist\u00eancia Social e Cidadania, no \u00faltimo dia 12 de junho, ocorreu por quest\u00f5es pessoais.<\/p>\n<p>&nbsp;<\/p>\n<p>Ele confessou que foi pego de surpresa com o pedido da ex-secret\u00e1ria.<\/p>\n<p>&nbsp;<\/p>\n<p>\u201cEla pediu exonera\u00e7\u00e3o. Quando eu recebi o ato, liguei para ela para saber o porqu\u00ea. Ela me explicou que eram problemas pessoais&#8221; disse Pivetta.<\/p>\n<p>&nbsp;<\/p>\n<p>A coronel da Pol\u00edcia Militar estava no comando da secretaria desde maio de 2023. Agora, quem comanda interinamente a Pasta \u00e9 o sargento PM Klebson Gomes Haagsma, que era seu adjunto.<\/p>\n<div id=\"taboola-mid-article-thumbnails\" class=\"trc_related_container tbl-trecs-container trc_spotlight_widget trc_elastic trc_elastic_alternating-thumbnails-a-mid-article\" data-placement-name=\"Mid Article Thumbnails\">\n<div class=\"trc_rbox_container\">\n<div>\n<div id=\"trc_wrapper_6334856622\" class=\"trc_rbox alternating-thumbnails-a-mid-article trc-content-hybrid\">\n<div id=\"trc_header_6334856622\" class=\"trc_rbox_header trc_rbox_border_elm\">\n<div class=\"trc_header_ext\"><\/div>\n<\/div>\n<\/div>\n<\/div>\n<\/div>\n<\/div>\n<p>&nbsp;<\/p>\n<p>Pivetta afirmou que a defini\u00e7\u00e3o se Klebson permanece ou n\u00e3o no comando da Pasta ser\u00e1 o governador Mauro Mendes (Uni\u00e3o), que est\u00e1 em viagem para a \u00c1sia, de onde retorna na quinta-feira (19).<\/p>\n<p>&nbsp;<\/p>\n<p>\u201cO governador \u00e9 o Mauro Mendes. Na aus\u00eancia dele, estou interinamente. S\u00f3 fa\u00e7o as [coisas] do dia a dia nesse per\u00edodo\u201d, afirmou.<\/p>\n<p>&nbsp;<\/p>\n<p>Questionado sobre a possibilidade de ele indicar um nome para a Pasta, Pivetta foi enf\u00e1tico: \u201cN\u00e3o, n\u00e3o\u201d.<\/p>\n<p>&nbsp;<\/p>\n<p><strong>Veja:<\/strong><\/p>\n<div style=\"width: 480px;\" class=\"wp-video\"><!--[if lt IE 9]><script>document.createElement('video');<\/script><![endif]-->\n<video class=\"wp-video-shortcode\" id=\"video-57022-1\" width=\"480\" height=\"848\" preload=\"metadata\" controls=\"controls\"><source type=\"video\/mp4\" src=\"https:\/\/portalnewsgta.com.br\/wp-content\/uploads\/2025\/06\/a53b3ae64c9506806fa024d3163ae780.mp4?_=1\" \/><a href=\"https:\/\/portalnewsgta.com.br\/wp-content\/uploads\/2025\/06\/a53b3ae64c9506806fa024d3163ae780.mp4\">https:\/\/portalnewsgta.com.br\/wp-content\/uploads\/2025\/06\/a53b3ae64c9506806fa024d3163ae780.mp4<\/a><\/video><\/div>\n<p>&nbsp;<\/p>\n<\/div>\n<\/div>\n<\/section>\n","protected":false},"excerpt":{"rendered":"<p>A coronel da PM Grasielle Paes deixou o cargo, a pedido, no \u00faltimo dia 12;<\/p>\n","protected":false},"author":2,"featured_media":57023,"comment_status":"open","ping_status":"open","sticky":false,"template":"","format":"standard","meta":{"footnotes":""},"categories":[13,2],"tags":[1266],"aioseo_notices":[],"_links":{"self":[{"href":"https:\/\/portalnewsgta.com.br\/index.php\/wp-json\/wp\/v2\/posts\/57022"}],"collection":[{"href":"https:\/\/portalnewsgta.com.br\/index.php\/wp-json\/wp\/v2\/posts"}],"about":[{"href":"https:\/\/portalnewsgta.com.br\/index.php\/wp-json\/wp\/v2\/types\/post"}],"author":[{"embeddable":true,"href":"https:\/\/portalnewsgta.com.br\/index.php\/wp-json\/wp\/v2\/users\/2"}],"replies":[{"embeddable":true,"href":"https:\/\/portalnewsgta.com.br\/index.php\/wp-json\/wp\/v2\/comments?post=57022"}],"version-history":[{"count":1,"href":"https:\/\/portalnewsgta.com.br\/index.php\/wp-json\/wp\/v2\/posts\/57022\/revisions"}],"predecessor-version":[{"id":57025,"href":"https:\/\/portalnewsgta.com.br\/index.php\/wp-json\/wp\/v2\/posts\/57022\/revisions\/57025"}],"wp:featuredmedia":[{"embeddable":true,"href":"https:\/\/portalnewsgta.com.br\/index.php\/wp-json\/wp\/v2\/media\/57023"}],"wp:attachment":[{"href":"https:\/\/portalnewsgta.com.br\/index.php\/wp-json\/wp\/v2\/media?parent=57022"}],"wp:term":[{"taxonomy":"category","embeddable":true,"href":"https:\/\/portalnewsgta.com.br\/index.php\/wp-json\/wp\/v2\/categories?post=57022"},{"taxonomy":"post_tag","embeddable":true,"href":"https:\/\/portalnewsgta.com.br\/index.php\/wp-json\/wp\/v2\/tags?post=57022"}],"curies":[{"name":"wp","href":"https:\/\/api.w.org\/{rel}","templated":true}]}}