{"id":56998,"date":"2025-06-18T08:17:07","date_gmt":"2025-06-18T11:17:07","guid":{"rendered":"https:\/\/portalnewsgta.com.br\/?p=56998"},"modified":"2025-06-18T08:17:07","modified_gmt":"2025-06-18T11:17:07","slug":"policia-civil-prende-foragido-da-comarca-de-vera-em-acao-integrada-em-rondonopolis","status":"publish","type":"post","link":"https:\/\/portalnewsgta.com.br\/index.php\/2025\/06\/18\/policia-civil-prende-foragido-da-comarca-de-vera-em-acao-integrada-em-rondonopolis\/","title":{"rendered":"Pol\u00edcia Civil prende foragido da Comarca de Vera em a\u00e7\u00e3o integrada em Rondon\u00f3polis"},"content":{"rendered":"<h5>O suspeito foi conduzido \u00e0 sede da Derf, apresentado \u00e0 autoridade policial e encontra-se \u00e0 disposi\u00e7\u00e3o da Justi\u00e7a<\/h5>\n<div>Assessoria\u00a0|\u00a0Pol\u00edcia Civil-MT<\/div>\n<div><\/div>\n<div>\n<p>Uma a\u00e7\u00e3o integrada da Pol\u00edcia Judici\u00e1ria Civil, envolvendo a Delegacia Especializada de Roubos e Furtos (Derf) de Rondon\u00f3polis, o N\u00facleo de Intelig\u00eancia da Delegacia Regional de Rondon\u00f3polis e a Delegacia de Pol\u00edcia de Vera, resultou na pris\u00e3o de um foragido da Justi\u00e7a na manh\u00e3 desta ter\u00e7a-feira (17.6), em Rondon\u00f3polis.<\/p>\n<p>O homem, de 33 anos, era alvo de mandado de pris\u00e3o preventiva expedido pela Vara \u00danica da Comarca de Vera, em raz\u00e3o de investiga\u00e7\u00e3o pelo crime de tr\u00e1fico de drogas.<\/p>\n<p>A pris\u00e3o ocorreu ap\u00f3s a Delegacia de Vera informar que o foragido, investigado no bojo da Opera\u00e7\u00e3o Lucille, deflagrada para desarticular fac\u00e7\u00e3o criminosa, estaria escondido em Rondon\u00f3polis. A partir disso, as unidades atuaram de forma coordenada no compartilhamento de informa\u00e7\u00f5es e na realiza\u00e7\u00e3o das dilig\u00eancias necess\u00e1rias.<\/p>\n<p>Com base nos dados repassados, os investigadores da Derf localizaram o suspeito em frente \u00e0 sua resid\u00eancia. Ele foi abordado, informado sobre a ordem judicial e detido no local, em seguida, conduzido \u00e0 sede da Derf, apresentado \u00e0 autoridade policial e encontra-se \u00e0 disposi\u00e7\u00e3o da Justi\u00e7a.<\/p>\n<\/div>\n","protected":false},"excerpt":{"rendered":"<p>O suspeito foi conduzido \u00e0 sede da Derf, apresentado \u00e0 autoridade policial e encontra-se \u00e0<\/p>\n","protected":false},"author":2,"featured_media":56999,"comment_status":"open","ping_status":"open","sticky":false,"template":"","format":"standard","meta":{"footnotes":""},"categories":[13,8],"tags":[1251],"aioseo_notices":[],"_links":{"self":[{"href":"https:\/\/portalnewsgta.com.br\/index.php\/wp-json\/wp\/v2\/posts\/56998"}],"collection":[{"href":"https:\/\/portalnewsgta.com.br\/index.php\/wp-json\/wp\/v2\/posts"}],"about":[{"href":"https:\/\/portalnewsgta.com.br\/index.php\/wp-json\/wp\/v2\/types\/post"}],"author":[{"embeddable":true,"href":"https:\/\/portalnewsgta.com.br\/index.php\/wp-json\/wp\/v2\/users\/2"}],"replies":[{"embeddable":true,"href":"https:\/\/portalnewsgta.com.br\/index.php\/wp-json\/wp\/v2\/comments?post=56998"}],"version-history":[{"count":1,"href":"https:\/\/portalnewsgta.com.br\/index.php\/wp-json\/wp\/v2\/posts\/56998\/revisions"}],"predecessor-version":[{"id":57000,"href":"https:\/\/portalnewsgta.com.br\/index.php\/wp-json\/wp\/v2\/posts\/56998\/revisions\/57000"}],"wp:featuredmedia":[{"embeddable":true,"href":"https:\/\/portalnewsgta.com.br\/index.php\/wp-json\/wp\/v2\/media\/56999"}],"wp:attachment":[{"href":"https:\/\/portalnewsgta.com.br\/index.php\/wp-json\/wp\/v2\/media?parent=56998"}],"wp:term":[{"taxonomy":"category","embeddable":true,"href":"https:\/\/portalnewsgta.com.br\/index.php\/wp-json\/wp\/v2\/categories?post=56998"},{"taxonomy":"post_tag","embeddable":true,"href":"https:\/\/portalnewsgta.com.br\/index.php\/wp-json\/wp\/v2\/tags?post=56998"}],"curies":[{"name":"wp","href":"https:\/\/api.w.org\/{rel}","templated":true}]}}