{"id":56995,"date":"2025-06-18T08:16:05","date_gmt":"2025-06-18T11:16:05","guid":{"rendered":"https:\/\/portalnewsgta.com.br\/?p=56995"},"modified":"2025-06-18T08:16:05","modified_gmt":"2025-06-18T11:16:05","slug":"forcas-de-seguranca-desarticulam-garimpo-ilegal-em-paranaita","status":"publish","type":"post","link":"https:\/\/portalnewsgta.com.br\/index.php\/2025\/06\/18\/forcas-de-seguranca-desarticulam-garimpo-ilegal-em-paranaita\/","title":{"rendered":"For\u00e7as de seguran\u00e7a desarticulam garimpo ilegal em Parana\u00edta"},"content":{"rendered":"<h5>A\u00e7\u00e3o integrada inutilizou equipamentos e apreendeu mais de dois mil litros de combust\u00edvel no Rio Apiac\u00e1s<\/h5>\n<div>Fabiana Mendes\u00a0|\u00a0Sesp-MT<\/div>\n<div><\/div>\n<div>\n<p>As for\u00e7as de seguran\u00e7a deflagraram, nesta segunda-feira (16.6), uma opera\u00e7\u00e3o que desarticulou um garimpo ilegal de grande porte no munic\u00edpio de Parana\u00edta, na regi\u00e3o do Rio Apiac\u00e1s (cerca de 900 km de Cuiab\u00e1). A a\u00e7\u00e3o, que teve continuidade nesta ter\u00e7a-feira (17), resultou na apreens\u00e3o e inutiliza\u00e7\u00e3o de duas balsas, um motor estacion\u00e1rio, um equipamento de suc\u00e7\u00e3o utilizado na extra\u00e7\u00e3o ilegal de min\u00e9rio e mais de dois mil litros de combust\u00edvel.<\/p>\n<p>Cerca de 50 servidores participaram da opera\u00e7\u00e3o, entre profissionais da Secretaria de Estado de Seguran\u00e7a P\u00fablica (Sesp), Pol\u00edcia Militar, Centro Integrado de Opera\u00e7\u00f5es A\u00e9reas (Ciopaer), Batalh\u00e3o de Pol\u00edcia Militar de Prote\u00e7\u00e3o Ambiental, Corpo de Bombeiros Militar, Rotam, Batalh\u00e3o de Opera\u00e7\u00f5es Especiais (Bope), For\u00e7a T\u00e1tica, efetivo do 9\u00ba Comando Regional, e Pol\u00edcia Federal. A a\u00e7\u00e3o tamb\u00e9m contou com apoio da Secretaria de Estado de Meio Ambiente (Sema).<\/p>\n<div><picture data-fileentryid=\"72690977\"><source srcset=\"\/o\/adaptive-media\/image\/72690977\/Thumbnail-1024x1024\/WhatsApp+Image+2025-06-17+at+10.37.20+%281%29.jpeg?t=1750192464594\" media=\"(max-width:1024px)\" \/><img decoding=\"async\" src=\"https:\/\/www.secom.mt.gov.br\/documents\/d\/sesp\/whatsapp-image-2025-06-17-at-10-37-20-1-jpeg?imageThumbnail=3\" alt=\"\" height=\"267\" \/><\/picture>\n<div id=\"imgCaption_0\" class=\"imgCaption\"><\/div>\n<\/div>\n<p>O secret\u00e1rio adjunto de Integra\u00e7\u00e3o Operacional, coronel PM Fernando Augustinho, destacou o trabalho integrado das for\u00e7as de seguran\u00e7a no combate aos crimes ambientais. \u201cParabenizo todas as for\u00e7as envolvidas pelo trabalho conjunto na desarticula\u00e7\u00e3o deste garimpo ilegal. A atua\u00e7\u00e3o integrada das institui\u00e7\u00f5es \u00e9 essencial no enfrentamento aos crimes ambientais, que s\u00e3o uma das prioridades do Governo do Estado. A Seguran\u00e7a P\u00fablica segue firme na pol\u00edtica de Toler\u00e2ncia Zero contra esse tipo de crime\u201d.<\/p>\n<div><picture data-fileentryid=\"72690984\"><source srcset=\"\/o\/adaptive-media\/image\/72690984\/Thumbnail-1024x1024\/WhatsApp+Image+2025-06-17+at+10.37.25.jpeg?t=1750192502991\" media=\"(max-width:1024px)\" \/><img decoding=\"async\" src=\"https:\/\/www.secom.mt.gov.br\/documents\/d\/sesp\/whatsapp-image-2025-06-17-at-10-37-25-jpeg?imageThumbnail=3\" alt=\"\" height=\"267\" \/><\/picture>\n<div id=\"imgCaption_1\" class=\"imgCaption\"><\/div>\n<\/div>\n<p>De acordo com o comandante do 9\u00ba Comando Regional da Pol\u00edcia Militar, sediado em Alta Floresta, tenente-coronel Oswaldo Marins Rabelo, o planejamento da opera\u00e7\u00e3o teve in\u00edcio ap\u00f3s uma den\u00fancia recebida pelo Batalh\u00e3o Ambiental, que relatava desmatamento ilegal na regi\u00e3o do Rio Apiac\u00e1s. Durante a verifica\u00e7\u00e3o, os policiais se depararam com o garimpo irregular.<\/p>\n<p>\u201cEm raz\u00e3o dessa situa\u00e7\u00e3o, fizemos um acompanhamento e demos apoio aos policiais do Batalh\u00e3o Ambiental para a retirada dos garimpeiros naquela ocasi\u00e3o. Posteriormente, recebemos a informa\u00e7\u00e3o de que eles haviam retornado \u00e0 regi\u00e3o. A partir disso, com o trabalho de intelig\u00eancia do 9\u00ba Comando Regional, realizamos uma a\u00e7\u00e3o conjunta com o Comando-Geral da PMMT e a Sesp, por meio da Secretaria Adjunta de Integra\u00e7\u00e3o Operacional (Saiop), o que resultou nesta for\u00e7a-tarefa\u201d, explicou o tenente-coronel.<\/p>\n<p>Durante a opera\u00e7\u00e3o, tamb\u00e9m foi apreendida uma caminhonete F-4000 com irregularidades administrativas. Duas pessoas que estavam no local foram ouvidas pela Pol\u00edcia Federal.<\/p>\n<\/div>\n","protected":false},"excerpt":{"rendered":"<p>A\u00e7\u00e3o integrada inutilizou equipamentos e apreendeu mais de dois mil litros de combust\u00edvel no Rio<\/p>\n","protected":false},"author":2,"featured_media":56996,"comment_status":"open","ping_status":"open","sticky":false,"template":"","format":"standard","meta":{"footnotes":""},"categories":[8],"tags":[513],"aioseo_notices":[],"_links":{"self":[{"href":"https:\/\/portalnewsgta.com.br\/index.php\/wp-json\/wp\/v2\/posts\/56995"}],"collection":[{"href":"https:\/\/portalnewsgta.com.br\/index.php\/wp-json\/wp\/v2\/posts"}],"about":[{"href":"https:\/\/portalnewsgta.com.br\/index.php\/wp-json\/wp\/v2\/types\/post"}],"author":[{"embeddable":true,"href":"https:\/\/portalnewsgta.com.br\/index.php\/wp-json\/wp\/v2\/users\/2"}],"replies":[{"embeddable":true,"href":"https:\/\/portalnewsgta.com.br\/index.php\/wp-json\/wp\/v2\/comments?post=56995"}],"version-history":[{"count":1,"href":"https:\/\/portalnewsgta.com.br\/index.php\/wp-json\/wp\/v2\/posts\/56995\/revisions"}],"predecessor-version":[{"id":56997,"href":"https:\/\/portalnewsgta.com.br\/index.php\/wp-json\/wp\/v2\/posts\/56995\/revisions\/56997"}],"wp:featuredmedia":[{"embeddable":true,"href":"https:\/\/portalnewsgta.com.br\/index.php\/wp-json\/wp\/v2\/media\/56996"}],"wp:attachment":[{"href":"https:\/\/portalnewsgta.com.br\/index.php\/wp-json\/wp\/v2\/media?parent=56995"}],"wp:term":[{"taxonomy":"category","embeddable":true,"href":"https:\/\/portalnewsgta.com.br\/index.php\/wp-json\/wp\/v2\/categories?post=56995"},{"taxonomy":"post_tag","embeddable":true,"href":"https:\/\/portalnewsgta.com.br\/index.php\/wp-json\/wp\/v2\/tags?post=56995"}],"curies":[{"name":"wp","href":"https:\/\/api.w.org\/{rel}","templated":true}]}}