{"id":56807,"date":"2025-06-16T10:20:29","date_gmt":"2025-06-16T13:20:29","guid":{"rendered":"https:\/\/portalnewsgta.com.br\/?p=56807"},"modified":"2025-06-16T10:20:29","modified_gmt":"2025-06-16T13:20:29","slug":"policia-civil-deflagra-operacao-em-vera-contra-membros-de-faccao-criminosa","status":"publish","type":"post","link":"https:\/\/portalnewsgta.com.br\/index.php\/2025\/06\/16\/policia-civil-deflagra-operacao-em-vera-contra-membros-de-faccao-criminosa\/","title":{"rendered":"Pol\u00edcia Civil deflagra opera\u00e7\u00e3o em Vera contra membros de fac\u00e7\u00e3o criminosa"},"content":{"rendered":"<h5>Alvos principais s\u00e3o duas mulheres apontadas como principais lideran\u00e7as da fac\u00e7\u00e3o em Vera<\/h5>\n<div>Karina Cabral\u00a0|\u00a0Pol\u00edcia Civil &#8211; MT<\/div>\n<div><\/div>\n<div>\n<p>A Pol\u00edcia Civil, por meio da Delegacia de Vera (480 km de Cuiab\u00e1), deflagrou, neste domingo (15.6), a Opera\u00e7\u00e3o Lucille, com o objetivo de combater uma fac\u00e7\u00e3o criminosa que atuava de forma estruturada no munic\u00edpio.<\/p>\n<p>As\u00a0investiga\u00e7\u00f5es tiveram in\u00edcio a partir da apura\u00e7\u00e3o de dois homic\u00eddios ocorridos em Vera no final de 2024, cujas circunst\u00e2ncias apontaram o envolvimento de membros de uma fac\u00e7\u00e3o criminosa atuante na cidade.<\/p>\n<p>A partir dessas investiga\u00e7\u00f5es, foi poss\u00edvel identificar a\u00a0estrutura hier\u00e1rquica e o modo de atua\u00e7\u00e3o do grupo, resultando na opera\u00e7\u00e3o deflagrada hoje.<\/p>\n<p>Foram\u00a0expedidos sete mandados de pris\u00e3o, dos quais\u00a0seis foram cumpridos, al\u00e9m de\u00a0dois mandados de busca e apreens\u00e3o. Entre os alvos est\u00e3o\u00a0duas mulheres apontadas como lideran\u00e7as municipais da fac\u00e7\u00e3o, respons\u00e1veis por\u00a0coordenar o tr\u00e1fico de drogas\u00a0e\u00a0executar ordens repassadas por um criminoso atualmente preso na Penitenci\u00e1ria Central do Estado (PCE).<\/p>\n<p>Uma das investigadas,\u00a0de 37 anos, al\u00e9m de ser apontada como a respons\u00e1vel por comandar o tr\u00e1fico de entorpecentes, tamb\u00e9m \u00e9 suspeita de ter a fun\u00e7\u00e3o de\u00a0ordenar a aplica\u00e7\u00e3o de &#8220;salves&#8221;\u00a0&#8211; termo usado pela organiza\u00e7\u00e3o para designar\u00a0a\u00e7\u00f5es disciplinares internas, que podem variar desde a\u00a0restri\u00e7\u00e3o de liberdade (como proibi\u00e7\u00e3o de sair de casa), passando por\u00a0agress\u00f5es f\u00edsicas (surras), at\u00e9 a\u00a0decreta\u00e7\u00e3o de morte de membros considerados infratores das regras do grupo.<\/p>\n<p>As\u00a0provas colhidas durante a investiga\u00e7\u00e3o deixam clara a\u00a0organiza\u00e7\u00e3o, a estrutura hier\u00e1rquica e o modo de atua\u00e7\u00e3o da fac\u00e7\u00e3o, evidenciando a participa\u00e7\u00e3o de cada envolvido nas atividades il\u00edcitas.<\/p>\n<p>Diante das evid\u00eancias,\u00a0todos os investigados foram formalmente indiciados pelos crimes de tr\u00e1fico de drogas, associa\u00e7\u00e3o para o tr\u00e1fico e por integrar organiza\u00e7\u00e3o criminosa.<\/p>\n<p>O nome da opera\u00e7\u00e3o faz refer\u00eancia a uma\u00a0imagem encontrada no celular de um dos suspeitos, cujo acesso foi devidamente autorizado pela Justi\u00e7a.<\/p>\n<p>Na foto, uma das l\u00edderes aparece portando um\u00a0taco de baseball envolto em arame farpado, utilizado para\u00a0intimida\u00e7\u00e3o de outros membros da organiza\u00e7\u00e3o. O objeto remete ao personagem da s\u00e9rie\u00a0&#8220;The Walking Dead&#8221;, na qual o taco \u00e9 chamado de\u00a0&#8220;Lucille&#8221;.<\/p>\n<p>A a\u00e7\u00e3o contou com o apoio de policiais civis e penais de\u00a0Sorriso (400 km de Cuiab\u00e1), demonstrando a\u00a0for\u00e7a da integra\u00e7\u00e3o entre as institui\u00e7\u00f5es de seguran\u00e7a p\u00fablica no enfrentamento \u00e0s fac\u00e7\u00f5es criminosas em Mato Grosso.<\/p>\n<\/div>\n","protected":false},"excerpt":{"rendered":"<p>Alvos principais s\u00e3o duas mulheres apontadas como principais lideran\u00e7as da fac\u00e7\u00e3o em Vera Karina Cabral\u00a0|\u00a0Pol\u00edcia<\/p>\n","protected":false},"author":2,"featured_media":56808,"comment_status":"open","ping_status":"open","sticky":false,"template":"","format":"standard","meta":{"footnotes":""},"categories":[13,8],"tags":[1251],"aioseo_notices":[],"_links":{"self":[{"href":"https:\/\/portalnewsgta.com.br\/index.php\/wp-json\/wp\/v2\/posts\/56807"}],"collection":[{"href":"https:\/\/portalnewsgta.com.br\/index.php\/wp-json\/wp\/v2\/posts"}],"about":[{"href":"https:\/\/portalnewsgta.com.br\/index.php\/wp-json\/wp\/v2\/types\/post"}],"author":[{"embeddable":true,"href":"https:\/\/portalnewsgta.com.br\/index.php\/wp-json\/wp\/v2\/users\/2"}],"replies":[{"embeddable":true,"href":"https:\/\/portalnewsgta.com.br\/index.php\/wp-json\/wp\/v2\/comments?post=56807"}],"version-history":[{"count":1,"href":"https:\/\/portalnewsgta.com.br\/index.php\/wp-json\/wp\/v2\/posts\/56807\/revisions"}],"predecessor-version":[{"id":56809,"href":"https:\/\/portalnewsgta.com.br\/index.php\/wp-json\/wp\/v2\/posts\/56807\/revisions\/56809"}],"wp:featuredmedia":[{"embeddable":true,"href":"https:\/\/portalnewsgta.com.br\/index.php\/wp-json\/wp\/v2\/media\/56808"}],"wp:attachment":[{"href":"https:\/\/portalnewsgta.com.br\/index.php\/wp-json\/wp\/v2\/media?parent=56807"}],"wp:term":[{"taxonomy":"category","embeddable":true,"href":"https:\/\/portalnewsgta.com.br\/index.php\/wp-json\/wp\/v2\/categories?post=56807"},{"taxonomy":"post_tag","embeddable":true,"href":"https:\/\/portalnewsgta.com.br\/index.php\/wp-json\/wp\/v2\/tags?post=56807"}],"curies":[{"name":"wp","href":"https:\/\/api.w.org\/{rel}","templated":true}]}}