{"id":5643,"date":"2024-04-28T14:00:29","date_gmt":"2024-04-28T17:00:29","guid":{"rendered":"https:\/\/portalnewsgta.com.br\/index.php\/2024\/04\/28\/vini-jr-cobra-liga-espanhola-apos-novo-caso-de-racismo\/"},"modified":"2024-04-28T14:00:29","modified_gmt":"2024-04-28T17:00:29","slug":"vini-jr-cobra-liga-espanhola-apos-novo-caso-de-racismo","status":"publish","type":"post","link":"https:\/\/portalnewsgta.com.br\/index.php\/2024\/04\/28\/vini-jr-cobra-liga-espanhola-apos-novo-caso-de-racismo\/","title":{"rendered":"Vini Jr. cobra liga espanhola ap\u00f3s novo caso de racismo"},"content":{"rendered":"<p>S\u00c3O PAULO, SP (UOL\/FOLHAPRESS) &#8211; Vinicius Jr se manifestou no X (antigo Twitter) ap\u00f3s Nico Williams, do Athletic Bilbao, ser v\u00edtima de gritos racistas da torcida do Atl\u00e9tico de Madrid em jogo do Campeonato Espanhol no \u00faltimo s\u00e1bado (27).<\/p>\n<div class=\"dummyPub\"><\/div>\n<p>O atacante brasileiro postou um v\u00eddeo do momento em que Williams, incomodado com os c\u00e2nticos racistas, faz um gol e comemora em dire\u00e7\u00e3o \u00e0 torcida rival apontando para sua pele. &#8220;At\u00e9 quando?&#8221;, pergunta Vini Jr na postagem, marcando o perfil oficial de La Liga.<\/p>\n<p>No duelo entre Atl\u00e9tico de Madrid e Athletic Bilbao ocorrido neste s\u00e1bado (27), no est\u00e1dio C\u00edvitas Metropolitano, o atacante basco reclamou de ofensas racistas proferidas pela torcida da casa.<\/p>\n<p>Ap\u00f3s as reclama\u00e7\u00f5es, a partida chegou a ser paralisada. Cinco minutos ap\u00f3s o jogo ser retomado, Nico marcou o gol de empate do time visitante e comemorou apontando para sua pele.<\/p>\n<p>Leia Tamb\u00e9m: <a href=\"https:\/\/www.noticiasaominuto.com.br\/esporte\/2143353\/botafogo-tera-tempo-real-de-arbitragem-no-classico-contra-o-flamengo\" target=\"_blank\" rel=\"noopener\">Botafogo ter\u00e1 tempo real de arbitragem no cl\u00e1ssico contra o Flamengo<\/a><\/p>\n<p>Fonte: noticiasaominuto.com.br<\/p>\n","protected":false},"excerpt":{"rendered":"<p>S\u00c3O PAULO, SP (UOL\/FOLHAPRESS) &#8211; Vinicius Jr se manifestou no X (antigo Twitter) ap\u00f3s Nico<\/p>\n","protected":false},"author":0,"featured_media":5644,"comment_status":"open","ping_status":"open","sticky":false,"template":"","format":"standard","meta":{"footnotes":""},"categories":[4],"tags":[],"aioseo_notices":[],"_links":{"self":[{"href":"https:\/\/portalnewsgta.com.br\/index.php\/wp-json\/wp\/v2\/posts\/5643"}],"collection":[{"href":"https:\/\/portalnewsgta.com.br\/index.php\/wp-json\/wp\/v2\/posts"}],"about":[{"href":"https:\/\/portalnewsgta.com.br\/index.php\/wp-json\/wp\/v2\/types\/post"}],"replies":[{"embeddable":true,"href":"https:\/\/portalnewsgta.com.br\/index.php\/wp-json\/wp\/v2\/comments?post=5643"}],"version-history":[{"count":0,"href":"https:\/\/portalnewsgta.com.br\/index.php\/wp-json\/wp\/v2\/posts\/5643\/revisions"}],"wp:featuredmedia":[{"embeddable":true,"href":"https:\/\/portalnewsgta.com.br\/index.php\/wp-json\/wp\/v2\/media\/5644"}],"wp:attachment":[{"href":"https:\/\/portalnewsgta.com.br\/index.php\/wp-json\/wp\/v2\/media?parent=5643"}],"wp:term":[{"taxonomy":"category","embeddable":true,"href":"https:\/\/portalnewsgta.com.br\/index.php\/wp-json\/wp\/v2\/categories?post=5643"},{"taxonomy":"post_tag","embeddable":true,"href":"https:\/\/portalnewsgta.com.br\/index.php\/wp-json\/wp\/v2\/tags?post=5643"}],"curies":[{"name":"wp","href":"https:\/\/api.w.org\/{rel}","templated":true}]}}