{"id":56150,"date":"2025-06-09T08:30:12","date_gmt":"2025-06-09T11:30:12","guid":{"rendered":"https:\/\/portalnewsgta.com.br\/?p=56150"},"modified":"2025-06-09T08:30:12","modified_gmt":"2025-06-09T11:30:12","slug":"dilmar-admite-preocupacao-com-as-chapas-do-uniao-progressista","status":"publish","type":"post","link":"https:\/\/portalnewsgta.com.br\/index.php\/2025\/06\/09\/dilmar-admite-preocupacao-com-as-chapas-do-uniao-progressista\/","title":{"rendered":"Dilmar admite preocupa\u00e7\u00e3o com as chapas do Uni\u00e3o Progressista"},"content":{"rendered":"<section class=\"FullLine\">\n<div class=\"conteudo\">\n<h3>O deputado citou a dificuldade para trazer novos filiados; ele cobrou mais a\u00e7\u00e3o da dire\u00e7\u00e3o do partido<\/h3>\n<\/div>\n<\/section>\n<section>\n<div class=\"FullLine\">\n<div class=\"conteudo_foto\">\n<div class=\"imgcontent\">\n<p class=\"credito_foto\">Victor Ostetti\/MidiaNews<\/p>\n<p><a href=\"https:\/\/www.midianews.com.br\/\/storage\/webdisco\/2024\/07\/29\/886x590\/d46d03f5178de44c94f3cab72dce0778.jpg\" rel=\"lightbox\" data-title=\"L\u00edder do Governo na AL, o deputado estadual Dilmar Dal\u2019Bosco, tamb\u00e9m estuda sair do Uni\u00e3o\"><img loading=\"lazy\" decoding=\"async\" id=\"img_conteudo\" class=\"img-responsive\" src=\"https:\/\/www.midianews.com.br\/\/storage\/webdisco\/2024\/07\/29\/438x291\/d46d03f5178de44c94f3cab72dce0778.jpg\" alt=\"L\u00edder do Governo na AL, o deputado estadual Dilmar Dal\u2019Bosco, tamb\u00e9m estuda sair do Uni\u00e3o\" width=\"438\" height=\"292\" border=\"0\" \/><\/a><\/p>\n<p class=\"descricao_foto\">L\u00edder do Governo na AL, o deputado estadual Dilmar Dal\u2019Bosco, tamb\u00e9m estuda sair do Uni\u00e3o<\/p>\n<\/div>\n<\/div>\n<div class=\"Font14Bold\">VIT\u00d3RIA GOMES E C\u00cdNTIA BORGES<br \/>\nDA REDA\u00c7\u00c3O<\/div>\n<div id=\"texto\" class=\"texto\">\n<p>L\u00edder do Governo na Assembleia Legislativa, o deputado estadual Dilmar Dal\u2019Bosco (Uni\u00e3o) admitiu estar preocupado com a forma\u00e7\u00e3o de chapas para deputado federal e estadual da federa\u00e7\u00e3o Uni\u00e3o Progressista, composta pelo PP e Uni\u00e3o Brasil.<\/p>\n<p>&nbsp;<\/p>\n<div class=\"quote-wrapper right\">\n<div class=\"quote-img-wrapper right\"><img decoding=\"async\" class=\"quote-img right\" src=\"https:\/\/www.midianews.com.br\/images\/aspas_right.gif\" \/><\/div>\n<h2 class=\"quote-content\">Quando voc\u00ea tem cinco lideran\u00e7as, todos os deputados que tiveram bons resultados l\u00e1 em 2022, a pessoa que est\u00e1 ingressando nova analisa<\/h2>\n<\/div>\n<p>A federa\u00e7\u00e3o entre os partidos reacendeu a disputa interna por espa\u00e7o pol\u00edtico e eleitoral por causa da elei\u00e7\u00e3o de 2026, principalmente em rela\u00e7\u00e3o ao Uni\u00e3o Brasil, que hoje j\u00e1 tem quatro cadeiras na Assembleia Legislativa e duas na C\u00e2mara Federal.<\/p>\n<p>&nbsp;<\/p>\n<p>Para Dilmar, este cen\u00e1rio pode afastar filiados para a composi\u00e7\u00e3o das chapas, j\u00e1 que pode atrapalhar os planos de reelei\u00e7\u00e3o e de ascens\u00e3o de novos pol\u00edticos.<\/p>\n<p>&nbsp;<\/p>\n<p>\u201cMe preocupa a maneira que o partido hoje est\u00e1 na composi\u00e7\u00e3o de chapas proporcionais, tanto para a candidatura de deputado estadual como deputado federal\u201d, disse \u00e0 imprensa.<\/p>\n<div id=\"taboola-mid-article-thumbnails\" class=\"trc_related_container tbl-trecs-container trc_spotlight_widget trc_elastic trc_elastic_alternating-thumbnails-a-mid-article\" data-placement-name=\"Mid Article Thumbnails\">\n<div class=\"trc_rbox_container\">\n<div>\n<div id=\"trc_wrapper_165519941\" class=\"trc_rbox alternating-thumbnails-a-mid-article trc-content-hybrid\">\n<div id=\"trc_header_165519941\" class=\"trc_rbox_header trc_rbox_border_elm\">\n<div class=\"trc_header_ext\"><\/div>\n<\/div>\n<\/div>\n<\/div>\n<\/div>\n<\/div>\n<p>\u201cPorque quando voc\u00ea tem cinco lideran\u00e7as, todos os deputados que tiveram bons resultados l\u00e1 em 2022, a pessoa que est\u00e1 ingressando nova analisa. Muitas vezes ele quer migrar para um partido que ele tem uma condi\u00e7\u00e3o eleitoral um pouco melhor que est\u00e1 hoje no Uni\u00e3o Brasil\u201d, afirmou.<\/p>\n<p>&nbsp;<\/p>\n<p>O pr\u00f3prio Dilmar, apesar de ser uma das principais lideran\u00e7as do Uni\u00e3o Brasil, j\u00e1 admitiu que est\u00e1 praticamente fora do partido e deve tentar a reelei\u00e7\u00e3o filiado ao PRD, que \u00e9 uma sigla nova e ainda com poucos nomes de peso em sua composi\u00e7\u00e3o.<\/p>\n<p>&nbsp;<\/p>\n<p>Al\u00e9m do deputado, \u00e9 esperada a sa\u00edda de outros nomes do partido, como do deputado federal Coronel Assis, que deve migrar para o PL, e o deputado estadual Beto Dois a Um, que \u00e9 cotado para ir para o Podemos.<\/p>\n<p>&nbsp;<\/p>\n<p>Dilmar defendeu ser necess\u00e1ria uma presen\u00e7a maior da dire\u00e7\u00e3o do partido para poder organizar as chapas e conseguir trazer os nomes para compor com a federa\u00e7\u00e3o.<\/p>\n<p>&nbsp;<\/p>\n<p>\u201cTem que ter a\u00ed uma presen\u00e7a do governador Mauro Mendes, que \u00e9 o presidente do nosso partido, do senador Jayme Campos, que \u00e9 vice-presidente . Acho que n\u00f3s temos que fazer uma composi\u00e7\u00e3o boa para ver como fica o Uni\u00e3o Brasil com a vinda do Progressistas e como que vai ficar a elei\u00e7\u00e3o de 2026\u201d, pontuou.<\/p>\n<\/div>\n<\/div>\n<\/section>\n","protected":false},"excerpt":{"rendered":"<p>O deputado citou a dificuldade para trazer novos filiados; ele cobrou mais a\u00e7\u00e3o da dire\u00e7\u00e3o<\/p>\n","protected":false},"author":2,"featured_media":56151,"comment_status":"open","ping_status":"open","sticky":false,"template":"","format":"standard","meta":{"footnotes":""},"categories":[13,2],"tags":[1206],"aioseo_notices":[],"_links":{"self":[{"href":"https:\/\/portalnewsgta.com.br\/index.php\/wp-json\/wp\/v2\/posts\/56150"}],"collection":[{"href":"https:\/\/portalnewsgta.com.br\/index.php\/wp-json\/wp\/v2\/posts"}],"about":[{"href":"https:\/\/portalnewsgta.com.br\/index.php\/wp-json\/wp\/v2\/types\/post"}],"author":[{"embeddable":true,"href":"https:\/\/portalnewsgta.com.br\/index.php\/wp-json\/wp\/v2\/users\/2"}],"replies":[{"embeddable":true,"href":"https:\/\/portalnewsgta.com.br\/index.php\/wp-json\/wp\/v2\/comments?post=56150"}],"version-history":[{"count":1,"href":"https:\/\/portalnewsgta.com.br\/index.php\/wp-json\/wp\/v2\/posts\/56150\/revisions"}],"predecessor-version":[{"id":56152,"href":"https:\/\/portalnewsgta.com.br\/index.php\/wp-json\/wp\/v2\/posts\/56150\/revisions\/56152"}],"wp:featuredmedia":[{"embeddable":true,"href":"https:\/\/portalnewsgta.com.br\/index.php\/wp-json\/wp\/v2\/media\/56151"}],"wp:attachment":[{"href":"https:\/\/portalnewsgta.com.br\/index.php\/wp-json\/wp\/v2\/media?parent=56150"}],"wp:term":[{"taxonomy":"category","embeddable":true,"href":"https:\/\/portalnewsgta.com.br\/index.php\/wp-json\/wp\/v2\/categories?post=56150"},{"taxonomy":"post_tag","embeddable":true,"href":"https:\/\/portalnewsgta.com.br\/index.php\/wp-json\/wp\/v2\/tags?post=56150"}],"curies":[{"name":"wp","href":"https:\/\/api.w.org\/{rel}","templated":true}]}}