{"id":56144,"date":"2025-06-09T08:27:49","date_gmt":"2025-06-09T11:27:49","guid":{"rendered":"https:\/\/portalnewsgta.com.br\/?p=56144"},"modified":"2025-06-09T08:27:49","modified_gmt":"2025-06-09T11:27:49","slug":"dilmar-questiona-mudanca-de-janaina-sera-que-e-so-eleicao","status":"publish","type":"post","link":"https:\/\/portalnewsgta.com.br\/index.php\/2025\/06\/09\/dilmar-questiona-mudanca-de-janaina-sera-que-e-so-eleicao\/","title":{"rendered":"Dilmar questiona mudan\u00e7a de Janaina: \u201cSer\u00e1 que \u00e9 s\u00f3 elei\u00e7\u00e3o?\u201d"},"content":{"rendered":"<section class=\"FullLine\">\n<div class=\"conteudo\">\n<h3>O deputado destacou que antes Janaina sempre exaltava o Poder Executivo<\/h3>\n<\/div>\n<\/section>\n<section>\n<div class=\"FullLine\">\n<div class=\"conteudo_foto\">\n<div class=\"imgcontent\">\n<p class=\"credito_foto\">JLSiqueira\/ ALMT<\/p>\n<p><a href=\"https:\/\/www.midianews.com.br\/\/storage\/webdisco\/2022\/12\/12\/886x590\/11c9e0203275a412286695f184374556.jpg\" rel=\"lightbox\" data-title=\"L\u00edder do Governo na AL, o deputado estadual Dilmar Dal\u2019Bosco\"><img loading=\"lazy\" decoding=\"async\" id=\"img_conteudo\" class=\"img-responsive\" src=\"https:\/\/www.midianews.com.br\/\/storage\/webdisco\/2022\/12\/12\/438x291\/11c9e0203275a412286695f184374556.jpg\" alt=\"L\u00edder do Governo na AL, o deputado estadual Dilmar Dal\u2019Bosco\" width=\"438\" height=\"292\" border=\"0\" \/><\/a><\/p>\n<p class=\"descricao_foto\">L\u00edder do Governo na AL, o deputado estadual Dilmar Dal\u2019Bosco<\/p>\n<\/div>\n<\/div>\n<div class=\"Font14Bold\">VIT\u00d3RIA GOMES E C\u00cdNTIA BORGES<br \/>\nDA REDA\u00c7\u00c3O<\/div>\n<div id=\"texto\" class=\"texto\">\n<p>L\u00edder do Governo na Assembleia Legislativa, o deputado estadual Dilmar Dal\u2019Bosco questionou a mudan\u00e7a de atitude da deputada Janaina Rive (MDB) em rela\u00e7\u00e3o ao Governo do Estado.<\/p>\n<p>&nbsp;<\/p>\n<div class=\"quote-wrapper right\">\n<div class=\"quote-img-wrapper right\"><img decoding=\"async\" class=\"quote-img right\" src=\"https:\/\/www.midianews.com.br\/images\/aspas_right.gif\" \/><\/div>\n<h2 class=\"quote-content\">O Estado fez muito. O Estado dobrou a malha vi\u00e1ria dentro de Mato Grosso. Quer dizer, agora n\u00e3o \u00e9 bom?<\/h2>\n<\/div>\n<p>Ap\u00f3s anos sendo base do governador Mauro Mendes (Uni\u00e3o), a deputada passou a integrar a oposi\u00e7\u00e3o ao Executivo nos \u00faltimos meses.<\/p>\n<p>&nbsp;<\/p>\n<p>O embate entre Janaina e o Pal\u00e1cio Paiagu\u00e1s come\u00e7ou ap\u00f3s ela acusar o chefe da Casa Civil, F\u00e1bio Garcia (Uni\u00e3o), de persegui\u00e7\u00e3o pol\u00edtica envolvendo o pagamento de suas emendas parlamentares.<\/p>\n<p>&nbsp;<\/p>\n<p>\u201cEu n\u00e3o sou de criticar, sou de construir. Conversei com a deputada, conversei com o pr\u00f3prio secret\u00e1rio-chefe da Casa Civil e eu n\u00e3o sei realmente O que est\u00e1 levando para essa atitude. Ser\u00e1 que \u00e9 s\u00f3 a elei\u00e7\u00e3o 2026?\u201d, questionou Dilmar.<\/p>\n<div id=\"taboola-mid-article-thumbnails\" class=\"trc_related_container tbl-trecs-container trc_spotlight_widget trc_elastic trc_elastic_alternating-thumbnails-a-mid-article\" data-placement-name=\"Mid Article Thumbnails\">\n<div class=\"trc_rbox_container\">\n<div>\n<div id=\"trc_wrapper_4162255205\" class=\"trc_rbox alternating-thumbnails-a-mid-article trc-content-hybrid\">\n<div id=\"trc_header_4162255205\" class=\"trc_rbox_header trc_rbox_border_elm\">\n<div class=\"trc_header_ext\"><\/div>\n<\/div>\n<\/div>\n<\/div>\n<\/div>\n<\/div>\n<p>&nbsp;<\/p>\n<p>A fala do deputado remete ao poss\u00edvel embate entre Mendes e Janaina no pr\u00f3ximo anos, j\u00e1 que ambos devem disputar vaga no Senado Federal.<\/p>\n<p>&nbsp;<\/p>\n<p>O deputado ainda foi perguntado se como l\u00edder de Mendes na Assembleia tentou remediar a situa\u00e7\u00e3o com Janaina, por\u00e9m disse que n\u00e3o se envolveu por se tratar de uma rixa pessoal da parlamentar.<\/p>\n<p>&nbsp;<\/p>\n<p>Ainda falando sobre a mudan\u00e7a de posicionamento da deputada, Dilmar alfinetou Janaina lembrando que ela era quem sempre exaltava o Governo do Estado.<\/p>\n<p>&nbsp;<\/p>\n<p>\u201cAcho que \u00e9 coisa pessoal. Eu n\u00e3o tenho como fazer lideran\u00e7a em cima de assuntos pessoais de uma pessoa que fala muitas vezes do Governo quando recentemente destacava o Governo em todas as obras\u201d, disse.<\/p>\n<p>&nbsp;<\/p>\n<p>Dilmar tamb\u00e9m exaltou outros feitos do governador Mauro Mendes e lembrou da gest\u00e3o do ex-governador Silval Barbosa, que era do mesmo partido de Janaina e protagonizou um dos maiores esc\u00e2ndalos de corrup\u00e7\u00e3o durante sua passagem pelo Pal\u00e1cio Paiagu\u00e1s.<\/p>\n<p>&nbsp;<\/p>\n<p>\u201cO Estado fez muito. O Estado dobrou a malha vi\u00e1ria dentro de Mato Grosso. Quer dizer, agora n\u00e3o \u00e9 bom? O Governo que economiza 20% da receita corrente l\u00edquida para investimento em pontos de concreto, em obras estruturantes, em hospitais regionais sendo constru\u00eddo\u201d, disse.<\/p>\n<p>&nbsp;<\/p>\n<p>\u201cO Governo do MDB era melhor quando teve todos os esc\u00e2ndalos a\u00ed dentro do Estado de Mato Grosso? Ent\u00e3o, n\u00f3s temos que analisar\u201d.<\/p>\n<\/div>\n<\/div>\n<\/section>\n","protected":false},"excerpt":{"rendered":"<p>O deputado destacou que antes Janaina sempre exaltava o Poder Executivo JLSiqueira\/ ALMT L\u00edder do<\/p>\n","protected":false},"author":2,"featured_media":56145,"comment_status":"open","ping_status":"open","sticky":false,"template":"","format":"standard","meta":{"footnotes":""},"categories":[13,2],"tags":[],"aioseo_notices":[],"_links":{"self":[{"href":"https:\/\/portalnewsgta.com.br\/index.php\/wp-json\/wp\/v2\/posts\/56144"}],"collection":[{"href":"https:\/\/portalnewsgta.com.br\/index.php\/wp-json\/wp\/v2\/posts"}],"about":[{"href":"https:\/\/portalnewsgta.com.br\/index.php\/wp-json\/wp\/v2\/types\/post"}],"author":[{"embeddable":true,"href":"https:\/\/portalnewsgta.com.br\/index.php\/wp-json\/wp\/v2\/users\/2"}],"replies":[{"embeddable":true,"href":"https:\/\/portalnewsgta.com.br\/index.php\/wp-json\/wp\/v2\/comments?post=56144"}],"version-history":[{"count":1,"href":"https:\/\/portalnewsgta.com.br\/index.php\/wp-json\/wp\/v2\/posts\/56144\/revisions"}],"predecessor-version":[{"id":56146,"href":"https:\/\/portalnewsgta.com.br\/index.php\/wp-json\/wp\/v2\/posts\/56144\/revisions\/56146"}],"wp:featuredmedia":[{"embeddable":true,"href":"https:\/\/portalnewsgta.com.br\/index.php\/wp-json\/wp\/v2\/media\/56145"}],"wp:attachment":[{"href":"https:\/\/portalnewsgta.com.br\/index.php\/wp-json\/wp\/v2\/media?parent=56144"}],"wp:term":[{"taxonomy":"category","embeddable":true,"href":"https:\/\/portalnewsgta.com.br\/index.php\/wp-json\/wp\/v2\/categories?post=56144"},{"taxonomy":"post_tag","embeddable":true,"href":"https:\/\/portalnewsgta.com.br\/index.php\/wp-json\/wp\/v2\/tags?post=56144"}],"curies":[{"name":"wp","href":"https:\/\/api.w.org\/{rel}","templated":true}]}}