{"id":56140,"date":"2025-06-09T08:26:54","date_gmt":"2025-06-09T11:26:54","guid":{"rendered":"https:\/\/portalnewsgta.com.br\/?p=56140"},"modified":"2025-06-09T08:26:54","modified_gmt":"2025-06-09T11:26:54","slug":"jayme-diz-que-nao-vai-impor-candidatura-e-defende-construcao","status":"publish","type":"post","link":"https:\/\/portalnewsgta.com.br\/index.php\/2025\/06\/09\/jayme-diz-que-nao-vai-impor-candidatura-e-defende-construcao\/","title":{"rendered":"Jayme diz que n\u00e3o vai impor candidatura e defende constru\u00e7\u00e3o"},"content":{"rendered":"<section class=\"FullLine\">\n<div class=\"conteudo\">\n<h3>O senador disse que sua candidatura no ano que vem vai depender da vontade do povo e do partido<\/h3>\n<\/div>\n<\/section>\n<section>\n<div class=\"FullLine\">\n<div class=\"conteudo_foto\">\n<div class=\"imgcontent\">\n<p class=\"credito_foto\">Victor Ostetti\/MidiaNews<\/p>\n<p><a href=\"https:\/\/www.midianews.com.br\/\/storage\/webdisco\/2024\/12\/16\/886x590\/eb310e74593a11723b6e3086ead6ba89.jpg\" rel=\"lightbox\" data-title=\"O senador Jayme Campos, que \u00e9 cogitado como candidato a governador\"><img loading=\"lazy\" decoding=\"async\" id=\"img_conteudo\" class=\"img-responsive\" src=\"https:\/\/www.midianews.com.br\/\/storage\/webdisco\/2024\/12\/16\/438x291\/eb310e74593a11723b6e3086ead6ba89.jpg\" alt=\"O senador Jayme Campos, que \u00e9 cogitado como candidato a governador\" width=\"438\" height=\"292\" border=\"0\" \/><\/a><\/p>\n<p class=\"descricao_foto\">O senador Jayme Campos, que \u00e9 cogitado como candidato a governador<\/p>\n<\/div>\n<\/div>\n<div class=\"Font14Bold\">VIT\u00d3RIA GOMES E C\u00cdNTIA BORGES<br \/>\nDA REDA\u00c7\u00c3O<\/div>\n<div id=\"texto\" class=\"texto\">\n<p>O senador Jayme Campos (Uni\u00e3o) afirmou que n\u00e3o vai impor seu nome ao partido para disputar como candidato ao Governo do Estado na elei\u00e7\u00e3o de 2026.<\/p>\n<p>&nbsp;<\/p>\n<div class=\"quote-wrapper right\">\n<div class=\"quote-img-wrapper right\"><img decoding=\"async\" class=\"quote-img right\" src=\"https:\/\/www.midianews.com.br\/images\/aspas_right.gif\" \/><\/div>\n<h2 class=\"quote-content\">Nenhuma candidatura \u00e9 bem sucedida de forma imposta, voc\u00ea tem que construir com respeito e, com certeza, respeitando tamb\u00e9m as opini\u00f5es<\/h2>\n<\/div>\n<p>Desde o ano passado,\u00a0 Jayme tem demonstrado interesse pela sucess\u00e3o do governador Mauro Mendes (Uni\u00e3o). Em uma das declara\u00e7\u00f5es, chegou a dizer que ainda tinha &#8220;caf\u00e9 no bule&#8221; para disputar Governo.<\/p>\n<p>&nbsp;<\/p>\n<p>No entanto, ao ser questionado sobre a poss\u00edvel candidatura, na \u00faltima semana, o senador negou que tenha o desejo de ser governador novamente.<\/p>\n<p>&nbsp;<\/p>\n<p>\u201cEu nunca disse que quero ser [candidato]. Nenhuma candidatura pode ser imposta. As vit\u00f3rias que tive em seis mandatos foi constru\u00eddo com um bom grupo de aliados, com boa coliga\u00e7\u00f5es partid\u00e1rias&#8221;.<\/p>\n<div id=\"taboola-mid-article-thumbnails\" class=\"trc_related_container tbl-trecs-container trc_spotlight_widget trc_elastic trc_elastic_alternating-thumbnails-a-mid-article\" data-placement-name=\"Mid Article Thumbnails\">\n<div class=\"trc_rbox_container\">\n<div>\n<div id=\"trc_wrapper_6762076389\" class=\"trc_rbox alternating-thumbnails-a-mid-article trc-content-hybrid\">\n<div id=\"trc_header_6762076389\" class=\"trc_rbox_header trc_rbox_border_elm\">\n<div class=\"trc_header_ext\"><\/div>\n<\/div>\n<\/div>\n<\/div>\n<\/div>\n<\/div>\n<p>&nbsp;<\/p>\n<p>&#8220;Nenhuma candidatura \u00e9 bem sucedida de forma imposta, voc\u00ea tem que construir com respeito e, com certeza, respeitando tamb\u00e9m as opini\u00f5es\u201d, afirmou \u00e0 imprensa.<\/p>\n<p>&nbsp;<\/p>\n<p>Jayme tamb\u00e9m foi perguntado sobre o apoio declarado de Mendes \u00e0 pr\u00e9-candidatura de seu vice, Otaviano Pivetta (Republicanos). Para o senador, \u00e9 um direito do governador externar apoio pessoal para a elei\u00e7\u00e3o.<\/p>\n<p>&nbsp;<\/p>\n<p>Por\u00e9m, adiantou que o posicionamento de Mendes n\u00e3o necessariamente vai refletir o do Uni\u00e3o Brasil. Jayme acredita que o partido deve chegar a um consenso sobre a candidatura ao Governo, seja para ter um nome pr\u00f3prio ou para fazer uma coliga\u00e7\u00e3o.<\/p>\n<p>&nbsp;<\/p>\n<p>\u201cAt\u00e9 ent\u00e3o essa proposta n\u00e3o trouxe a n\u00edvel de partido, o partido \u00e9 composto por diret\u00f3rios municipais, a sua milit\u00e2ncia, os vereadores, os prefeitos, o vice-prefeito, deputado estadual, deputado federal, senador da Rep\u00fablica. Ser\u00e1 que ningu\u00e9m ter\u00e1 o direito de fazer nenhuma opini\u00e3o?\u201d, questionou.<\/p>\n<p>&nbsp;<\/p>\n<p><strong>Vontade do povo<\/strong><\/p>\n<p>&nbsp;<\/p>\n<p>Jayme adiantou que sua escolha por se candidatar ao governo ou tentar a reelei\u00e7\u00e3o no ano que vem vai depender do que os mato-grossenses v\u00e3o querer.<\/p>\n<p>&nbsp;<\/p>\n<p>Ele lembrou que ao longo de sua carreira pol\u00edtica, toda vez que disputou um pleito, suas candidaturas \u201cemergiram do povo\u201d. Essa dever\u00e1 ser sua postura para a elei\u00e7\u00e3o de 2026 tamb\u00e9m.<\/p>\n<p>&nbsp;<\/p>\n<p>\u201cPode fazer um levantamento no hist\u00f3rico da minha vida, ou seja, minha trajet\u00f3ria pol\u00edtica, a minha candidatura foi constru\u00edda com o povo. N\u00e3o \u00e9 a candidatura imposta muitas vezes por meia d\u00fazia de cidad\u00e3os que acha que \u00e9 melhor, que acha que \u00e9 dono do partido, ou que acha que \u00e9 dono do Mato Grosso\u201d.<\/p>\n<p>&nbsp;<\/p>\n<p><strong>Veja v\u00eddeo:<\/strong><\/p>\n<div style=\"width: 480px;\" class=\"wp-video\"><!--[if lt IE 9]><script>document.createElement('video');<\/script><![endif]-->\n<video class=\"wp-video-shortcode\" id=\"video-56140-1\" width=\"480\" height=\"848\" preload=\"metadata\" controls=\"controls\"><source type=\"video\/mp4\" src=\"https:\/\/portalnewsgta.com.br\/wp-content\/uploads\/2025\/06\/91ea22d0cd9e3adec17db7e204e3ca12.mp4?_=1\" \/><a href=\"https:\/\/portalnewsgta.com.br\/wp-content\/uploads\/2025\/06\/91ea22d0cd9e3adec17db7e204e3ca12.mp4\">https:\/\/portalnewsgta.com.br\/wp-content\/uploads\/2025\/06\/91ea22d0cd9e3adec17db7e204e3ca12.mp4<\/a><\/video><\/div>\n<\/div>\n<\/div>\n<\/section>\n","protected":false},"excerpt":{"rendered":"<p>O senador disse que sua candidatura no ano que vem vai depender da vontade do<\/p>\n","protected":false},"author":2,"featured_media":56141,"comment_status":"open","ping_status":"open","sticky":false,"template":"","format":"standard","meta":{"footnotes":""},"categories":[13,2],"tags":[1204],"aioseo_notices":[],"_links":{"self":[{"href":"https:\/\/portalnewsgta.com.br\/index.php\/wp-json\/wp\/v2\/posts\/56140"}],"collection":[{"href":"https:\/\/portalnewsgta.com.br\/index.php\/wp-json\/wp\/v2\/posts"}],"about":[{"href":"https:\/\/portalnewsgta.com.br\/index.php\/wp-json\/wp\/v2\/types\/post"}],"author":[{"embeddable":true,"href":"https:\/\/portalnewsgta.com.br\/index.php\/wp-json\/wp\/v2\/users\/2"}],"replies":[{"embeddable":true,"href":"https:\/\/portalnewsgta.com.br\/index.php\/wp-json\/wp\/v2\/comments?post=56140"}],"version-history":[{"count":1,"href":"https:\/\/portalnewsgta.com.br\/index.php\/wp-json\/wp\/v2\/posts\/56140\/revisions"}],"predecessor-version":[{"id":56143,"href":"https:\/\/portalnewsgta.com.br\/index.php\/wp-json\/wp\/v2\/posts\/56140\/revisions\/56143"}],"wp:featuredmedia":[{"embeddable":true,"href":"https:\/\/portalnewsgta.com.br\/index.php\/wp-json\/wp\/v2\/media\/56141"}],"wp:attachment":[{"href":"https:\/\/portalnewsgta.com.br\/index.php\/wp-json\/wp\/v2\/media?parent=56140"}],"wp:term":[{"taxonomy":"category","embeddable":true,"href":"https:\/\/portalnewsgta.com.br\/index.php\/wp-json\/wp\/v2\/categories?post=56140"},{"taxonomy":"post_tag","embeddable":true,"href":"https:\/\/portalnewsgta.com.br\/index.php\/wp-json\/wp\/v2\/tags?post=56140"}],"curies":[{"name":"wp","href":"https:\/\/api.w.org\/{rel}","templated":true}]}}