{"id":56137,"date":"2025-06-09T08:24:32","date_gmt":"2025-06-09T11:24:32","guid":{"rendered":"https:\/\/portalnewsgta.com.br\/?p=56137"},"modified":"2025-06-09T08:24:32","modified_gmt":"2025-06-09T11:24:32","slug":"pagot-ressurge-e-disputara-2026","status":"publish","type":"post","link":"https:\/\/portalnewsgta.com.br\/index.php\/2025\/06\/09\/pagot-ressurge-e-disputara-2026\/","title":{"rendered":"Pagot ressurge e disputar\u00e1 2026"},"content":{"rendered":"<div class=\"col-xs-12 col-sm-12 col-md-12 col-lg-12 mb10\">\n<div class=\"row\">\n<div class=\"col-xs-12 col-sm-12 col-md-12 col-lg-12 mb15\">\n<div class=\"row\">\n<div class=\"col-xs-12 col-sm-11 col-md-11 col-lg-11 autorer\"><span class=\"autores_fontes_nome\">\u00e1rbara S\u00e1<\/span><\/p>\n<p class=\"autores_fontes_email\">redacao@gazetadigital.com.br<\/p>\n<\/div>\n<\/div>\n<\/div>\n<\/div>\n<\/div>\n<div class=\"col-xs-12 col-sm-12 col-md-12 col-lg-12 mb30\">\n<p class=\"credito-1\">Chico Ferreira<\/p>\n<p><span class=\"img-conteudo pull-left\"><a href=\"https:\/\/www.gazetadigital.com.br\/storage\/webdisco\/2019\/09\/10\/1200x900\/f948ed055e268d2930a0cc00f1155a57.jpg\" data-fancybox=\"gallery\" data-caption=\"Chico Ferreira \"><img decoding=\"async\" src=\"https:\/\/www.gazetadigital.com.br\/storage\/webdisco\/2019\/09\/10\/431x285\/f948ed055e268d2930a0cc00f1155a57.jpg\" alt=\"Chico Ferreira \" \/><\/a><\/span><\/p>\n<p class=\"img-conteudo-desc\">\n<div id=\"text-content\" class=\"mb20\">\n<p>O PRD vai lan\u00e7ar o exdiretor do Dnit, Luiz Ant\u00f4nio Pagot, ao Senado por Mato Grosso. Ex-bra\u00e7o direito de Blairo Maggi (PP), Pagot se torna o segundo nome majorit\u00e1rio do partido, que tamb\u00e9m apoiar\u00e1 a candidatura de Mauro Mendes (Uni\u00e3o) ao Senado. De acordo com o presidente estadual da sigla, Mauro Carvalho, o foco est\u00e1 no fortalecimento da chapa proporcional e no apoio ao nome de Otaviano Pivetta (Republicanos) para o governo estadual.<\/p>\n<p>&nbsp;<\/p>\n<p>\u201cAqui em Mato Grosso vamos apoiar o Pivetta ao governo e o Mauro Mendes para o Senado. E teremos mais uma vaga, pretendemos lan\u00e7ar o Luiz Ant\u00f4nio Pagot ao Senado\u201d, afirmou Carvalho. Segundo ele, o ex-diretor re\u00fane todas as condi\u00e7\u00f5es para disputar o cargo. \u201cEle possui experi\u00eancia e expertise pol\u00edtica para ser candidato no cargo que quiser. E vamos lan\u00e7\u00e1-lo ao Senado.\u201d<\/p>\n<p>&nbsp;<\/p>\n<p>Pagot, que comandou o Departamento Nacional de Infraestrutura de Transportes (Dnit), ganhou notoriedade nacional ap\u00f3s den\u00fancias de corrup\u00e7\u00e3o durante o governo Dilma Rousseff. Ele foi acusado de envolvimento em esquema de extors\u00e3o em contratos para financiar campanhas eleitorais, sendo um dos alvos da chamada \u201cfaxina \u00e9tica\u201d.<\/p>\n<p>&nbsp;<\/p>\n<p>Com sua pr\u00e9-candidatura, o grupo pol\u00edtico de Blairo Maggi passa a ter mais um afilhado na corrida ao Senado, ao lado de Mauro Mendes, do senador Carlos F\u00e1varo (PSD) e da senadora Margareth Buzetti (PSD). Al\u00e9m disso, o ex-senador Cidinho Santos \u2014 aliado de longa data de Blairo \u2014 atua como principal articulador do grupo do governador, com influ\u00eancia direta nas decis\u00f5es que envolvem as candidaturas majorit\u00e1rias e na condu\u00e7\u00e3o das negocia\u00e7\u00f5es com outras siglas.<\/p>\n<p>&nbsp;<\/p>\n<p>Mesmo com o avan\u00e7o das tratativas em Bras\u00edlia para a federa\u00e7\u00e3o entre PRD e Solidariedade, os diret\u00f3rios estaduais garantem que ter\u00e3o autonomia para conduzir suas estrat\u00e9gias eleitorais. \u201cA federa\u00e7\u00e3o com o Solidariedade n\u00e3o vai interferir em nada. Com o Solidariedade vamos ver os nomes para compor a chapa de estadual e federal\u201d, refor\u00e7ou Mauro Carvalho.<\/p>\n<p>&nbsp;<\/p>\n<p>Ele destacou ainda que o PRD tem hoje cerca de 10 mil filiados em Mato Grosso e que algumas defini\u00e7\u00f5es ainda dependem do cen\u00e1rio nacional. \u201cO presidente do Solidariedade, Marco Aur\u00e9lio, me ligou para falar sobre o assunto, mas com o adiamento da reuni\u00e3o em Bras\u00edlia, vou esperar o fim das tratativas. Mas \u00e9 99,9% de que vai ser conclu\u00edda.\u201d<\/p>\n<p>&nbsp;<\/p>\n<p>O presidente do Solidariedade em Mato Grosso, Marco Aur\u00e9lio Coelho, confirmou que participar\u00e1 da reuni\u00e3o que oficializar\u00e1 a federa\u00e7\u00e3o. \u201cIsso \u00e9 uma nova reformula\u00e7\u00e3o e se faz necess\u00e1rio. Vejo com bons olhos porque s\u00e3o dois partidos que n\u00e3o sofreram desgaste. Temos hoje cerca de 13 mil filiados. Vai ser uma adapta\u00e7\u00e3o, mas devemos caminhar para o mesmo lado\u201d, afirmou.<\/p>\n<\/div>\n<\/div>\n","protected":false},"excerpt":{"rendered":"<p>\u00e1rbara S\u00e1 redacao@gazetadigital.com.br Chico Ferreira O PRD vai lan\u00e7ar o exdiretor do Dnit, Luiz Ant\u00f4nio<\/p>\n","protected":false},"author":2,"featured_media":56138,"comment_status":"open","ping_status":"open","sticky":false,"template":"","format":"standard","meta":{"footnotes":""},"categories":[13,2],"tags":[138],"aioseo_notices":[],"_links":{"self":[{"href":"https:\/\/portalnewsgta.com.br\/index.php\/wp-json\/wp\/v2\/posts\/56137"}],"collection":[{"href":"https:\/\/portalnewsgta.com.br\/index.php\/wp-json\/wp\/v2\/posts"}],"about":[{"href":"https:\/\/portalnewsgta.com.br\/index.php\/wp-json\/wp\/v2\/types\/post"}],"author":[{"embeddable":true,"href":"https:\/\/portalnewsgta.com.br\/index.php\/wp-json\/wp\/v2\/users\/2"}],"replies":[{"embeddable":true,"href":"https:\/\/portalnewsgta.com.br\/index.php\/wp-json\/wp\/v2\/comments?post=56137"}],"version-history":[{"count":1,"href":"https:\/\/portalnewsgta.com.br\/index.php\/wp-json\/wp\/v2\/posts\/56137\/revisions"}],"predecessor-version":[{"id":56139,"href":"https:\/\/portalnewsgta.com.br\/index.php\/wp-json\/wp\/v2\/posts\/56137\/revisions\/56139"}],"wp:featuredmedia":[{"embeddable":true,"href":"https:\/\/portalnewsgta.com.br\/index.php\/wp-json\/wp\/v2\/media\/56138"}],"wp:attachment":[{"href":"https:\/\/portalnewsgta.com.br\/index.php\/wp-json\/wp\/v2\/media?parent=56137"}],"wp:term":[{"taxonomy":"category","embeddable":true,"href":"https:\/\/portalnewsgta.com.br\/index.php\/wp-json\/wp\/v2\/categories?post=56137"},{"taxonomy":"post_tag","embeddable":true,"href":"https:\/\/portalnewsgta.com.br\/index.php\/wp-json\/wp\/v2\/tags?post=56137"}],"curies":[{"name":"wp","href":"https:\/\/api.w.org\/{rel}","templated":true}]}}