{"id":56134,"date":"2025-06-09T08:23:39","date_gmt":"2025-06-09T11:23:39","guid":{"rendered":"https:\/\/portalnewsgta.com.br\/?p=56134"},"modified":"2025-06-09T08:23:39","modified_gmt":"2025-06-09T11:23:39","slug":"paulo-araujo-projeta-virginia-mendes-a-deputada-federal-e-garante-chapa-para-26","status":"publish","type":"post","link":"https:\/\/portalnewsgta.com.br\/index.php\/2025\/06\/09\/paulo-araujo-projeta-virginia-mendes-a-deputada-federal-e-garante-chapa-para-26\/","title":{"rendered":"Paulo Araujo projeta Virginia Mendes a deputada federal e garante chapa para 26"},"content":{"rendered":"<div class=\"col-xs-12 col-sm-12 col-md-12 col-lg-12 mb10\">\n<div class=\"row\">\n<div class=\"col-xs-12 col-sm-12 col-md-12 col-lg-12 mb15\">\n<div class=\"row\">\n<div class=\"col-xs-12 col-sm-11 col-md-11 col-lg-11 autorer\"><span class=\"autores_fontes_nome\">Fred Moraes e Mariana da Silva<\/span><\/p>\n<p class=\"autores_fontes_email\">redacao@gazetadigital.com.br<\/p>\n<\/div>\n<\/div>\n<\/div>\n<\/div>\n<\/div>\n<div class=\"col-xs-12 col-sm-12 col-md-12 col-lg-12 mb30\">\n<p class=\"credito-1\">Fred Moraes<\/p>\n<p><span class=\"img-conteudo pull-left\"><a href=\"https:\/\/www.gazetadigital.com.br\/storage\/webdisco\/2025\/06\/05\/1200x900\/c055c99836ea7c9ce34434dd18d1f15e.jpg\" data-fancybox=\"gallery\" data-caption=\"Fred Moraes \"><img decoding=\"async\" src=\"https:\/\/www.gazetadigital.com.br\/storage\/webdisco\/2025\/06\/05\/431x285\/c055c99836ea7c9ce34434dd18d1f15e.jpg\" alt=\"Fred Moraes \" \/><\/a><\/span><\/p>\n<p class=\"img-conteudo-desc\">\n<div id=\"text-content\" class=\"mb20\">\n<p>O presidente do Partido Progressista em Mato Grosso, deputado estadual Paulo Ara\u00fajo, avalia com preocupa\u00e7\u00e3o a demora da federa\u00e7\u00e3o Uni\u00e3o Progressista, recentemente formada pelo Uni\u00e3o Brasil com o PP, em suas delibera\u00e7\u00f5es no Estado, principalmente em rela\u00e7\u00e3o \u00e0 chapa para os deputados estaduais. No entanto, o parlamentar garante que as siglas t\u00eam proje\u00e7\u00f5es de eleger ao menos 3 deputados federais no pr\u00f3ximo ano, inclusive com o poss\u00edvel nome da primeira-dama do Estado, Virg\u00ednia Mendes.<\/p>\n<p>&nbsp;<\/p>\n<p>\u201c\u00c9 uma preocupa\u00e7\u00e3o da federa\u00e7\u00e3o com rela\u00e7\u00e3o t\u00e3o somente \u00e0 chapa de estadual, porque a chapa de federal \u00e9 bem poss\u00edvel a\u00ed numa proje\u00e7\u00e3o eleger 3 deputados federais. Temos v\u00e1rios nomes. Para federal n\u00f3s temos muitos. E ainda assim, se confirmar, de fato, que eu acredito muito, a candidatura da primeira-dama, dona Virg\u00ednia, a\u00ed com certeza n\u00f3s vamos eleger 3 deputados federais da federa\u00e7\u00e3o\u201d, comentou.<\/p>\n<p>&nbsp;<\/p>\n<p>Paulo tamb\u00e9m salienta que os filiados esperam um cen\u00e1rio nacional \u201cmais claro\u201d para as delibera\u00e7\u00f5es, mas a preocupa\u00e7\u00e3o da federa\u00e7\u00e3o est\u00e1 mais focada com a chapa de estadual.<\/p>\n<div class=\"row\">\n<div id=\"social-line-right\" class=\"col-xs-12 col-sm-12 col-md-12 col-lg-12 mb15\"><\/div>\n<\/div>\n<p>O parlamentar comentou que as movimenta\u00e7\u00f5es de outras siglas em firmar tamb\u00e9m federa\u00e7\u00f5es t\u00eam deixado os filiados ansiosos, por\u00e9m garante que \u00e9 preciso aguardar defini\u00e7\u00f5es da dire\u00e7\u00e3o nacional antes de tomar decis\u00f5es.<\/p>\n<p>&nbsp;<\/p>\n<p>\u201c\u00c9 uma preocupa\u00e7\u00e3o n\u00e3o s\u00f3 da federa\u00e7\u00e3o, mas de todos os partidos. Na verdade, est\u00e1 todo mundo muito ansioso, porque as delibera\u00e7\u00f5es est\u00e3o vindo de Bras\u00edlia. Essa semana, por exemplo, teve a federa\u00e7\u00e3o do PRD com Solidariedade. Era coisa que n\u00e3o estava no script. E ainda tem mais novas federa\u00e7\u00f5es. A gente est\u00e1 ouvindo falar da federa\u00e7\u00e3o do MDB com Republicanos\u201d, declarou.<\/p>\n<p>&nbsp;<\/p>\n<p>Integrantes da federa\u00e7\u00e3o em Mato Grosso, em especial os filiados ao Uni\u00e3o Brasil, t\u00eam se mostrado descontentes com certa demora para que a sigla \u201cbata o martelo\u201d sobre seus pr\u00e9-candidatos. Enquanto isso, outros partidos tem nomes j\u00e1 lan\u00e7ados a p\u00fablico e inclusive percorrendo o Estado.<\/p>\n<\/div>\n<\/div>\n","protected":false},"excerpt":{"rendered":"<p>Fred Moraes e Mariana da Silva redacao@gazetadigital.com.br Fred Moraes O presidente do Partido Progressista em<\/p>\n","protected":false},"author":2,"featured_media":56135,"comment_status":"open","ping_status":"open","sticky":false,"template":"","format":"standard","meta":{"footnotes":""},"categories":[13,2],"tags":[1203],"aioseo_notices":[],"_links":{"self":[{"href":"https:\/\/portalnewsgta.com.br\/index.php\/wp-json\/wp\/v2\/posts\/56134"}],"collection":[{"href":"https:\/\/portalnewsgta.com.br\/index.php\/wp-json\/wp\/v2\/posts"}],"about":[{"href":"https:\/\/portalnewsgta.com.br\/index.php\/wp-json\/wp\/v2\/types\/post"}],"author":[{"embeddable":true,"href":"https:\/\/portalnewsgta.com.br\/index.php\/wp-json\/wp\/v2\/users\/2"}],"replies":[{"embeddable":true,"href":"https:\/\/portalnewsgta.com.br\/index.php\/wp-json\/wp\/v2\/comments?post=56134"}],"version-history":[{"count":1,"href":"https:\/\/portalnewsgta.com.br\/index.php\/wp-json\/wp\/v2\/posts\/56134\/revisions"}],"predecessor-version":[{"id":56136,"href":"https:\/\/portalnewsgta.com.br\/index.php\/wp-json\/wp\/v2\/posts\/56134\/revisions\/56136"}],"wp:featuredmedia":[{"embeddable":true,"href":"https:\/\/portalnewsgta.com.br\/index.php\/wp-json\/wp\/v2\/media\/56135"}],"wp:attachment":[{"href":"https:\/\/portalnewsgta.com.br\/index.php\/wp-json\/wp\/v2\/media?parent=56134"}],"wp:term":[{"taxonomy":"category","embeddable":true,"href":"https:\/\/portalnewsgta.com.br\/index.php\/wp-json\/wp\/v2\/categories?post=56134"},{"taxonomy":"post_tag","embeddable":true,"href":"https:\/\/portalnewsgta.com.br\/index.php\/wp-json\/wp\/v2\/tags?post=56134"}],"curies":[{"name":"wp","href":"https:\/\/api.w.org\/{rel}","templated":true}]}}