{"id":55814,"date":"2025-06-04T08:03:51","date_gmt":"2025-06-04T11:03:51","guid":{"rendered":"https:\/\/portalnewsgta.com.br\/?p=55814"},"modified":"2025-06-04T08:03:51","modified_gmt":"2025-06-04T11:03:51","slug":"governo-de-mato-grosso-destina-300-pistolas-a-guarda-municipal-de-varzea-grande","status":"publish","type":"post","link":"https:\/\/portalnewsgta.com.br\/index.php\/2025\/06\/04\/governo-de-mato-grosso-destina-300-pistolas-a-guarda-municipal-de-varzea-grande\/","title":{"rendered":"Governo de Mato Grosso destina 300 pistolas \u00e0 Guarda Municipal de V\u00e1rzea Grande"},"content":{"rendered":"<h5>O armamento ser\u00e1 de uso exclusivo da for\u00e7a policial, respons\u00e1vel pelo patrulhamento preventivo em todo o territ\u00f3rio v\u00e1rzea-grandense<\/h5>\n<div>Dana Campos\u00a0|\u00a0Pol\u00edcia Civil-MT<\/div>\n<div>\n<div class=\"full-content\">\n<p>O Governo do Estado de Mato Grosso, por meio da Pol\u00edcia Civil (PC), doou 300 pistolas Taurus PT940, calibre .40 oxidado \u00e0 Prefeitura de V\u00e1rzea Grande, or\u00e7ados em cerca de R$ 1 milh\u00e3o de reais. A solenidade foi realizada na manh\u00e3 desta ter\u00e7a-feira (3.6), na sede da Guarda Municipal (GMVG).<\/p>\n<p>O armamento ser\u00e1 de uso exclusivo da GMVG, institui\u00e7\u00e3o de seguran\u00e7a p\u00fablica, uniformizada e armada, respons\u00e1vel pelo patrulhamento preventivo em todo o territ\u00f3rio do munic\u00edpio de V\u00e1rzea Grande.<\/p>\n<p>Na solenidade, o governador Mauro Mendes destacou sobre a import\u00e2ncia dessa a\u00e7\u00e3o do Governo do Estado em prol da seguran\u00e7a do munic\u00edpio de V\u00e1rzea Grande. \u201cHouve uma \u00e9poca em que n\u00f3s receb\u00edamos doa\u00e7\u00e3o da Uni\u00e3o, hoje temos o orgulho de poder fazer essa doa\u00e7\u00e3o. S\u00e3o armamentos que v\u00e3o contribuir e muito para a seguran\u00e7a da cidade de V\u00e1rzea Grande\u201d, disse Mendes.<\/p>\n<div><picture data-fileentryid=\"72432321\"><source srcset=\"\/o\/adaptive-media\/image\/72432321\/Thumbnail-1024x1024\/WhatsApp+Image+2025-06-03+at+13.31.18+%281%29.jpeg?t=1748972102468\" media=\"(max-width:868px)\" \/><img decoding=\"async\" src=\"https:\/\/www.secom.mt.gov.br\/documents\/d\/pjc\/whatsapp-image-2025-06-03-at-13-31-18-1-jpeg?imageThumbnail=3\" alt=\"\" height=\"267\" \/><\/picture>\n<div id=\"imgCaption_0\" class=\"imgCaption\"><\/div>\n<\/div>\n<p>&nbsp;<\/p>\n<p>A delegada-geral da PC, Daniela Maidel, refor\u00e7ou sobre a import\u00e2ncia desse aporte operacional ao segundo maior munic\u00edpio mato-grossense, que em termos populacionais, possui mais de 300 mil habitantes, segundo o Instituto Brasileiro de Geografia e Estat\u00edstica (IBGE). \u201cMais de um milh\u00e3o de reais em armamento destinado a V\u00e1rzea Grande. Essa importante doa\u00e7\u00e3o refor\u00e7a ainda mais o momento hist\u00f3rico que as for\u00e7as de seguran\u00e7a vem passando de integra\u00e7\u00e3o. \u00c9 uma a\u00e7\u00e3o muito importante que refor\u00e7a essa ideia, esse prop\u00f3sito de reunir for\u00e7a t\u00e9cnica e operacional para a melhoria da qualidade do servi\u00e7o de seguran\u00e7a prestado \u00e0 popula\u00e7\u00e3o. Isso demonstra o compromisso do Governo do Estado em bem servir a sociedade\u201d, destacou Maidel.<\/p>\n<p>Para a prefeita de V\u00e1rzea Grande, Fl\u00e1via Moretti, a entrega do armamento representa um grande avan\u00e7o na pol\u00edtica de seguran\u00e7a do munic\u00edpio. \u201cEsse armamento vai contribuir significativamente para seguran\u00e7a da popula\u00e7\u00e3o e dos pr\u00f3prios agentes na defesa do cidad\u00e3o\u201d, disse.<\/p>\n<p>De acordo com o comandante da GMVG, inspetor Juliano C\u00e9sar Bezerra Lemos, o equipamento j\u00e1 ser\u00e1 empregado de imediato pelos profissionais. \u201cN\u00f3s passamos por capacita\u00e7\u00f5es continuadas. A dificuldade \u00e9 que a gente n\u00e3o tinha armamento suficiente para todos. Agora teremos para todo mundo\u201d, enfatizou.<\/p>\n<p>Al\u00e9m dos representantes do Governo do Estado, da Pol\u00edcia Civil e da Prefeitura de V\u00e1rzea Grande, a solenidade contou com a presen\u00e7a do secret\u00e1rio de Seguran\u00e7a do Estado,\u00a0C\u00e9sar Augusto Roveri, e\u00a0diversas outras autoridades civis e militares da Assembleia Legislativa, da C\u00e2mara de Vereadores de V\u00e1rzea Grande, Pol\u00edcia Militar, dentre outros representantes do com\u00e9rcio e da sociedade civil organizada.<\/p>\n<\/div>\n<\/div>\n","protected":false},"excerpt":{"rendered":"<p>O armamento ser\u00e1 de uso exclusivo da for\u00e7a policial, respons\u00e1vel pelo patrulhamento preventivo em todo<\/p>\n","protected":false},"author":2,"featured_media":55815,"comment_status":"open","ping_status":"open","sticky":false,"template":"","format":"standard","meta":{"footnotes":""},"categories":[13,8],"tags":[947],"aioseo_notices":[],"_links":{"self":[{"href":"https:\/\/portalnewsgta.com.br\/index.php\/wp-json\/wp\/v2\/posts\/55814"}],"collection":[{"href":"https:\/\/portalnewsgta.com.br\/index.php\/wp-json\/wp\/v2\/posts"}],"about":[{"href":"https:\/\/portalnewsgta.com.br\/index.php\/wp-json\/wp\/v2\/types\/post"}],"author":[{"embeddable":true,"href":"https:\/\/portalnewsgta.com.br\/index.php\/wp-json\/wp\/v2\/users\/2"}],"replies":[{"embeddable":true,"href":"https:\/\/portalnewsgta.com.br\/index.php\/wp-json\/wp\/v2\/comments?post=55814"}],"version-history":[{"count":1,"href":"https:\/\/portalnewsgta.com.br\/index.php\/wp-json\/wp\/v2\/posts\/55814\/revisions"}],"predecessor-version":[{"id":55816,"href":"https:\/\/portalnewsgta.com.br\/index.php\/wp-json\/wp\/v2\/posts\/55814\/revisions\/55816"}],"wp:featuredmedia":[{"embeddable":true,"href":"https:\/\/portalnewsgta.com.br\/index.php\/wp-json\/wp\/v2\/media\/55815"}],"wp:attachment":[{"href":"https:\/\/portalnewsgta.com.br\/index.php\/wp-json\/wp\/v2\/media?parent=55814"}],"wp:term":[{"taxonomy":"category","embeddable":true,"href":"https:\/\/portalnewsgta.com.br\/index.php\/wp-json\/wp\/v2\/categories?post=55814"},{"taxonomy":"post_tag","embeddable":true,"href":"https:\/\/portalnewsgta.com.br\/index.php\/wp-json\/wp\/v2\/tags?post=55814"}],"curies":[{"name":"wp","href":"https:\/\/api.w.org\/{rel}","templated":true}]}}